{"id":81874,"date":"2025-12-21T13:01:27","date_gmt":"2025-12-21T13:01:27","guid":{"rendered":"https:\/\/www.europesays.com\/lv\/81874\/"},"modified":"2025-12-21T13:01:27","modified_gmt":"2025-12-21T13:01:27","slug":"vni-par-243-miljoniem-eiro-izsola-bijuso-arodvidusskolas-eku-lacplesa-iela-raksts","status":"publish","type":"post","link":"https:\/\/www.europesays.com\/lv\/81874\/","title":{"rendered":"VN\u012a par 2,43 miljoniem eiro izsola biju\u0161o arodvidusskolas \u0113ku L\u0101\u010dpl\u0113\u0161a iel\u0101 \/ Raksts"},"content":{"rendered":"<p>Valsts AS &#8220;Valsts nekustamie \u012bpa\u0161umi&#8221; (VN\u012a) r\u012bkot\u0101 izsol\u0113 par 2,43 miljoniem eiro p\u0101rdots biju\u0161ais R\u012bgas 13. arodvidusskolas m\u0101c\u012bbu korpuss un dienesta viesn\u012bca L\u0101\u010dpl\u0113\u0161a iel\u0101, R\u012bg\u0101,\u00a0inform\u0113ja VN\u012a.<\/p>\n<p>Nekustamo \u012bpa\u0161umu nosol\u012bjusi juridiska persona.\u00a0\u012apa\u0161uma izsoles s\u0101kuma cena bija 2,42\u00a0miljoni eiro.<\/p>\n<p>\u012apa\u0161um\u0101 L\u0101\u010dpl\u0113\u0161a iel\u0101 106, R\u012bg\u0101, ietilpst zeme 5597 kvadr\u0101tmetru (m2)\u00a0plat\u012bb\u0101 un b\u016bves 6198,4 m2 apjom\u0101. To vid\u016b ietilpst 1964. gad\u0101 celta piecst\u0101vu dienesta viesn\u012bca 3374,6 m2 plat\u012bb\u0101 un 1970. gad\u0101 celts \u010detru st\u0101vu m\u0101c\u012bbu korpuss 2408,7 m2 plat\u012bb\u0101.<\/p>\n<p>P\u0113c Finan\u0161u ministrijas sniegt\u0101s inform\u0101cijas, \u0113k\u0101m nepiecie\u0161ama p\u0101rb\u016bve un siltin\u0101\u0161ana. \u012apa\u0161uma fisk\u0101l\u0101 kadastr\u0101l\u0101 v\u0113rt\u012bba ir 913 052 eiro, bet univers\u0101l\u0101 kadastr\u0101l\u0101 v\u0113rt\u012bba ir 2 013 691 eiro. Izgl\u012bt\u012bbas un zin\u0101tnes ministrija \u0161\u012bs \u0113kas Finan\u0161u ministrijas vald\u012bjum\u0101 nodeva 2013. gad\u0101.<\/p>\n<p>Savuk\u0101rt Labkl\u0101j\u012bbas ministrijai piedero\u0161ais nekustamais \u012bpa\u0161ums Kapse\u013cu iel\u0101 18, R\u012bg\u0101, netika izsol\u012bts. \u012apa\u0161ums sast\u0101v no zemes 3781 m2 plat\u012bb\u0101 un b\u016bv\u0113m 1476,2 m2 apjom\u0101. Liel\u0101k\u0101 no nekustamaj\u0101 \u012bpa\u0161um\u0101 eso\u0161aj\u0101m b\u016bv\u0113m ir b\u0113rnu \u2013 b\u0101re\u0146u nama \u0113ka 1163 m2 plat\u012bb\u0101. Nekustamais \u012bpa\u0161ums atrodas P\u0101rdaugav\u0101, \u0100genskalna apkaim\u0113. \u0160im nekustamajam \u012bpa\u0161umam tiks izsludin\u0101ta atk\u0101rtota izsole 2026.\u00a0gad\u0101.<\/p>\n<p>                    Valodas k\u013c\u016bda rakst\u0101?<\/p>\n<p class=\"d-none d-md-block\">Iez\u012bm\u0113jiet tekstu un spiediet Ctrl+Enter, lai nos\u016bt\u012btu labojamo teksta fragmentu redaktoram! Par faktu k\u013c\u016bd\u0101m l\u016bdzam zi\u0146ot e-past\u0101 <a href=\"https:\/\/www.lsm.lv\/cdn-cgi\/l\/email-protection\" class=\"__cf_email__\" data-cfemail=\"10627574717b73797a71507c637d3e7c66\" rel=\"nofollow noopener\" target=\"_blank\">[email\u00a0protected]<\/a>.<\/p>\n<p class=\"d-md-none\">Iez\u012bm\u0113jiet tekstu un spiediet uz Zi\u0146ot par k\u013c\u016bdu pogas, lai nos\u016bt\u012btu labojamo teksta fragmentu redaktoram!<\/p>\n<p>\n                    Zi\u0146ot par k\u013c\u016bdu\n                <\/p>\n","protected":false},"excerpt":{"rendered":"Valsts AS &#8220;Valsts nekustamie \u012bpa\u0161umi&#8221; (VN\u012a) r\u012bkot\u0101 izsol\u0113 par 2,43 miljoniem eiro p\u0101rdots biju\u0161ais R\u012bgas 13. arodvidusskolas m\u0101c\u012bbu&hellip;\n","protected":false},"author":2,"featured_media":81875,"comment_status":"","ping_status":"","sticky":false,"template":"","format":"standard","meta":{"footnotes":""},"categories":[12],"tags":[23,28,29,32,33,22,30,31,35,39,38,36,37,34,40,20,26,27,24,25,21],"class_list":{"0":"post-81874","1":"post","2":"type-post","3":"status-publish","4":"format-standard","5":"has-post-thumbnail","7":"category-latvija","8":"tag-aktualitates","9":"tag-breaking-news","10":"tag-breakingnews","11":"tag-featured-news","12":"tag-featurednews","13":"tag-headlines","14":"tag-latest-news","15":"tag-latestnews","16":"tag-latvia","17":"tag-latvian","18":"tag-latviesu","19":"tag-latviesu-valoda","20":"tag-latviesuvaloda","21":"tag-latvija","22":"tag-lv","23":"tag-news","24":"tag-popularakas-zinas","25":"tag-popularakaszinas","26":"tag-top-stories","27":"tag-topstories","28":"tag-zinas"},"share_on_mastodon":{"url":"https:\/\/pubeurope.com\/@lv\/115757690661672380","error":""},"_links":{"self":[{"href":"https:\/\/www.europesays.com\/lv\/wp-json\/wp\/v2\/posts\/81874","targetHints":{"allow":["GET"]}}],"collection":[{"href":"https:\/\/www.europesays.com\/lv\/wp-json\/wp\/v2\/posts"}],"about":[{"href":"https:\/\/www.europesays.com\/lv\/wp-json\/wp\/v2\/types\/post"}],"author":[{"embeddable":true,"href":"https:\/\/www.europesays.com\/lv\/wp-json\/wp\/v2\/users\/2"}],"replies":[{"embeddable":true,"href":"https:\/\/www.europesays.com\/lv\/wp-json\/wp\/v2\/comments?post=81874"}],"version-history":[{"count":0,"href":"https:\/\/www.europesays.com\/lv\/wp-json\/wp\/v2\/posts\/81874\/revisions"}],"wp:featuredmedia":[{"embeddable":true,"href":"https:\/\/www.europesays.com\/lv\/wp-json\/wp\/v2\/media\/81875"}],"wp:attachment":[{"href":"https:\/\/www.europesays.com\/lv\/wp-json\/wp\/v2\/media?parent=81874"}],"wp:term":[{"taxonomy":"category","embeddable":true,"href":"https:\/\/www.europesays.com\/lv\/wp-json\/wp\/v2\/categories?post=81874"},{"taxonomy":"post_tag","embeddable":true,"href":"https:\/\/www.europesays.com\/lv\/wp-json\/wp\/v2\/tags?post=81874"}],"curies":[{"name":"wp","href":"https:\/\/api.w.org\/{rel}","templated":true}]}}