{"id":81924,"date":"2025-12-21T13:56:14","date_gmt":"2025-12-21T13:56:14","guid":{"rendered":"https:\/\/www.europesays.com\/lv\/81924\/"},"modified":"2025-12-21T13:56:14","modified_gmt":"2025-12-21T13:56:14","slug":"tragiska-sestdiena-kurzeme-celu-satiksmes-negadijumos-divi-bojagajusie","status":"publish","type":"post","link":"https:\/\/www.europesays.com\/lv\/81924\/","title":{"rendered":"Tra\u0123iska sestdiena Kurzem\u0113 \u2013 ce\u013cu satiksmes negad\u012bjumos divi boj\u0101g\u0101ju\u0161ie"},"content":{"rendered":"<p>Savuk\u0101rt ap pulksten 18.10 citviet Kurzem\u0113, Kuld\u012bgas novada Kurm\u0101les pagast\u0101, automa\u0161\u012bnas \u201cBMW\u201d vad\u012bt\u0101js uzbrauca g\u0101j\u0113jam, kur\u0161, p\u0113c policijas r\u012bc\u012bb\u0101 eso\u0161\u0101s s\u0101kotn\u0113j\u0101s inform\u0101cijas, atrad\u0101s uz ce\u013ca braucam\u0101s da\u013cas bez gaismu atstarojo\u0161iem elementiem. Negad\u012bjum\u0101 g\u0101j\u0113js zaud\u0113ja dz\u012bv\u012bbu. Policija izmekl\u0113 notiku\u0161\u0101 apst\u0101k\u013cus.<\/p>\n<p>Aizvad\u012btaj\u0101 diennakt\u012b Latvij\u0101 kopum\u0101 re\u0123istr\u0113ti 106 ce\u013cu satiksmes negad\u012bjumi, \u010detros no tiem cietu\u0161i cilv\u0113ki \u2013 katr\u0101 pa vienam. Divas av\u0101rijas ar cietu\u0161ajiem notiku\u0161as Kurzemes re\u0123ion\u0101, viena Vidzemes re\u0123ion\u0101 un viena R\u012bgas re\u0123ion\u0101. Starp cietu\u0161ajiem ir divi g\u0101j\u0113ji \u2013 pa vienam R\u012bgas re\u0123ion\u0101 un Kurzem\u0113.<\/p>\n<p class=\"tv3-fw-500\">Zi\u0146o par k\u013c\u016bdu rakst\u0101<\/p>\n<p class=\"d-md-block d-none\">Iez\u012bm\u0113 k\u013c\u016bdaino tekstu un spied Ctrl+Enter.<\/p>\n<p class=\"d-md-none d-block\">Iez\u012bm\u0113 k\u013c\u016bdaino tekstu un zi\u0146o par to!<\/p>\n","protected":false},"excerpt":{"rendered":"Savuk\u0101rt ap pulksten 18.10 citviet Kurzem\u0113, Kuld\u012bgas novada Kurm\u0101les pagast\u0101, automa\u0161\u012bnas \u201cBMW\u201d vad\u012bt\u0101js uzbrauca g\u0101j\u0113jam, kur\u0161, p\u0113c policijas&hellip;\n","protected":false},"author":2,"featured_media":81925,"comment_status":"","ping_status":"","sticky":false,"template":"","format":"standard","meta":{"footnotes":""},"categories":[5],"tags":[23,20661,28,29,32,33,22,30,31,35,39,38,36,37,34,40,20,26,27,24,25,21],"class_list":{"0":"post-81924","1":"post","2":"type-post","3":"status-publish","4":"format-standard","5":"has-post-thumbnail","7":"category-aktualitates","8":"tag-aktualitates","9":"tag-auto-avarijacelu-satiksmes-negadijumsvalsts-policija","10":"tag-breaking-news","11":"tag-breakingnews","12":"tag-featured-news","13":"tag-featurednews","14":"tag-headlines","15":"tag-latest-news","16":"tag-latestnews","17":"tag-latvia","18":"tag-latvian","19":"tag-latviesu","20":"tag-latviesu-valoda","21":"tag-latviesuvaloda","22":"tag-latvija","23":"tag-lv","24":"tag-news","25":"tag-popularakas-zinas","26":"tag-popularakaszinas","27":"tag-top-stories","28":"tag-topstories","29":"tag-zinas"},"share_on_mastodon":{"url":"https:\/\/pubeurope.com\/@lv\/115757907287244525","error":""},"_links":{"self":[{"href":"https:\/\/www.europesays.com\/lv\/wp-json\/wp\/v2\/posts\/81924","targetHints":{"allow":["GET"]}}],"collection":[{"href":"https:\/\/www.europesays.com\/lv\/wp-json\/wp\/v2\/posts"}],"about":[{"href":"https:\/\/www.europesays.com\/lv\/wp-json\/wp\/v2\/types\/post"}],"author":[{"embeddable":true,"href":"https:\/\/www.europesays.com\/lv\/wp-json\/wp\/v2\/users\/2"}],"replies":[{"embeddable":true,"href":"https:\/\/www.europesays.com\/lv\/wp-json\/wp\/v2\/comments?post=81924"}],"version-history":[{"count":0,"href":"https:\/\/www.europesays.com\/lv\/wp-json\/wp\/v2\/posts\/81924\/revisions"}],"wp:featuredmedia":[{"embeddable":true,"href":"https:\/\/www.europesays.com\/lv\/wp-json\/wp\/v2\/media\/81925"}],"wp:attachment":[{"href":"https:\/\/www.europesays.com\/lv\/wp-json\/wp\/v2\/media?parent=81924"}],"wp:term":[{"taxonomy":"category","embeddable":true,"href":"https:\/\/www.europesays.com\/lv\/wp-json\/wp\/v2\/categories?post=81924"},{"taxonomy":"post_tag","embeddable":true,"href":"https:\/\/www.europesays.com\/lv\/wp-json\/wp\/v2\/tags?post=81924"}],"curies":[{"name":"wp","href":"https:\/\/api.w.org\/{rel}","templated":true}]}}