{"id":81932,"date":"2025-12-21T14:07:08","date_gmt":"2025-12-21T14:07:08","guid":{"rendered":"https:\/\/www.europesays.com\/lv\/81932\/"},"modified":"2025-12-21T14:07:08","modified_gmt":"2025-12-21T14:07:08","slug":"foto-%e2%9f%a9-sinoptiki-sagatavojusi-laika-prognozi-svetku-nedelai-tvnet-laika-zinas","status":"publish","type":"post","link":"https:\/\/www.europesays.com\/lv\/81932\/","title":{"rendered":"FOTO \u27e9 Sinopti\u0137i sagatavoju\u0161i laika prognozi sv\u0113tku ned\u0113\u013cai &#8211; TVNET &#8211; Laika zi\u0146as"},"content":{"rendered":"<ol>\n<li><a href=\"https:\/\/news.google.com\/rss\/articles\/CBMilAFBVV95cUxOWWRRemlTcXhoQ1lDWHFKNm5Qd1JEVHU2YjF3VXphQTdRVDRoYnZfVUNYeEdJQ1NOTDVpeW1sNUN3VFpVNDYtVUh4dnowMFB5OVF5TXRzNXE5ZVo3cW1uOVVBOFRuWmlRdE9iTERlLUNSS191eFhYZkw5cDhya0lzVkpaVjJhcDktTHJHQW9BV0Y3MHhf?oc=5\" target=\"_blank\" rel=\"nofollow noopener\">FOTO \u27e9 Sinopti\u0137i sagatavoju\u0161i laika prognozi sv\u0113tku ned\u0113\u013cai<\/a>&nbsp;&nbsp;TVNET &#8211; Laika zi\u0146as<\/li>\n<li><a href=\"https:\/\/news.google.com\/rss\/articles\/CBMiugFBVV95cUxPbjhVb2dQZ1VLUmdlbGdxOFNSWlY2Vk4zQ3VoMUdBS2RDamw1ZFVyY2IxQkFVdnlScVFVZ1E3MFk2U0dYWEJBSDF1c3ZfS3BSOHdmWk1NSk9YZ2RYVjZpQ2xBT2xmUk9MbExOUTBkMjFwbmZTZmRVdlZVNE9MWWJHWWN6UjhNbDlFbVRuSzloQmxrajFPUnFvTm1DaFhnQko0YWRSSUhGNVNlQTVaal9Sbjh3YTFLLU1RdUE?oc=5\" target=\"_blank\" rel=\"nofollow noopener\">Ziemassv\u0113tku ned\u0113\u013c\u0101 k\u013c\u016bs v\u0113s\u0101ks, gaid\u0101ms kailsals \/ Raksts<\/a>&nbsp;&nbsp;LSM<\/li>\n<li><a href=\"https:\/\/news.google.com\/rss\/articles\/CBMipgFBVV95cUxQanpCMEVwckZrTUtEVU84LTFZa3VPLUJhMFZTWndOT3p2dlpBbHFBY21kQ2hLRTBZMVEwU21XSVRQdFkzVFhJc3B6dmVsNkE0cnBJXzk4T25LTzBQdGlkUHlZRnhxTUpTQThGX0dZMUtDMU9ZR250ck9tRkVzSE9MNGFFbFNJbEJvMFZ1WkpqUXZLRG9BTXRmMS02NDA2ZWo4ZHlQeVFR?oc=5\" target=\"_blank\" rel=\"nofollow noopener\">Vai Ziemassv\u0113tki b\u016bs balti? Sagatavota laika prognoze sv\u0113tku br\u012bvdien\u0101m<\/a>&nbsp;&nbsp;TVNET &#8211; Laika zi\u0146as<\/li>\n<li><a href=\"https:\/\/news.google.com\/rss\/articles\/CBMihAFBVV95cUxOVzNWNEFuQ0pUV2VicHhRRXFWZ1pEdHFvd184R3NQRWlHbEJsWmdNQWdBM2RVbXhyMkJwUElzSVFpRUhPeUpENllsamwxaU9feVVmcUoyM01WcFB3T3pDdUR4cVQ1bXFFa0V3dHgtT0NKd0lRS25FSVpiSjFGVUFwakx1Q3Y?oc=5\" target=\"_blank\" rel=\"nofollow noopener\">Sinopti\u0137i prognoz\u0113, kad Latvij\u0101 atgriez\u012bsies sals<\/a>&nbsp;&nbsp;Apollo.lv<\/li>\n<li><a href=\"https:\/\/news.google.com\/rss\/articles\/CBMioAFBVV95cUxNNTVxV1NSMEhFVXJ1TDBtaFpKLWVieS1sc3BCS2pUUjl0ZUZJaGJyTXM0R1BHQTl3VzgxSXBhalZWem9FTWV3dzAzWjN4MzliU0N2M2JEanZ1QkE3Umg3ZVd2eTQwcmRfS2E2M0cyY1ZGYkFUbFBYWGthR0txQllMTGJwYkFHdk9VV2lmaTE3N1VORkNURnl1a1BKTU0tRUcx?oc=5\" target=\"_blank\" rel=\"nofollow noopener\">&#8220;Viss, ko var v\u0113l\u0113ties, ar\u012b Ziemassv\u0113tkos b\u016bs,&#8221; sola Martins Berg\u0161teins<\/a>&nbsp;&nbsp;tv3.lv<\/li>\n<\/ol>\n","protected":false},"excerpt":{"rendered":"FOTO \u27e9 Sinopti\u0137i sagatavoju\u0161i laika prognozi sv\u0113tku ned\u0113\u013cai&nbsp;&nbsp;TVNET &#8211; Laika zi\u0146as Ziemassv\u0113tku ned\u0113\u013c\u0101 k\u013c\u016bs v\u0113s\u0101ks, gaid\u0101ms kailsals \/&hellip;\n","protected":false},"author":2,"featured_media":81933,"comment_status":"","ping_status":"","sticky":false,"template":"","format":"standard","meta":{"footnotes":""},"categories":[12],"tags":[23,28,29,32,33,22,396,397,30,31,35,39,38,36,37,34,40,20,26,27,24,25,21],"class_list":{"0":"post-81932","1":"post","2":"type-post","3":"status-publish","4":"format-standard","5":"has-post-thumbnail","7":"category-latvija","8":"tag-aktualitates","9":"tag-breaking-news","10":"tag-breakingnews","11":"tag-featured-news","12":"tag-featurednews","13":"tag-headlines","14":"tag-laika-zinas","15":"tag-laikapstakli","16":"tag-latest-news","17":"tag-latestnews","18":"tag-latvia","19":"tag-latvian","20":"tag-latviesu","21":"tag-latviesu-valoda","22":"tag-latviesuvaloda","23":"tag-latvija","24":"tag-lv","25":"tag-news","26":"tag-popularakas-zinas","27":"tag-popularakaszinas","28":"tag-top-stories","29":"tag-topstories","30":"tag-zinas"},"share_on_mastodon":{"url":"https:\/\/pubeurope.com\/@lv\/115757950258742124","error":""},"_links":{"self":[{"href":"https:\/\/www.europesays.com\/lv\/wp-json\/wp\/v2\/posts\/81932","targetHints":{"allow":["GET"]}}],"collection":[{"href":"https:\/\/www.europesays.com\/lv\/wp-json\/wp\/v2\/posts"}],"about":[{"href":"https:\/\/www.europesays.com\/lv\/wp-json\/wp\/v2\/types\/post"}],"author":[{"embeddable":true,"href":"https:\/\/www.europesays.com\/lv\/wp-json\/wp\/v2\/users\/2"}],"replies":[{"embeddable":true,"href":"https:\/\/www.europesays.com\/lv\/wp-json\/wp\/v2\/comments?post=81932"}],"version-history":[{"count":0,"href":"https:\/\/www.europesays.com\/lv\/wp-json\/wp\/v2\/posts\/81932\/revisions"}],"wp:featuredmedia":[{"embeddable":true,"href":"https:\/\/www.europesays.com\/lv\/wp-json\/wp\/v2\/media\/81933"}],"wp:attachment":[{"href":"https:\/\/www.europesays.com\/lv\/wp-json\/wp\/v2\/media?parent=81932"}],"wp:term":[{"taxonomy":"category","embeddable":true,"href":"https:\/\/www.europesays.com\/lv\/wp-json\/wp\/v2\/categories?post=81932"},{"taxonomy":"post_tag","embeddable":true,"href":"https:\/\/www.europesays.com\/lv\/wp-json\/wp\/v2\/tags?post=81932"}],"curies":[{"name":"wp","href":"https:\/\/api.w.org\/{rel}","templated":true}]}}