{"id":81934,"date":"2025-12-21T14:08:08","date_gmt":"2025-12-21T14:08:08","guid":{"rendered":"https:\/\/www.europesays.com\/lv\/81934\/"},"modified":"2025-12-21T14:08:08","modified_gmt":"2025-12-21T14:08:08","slug":"laikraksts-diena-no-nakama-gada-iznaks-retak","status":"publish","type":"post","link":"https:\/\/www.europesays.com\/lv\/81934\/","title":{"rendered":"Laikraksts &#8220;Diena&#8221; no n\u0101kam\u0101 gada izn\u0101ks ret\u0101k"},"content":{"rendered":"<p>L\u012bdz \u0161im laikraksts tika izdots \u010detras reizes ned\u0113\u013c\u0101 &#8211; no otrdienas l\u012bdz piektdienai. L\u012bdz 2022. gada vidum &#8220;Diena&#8221; tika izdota ar\u012b pirmdien\u0101s, bet savulaik dienas laikraksti izn\u0101ca pat se\u0161as reizes ned\u0113\u013c\u0101.<\/p>\n<p>Laikraksta &#8220;Diena&#8221; galvenais redaktors Gatis Mad\u017ei\u0146\u0161 vietn\u0113 &#8220;X&#8221; skaidro, ka \u0161\u0101ds l\u0113mums pie\u0146emts atbilsto\u0161i pasta pieg\u0101\u017eu pl\u0101niem 2027. gadam un neapmierino\u0161ajai pieg\u0101\u017eu kvalit\u0101tei \u0161obr\u012bd.<\/p>\n<p>Laikrakstu &#8220;Diena&#8221; izdod SIA &#8220;Izdevniec\u012bba &#8220;Dienas <a href=\"https:\/\/www.tvnet.lv\/term\/555421\/mediji\" class=\"topicLink\" target=\"_blank\" rel=\"nofollow noopener\">mediji<\/a>&#8220;&#8221;. Uz\u0146\u0113muma apgroz\u012bjums pag\u0101ju\u0161aj\u0101 gad\u0101 bija 1,568 miljoni eiro, kas ir par 7,6% maz\u0101k nek\u0101 2023. gad\u0101, k\u0101 ar\u012b ar 225 256 eiro zaud\u0113jumiem pret\u0113ji pe\u013c\u0146ai gadu iepriek\u0161, liecina &#8220;Firmas.lv&#8221; publiskot\u0101 inform\u0101cija.<\/p>\n<p>&#8220;Izdevniec\u012bba &#8220;Dienas mediji&#8221;&#8221; re\u0123istr\u0113ta 2006. gada febru\u0101r\u012b, un t\u0101s pamatkapit\u0101ls it 10,925 miljoni eiro. Izdevniec\u012bbas vien\u012bgais \u012bpa\u0161nieks ir Edgars Kots.<\/p>\n","protected":false},"excerpt":{"rendered":"L\u012bdz \u0161im laikraksts tika izdots \u010detras reizes ned\u0113\u013c\u0101 &#8211; no otrdienas l\u012bdz piektdienai. L\u012bdz 2022. gada vidum &#8220;Diena&#8221;&hellip;\n","protected":false},"author":2,"featured_media":81935,"comment_status":"","ping_status":"","sticky":false,"template":"","format":"standard","meta":{"footnotes":""},"categories":[5],"tags":[23,28,29,32,33,22,30,31,35,39,38,36,37,34,40,3819,20662,20,26,27,24,25,21],"class_list":{"0":"post-81934","1":"post","2":"type-post","3":"status-publish","4":"format-standard","5":"has-post-thumbnail","7":"category-aktualitates","8":"tag-aktualitates","9":"tag-breaking-news","10":"tag-breakingnews","11":"tag-featured-news","12":"tag-featurednews","13":"tag-headlines","14":"tag-latest-news","15":"tag-latestnews","16":"tag-latvia","17":"tag-latvian","18":"tag-latviesu","19":"tag-latviesu-valoda","20":"tag-latviesuvaloda","21":"tag-latvija","22":"tag-lv","23":"tag-mediji","24":"tag-mediju-bizness","25":"tag-news","26":"tag-popularakas-zinas","27":"tag-popularakaszinas","28":"tag-top-stories","29":"tag-topstories","30":"tag-zinas"},"share_on_mastodon":{"url":"https:\/\/pubeurope.com\/@lv\/115757954013851388","error":""},"_links":{"self":[{"href":"https:\/\/www.europesays.com\/lv\/wp-json\/wp\/v2\/posts\/81934","targetHints":{"allow":["GET"]}}],"collection":[{"href":"https:\/\/www.europesays.com\/lv\/wp-json\/wp\/v2\/posts"}],"about":[{"href":"https:\/\/www.europesays.com\/lv\/wp-json\/wp\/v2\/types\/post"}],"author":[{"embeddable":true,"href":"https:\/\/www.europesays.com\/lv\/wp-json\/wp\/v2\/users\/2"}],"replies":[{"embeddable":true,"href":"https:\/\/www.europesays.com\/lv\/wp-json\/wp\/v2\/comments?post=81934"}],"version-history":[{"count":0,"href":"https:\/\/www.europesays.com\/lv\/wp-json\/wp\/v2\/posts\/81934\/revisions"}],"wp:featuredmedia":[{"embeddable":true,"href":"https:\/\/www.europesays.com\/lv\/wp-json\/wp\/v2\/media\/81935"}],"wp:attachment":[{"href":"https:\/\/www.europesays.com\/lv\/wp-json\/wp\/v2\/media?parent=81934"}],"wp:term":[{"taxonomy":"category","embeddable":true,"href":"https:\/\/www.europesays.com\/lv\/wp-json\/wp\/v2\/categories?post=81934"},{"taxonomy":"post_tag","embeddable":true,"href":"https:\/\/www.europesays.com\/lv\/wp-json\/wp\/v2\/tags?post=81934"}],"curies":[{"name":"wp","href":"https:\/\/api.w.org\/{rel}","templated":true}]}}