{"id":81944,"date":"2025-12-21T14:19:09","date_gmt":"2025-12-21T14:19:09","guid":{"rendered":"https:\/\/www.europesays.com\/lv\/81944\/"},"modified":"2025-12-21T14:19:09","modified_gmt":"2025-12-21T14:19:09","slug":"vai-ziemassvetkos-bus-sniegs-skaidro-sinoptiki","status":"publish","type":"post","link":"https:\/\/www.europesays.com\/lv\/81944\/","title":{"rendered":"Vai Ziemassv\u0113tkos b\u016bs sniegs? Skaidro sinopti\u0137i"},"content":{"rendered":"<p>Tre\u0161dien diena un ar\u012b Ziemassv\u0113tku vakars aizrit\u0113s ar mier\u012bgiem laika apst\u0101k\u013ciem &#8211; laiks b\u016bs m\u0101ko\u0146ains, bet bez nokri\u0161\u0146iem, p\u016bt\u012bs l\u0113ns l\u012bdz m\u0113rens rietumu puses v\u0113j\u0161. Tom\u0113r ar\u012b valsts rietumos, kur iepriek\u0161 ir bijis par da\u017eiem gr\u0101diem silt\u0101ks, gaiss k\u013c\u016bs aukst\u0101ks &#8211; minim\u0101l\u0101 gaisa temperat\u016bra nakt\u012b vis\u0101 valst\u012b b\u016bs -3\u2026-8 gr\u0101di, turpretim dien\u0101 gaiss iesils l\u012bdz -2\u2026+3 gr\u0101diem.<\/p>\n","protected":false},"excerpt":{"rendered":"Tre\u0161dien diena un ar\u012b Ziemassv\u0113tku vakars aizrit\u0113s ar mier\u012bgiem laika apst\u0101k\u013ciem &#8211; laiks b\u016bs m\u0101ko\u0146ains, bet bez nokri\u0161\u0146iem,&hellip;\n","protected":false},"author":2,"featured_media":81945,"comment_status":"","ping_status":"","sticky":false,"template":"","format":"standard","meta":{"footnotes":""},"categories":[12],"tags":[23,28,29,32,33,22,30,31,35,39,38,36,37,34,40,20,26,27,24,25,21],"class_list":{"0":"post-81944","1":"post","2":"type-post","3":"status-publish","4":"format-standard","5":"has-post-thumbnail","7":"category-latvija","8":"tag-aktualitates","9":"tag-breaking-news","10":"tag-breakingnews","11":"tag-featured-news","12":"tag-featurednews","13":"tag-headlines","14":"tag-latest-news","15":"tag-latestnews","16":"tag-latvia","17":"tag-latvian","18":"tag-latviesu","19":"tag-latviesu-valoda","20":"tag-latviesuvaloda","21":"tag-latvija","22":"tag-lv","23":"tag-news","24":"tag-popularakas-zinas","25":"tag-popularakaszinas","26":"tag-top-stories","27":"tag-topstories","28":"tag-zinas"},"share_on_mastodon":{"url":"https:\/\/pubeurope.com\/@lv\/115757997316803713","error":""},"_links":{"self":[{"href":"https:\/\/www.europesays.com\/lv\/wp-json\/wp\/v2\/posts\/81944","targetHints":{"allow":["GET"]}}],"collection":[{"href":"https:\/\/www.europesays.com\/lv\/wp-json\/wp\/v2\/posts"}],"about":[{"href":"https:\/\/www.europesays.com\/lv\/wp-json\/wp\/v2\/types\/post"}],"author":[{"embeddable":true,"href":"https:\/\/www.europesays.com\/lv\/wp-json\/wp\/v2\/users\/2"}],"replies":[{"embeddable":true,"href":"https:\/\/www.europesays.com\/lv\/wp-json\/wp\/v2\/comments?post=81944"}],"version-history":[{"count":0,"href":"https:\/\/www.europesays.com\/lv\/wp-json\/wp\/v2\/posts\/81944\/revisions"}],"wp:featuredmedia":[{"embeddable":true,"href":"https:\/\/www.europesays.com\/lv\/wp-json\/wp\/v2\/media\/81945"}],"wp:attachment":[{"href":"https:\/\/www.europesays.com\/lv\/wp-json\/wp\/v2\/media?parent=81944"}],"wp:term":[{"taxonomy":"category","embeddable":true,"href":"https:\/\/www.europesays.com\/lv\/wp-json\/wp\/v2\/categories?post=81944"},{"taxonomy":"post_tag","embeddable":true,"href":"https:\/\/www.europesays.com\/lv\/wp-json\/wp\/v2\/tags?post=81944"}],"curies":[{"name":"wp","href":"https:\/\/api.w.org\/{rel}","templated":true}]}}