{"id":81946,"date":"2025-12-21T14:25:11","date_gmt":"2025-12-21T14:25:11","guid":{"rendered":"https:\/\/www.europesays.com\/lv\/81946\/"},"modified":"2025-12-21T14:25:11","modified_gmt":"2025-12-21T14:25:11","slug":"ilzes-aizsilnieces-dzimsanas-diena-vinas-virs-janis-jenzis-dalas-siltas-pardomas-mums-tevis-pietrukst","status":"publish","type":"post","link":"https:\/\/www.europesays.com\/lv\/81946\/","title":{"rendered":"Ilzes Aizsilnieces dzim\u0161anas dien\u0101 vi\u0146as v\u012brs J\u0101nis Jenzis dal\u0101s silt\u0101s p\u0101rdom\u0101s. &#8220;Mums tevis pietr\u016bkst&#8230;&#8221;"},"content":{"rendered":"<p>&#8220;M\u012b\u013co Ilz\u012bt, \u0161odien ir pirm\u0101 Tava dzim\u0161anas diena bez Tevis un p\u0113c trim dien\u0101m pirmie Ziemassv\u0113tki mums diviem vien. Augam, m\u0101c\u0101mies, ce\u013cojam, bet mums Tevis pietr\u016bkst. Un ne tikai mums, tik daudziem cilv\u0113kiem Tevis pietr\u016bkst. Pietr\u016bkst Tava vieduma, padoma, ideju, jaudas, beznosac\u012bjumu cilv\u0113ku m\u012blest\u012bbas. M\u0113s j\u016btam, ka Tu m\u016bs pieskati un s\u016bt\u0101m siltas domas pret\u012b. Lai Tev viss tur aug\u0161\u0101 ir gai\u0161i un labi!&#8221; vietn\u0113 &#8220;Facebook&#8221; nor\u0101da Jenzis.<\/p>\n","protected":false},"excerpt":{"rendered":"&#8220;M\u012b\u013co Ilz\u012bt, \u0161odien ir pirm\u0101 Tava dzim\u0161anas diena bez Tevis un p\u0113c trim dien\u0101m pirmie Ziemassv\u0113tki mums diviem&hellip;\n","protected":false},"author":2,"featured_media":81947,"comment_status":"","ping_status":"","sticky":false,"template":"","format":"standard","meta":{"footnotes":""},"categories":[12],"tags":[23,28,29,32,33,22,30,31,35,39,38,36,37,34,40,20,26,27,24,25,21],"class_list":{"0":"post-81946","1":"post","2":"type-post","3":"status-publish","4":"format-standard","5":"has-post-thumbnail","7":"category-latvija","8":"tag-aktualitates","9":"tag-breaking-news","10":"tag-breakingnews","11":"tag-featured-news","12":"tag-featurednews","13":"tag-headlines","14":"tag-latest-news","15":"tag-latestnews","16":"tag-latvia","17":"tag-latvian","18":"tag-latviesu","19":"tag-latviesu-valoda","20":"tag-latviesuvaloda","21":"tag-latvija","22":"tag-lv","23":"tag-news","24":"tag-popularakas-zinas","25":"tag-popularakaszinas","26":"tag-top-stories","27":"tag-topstories","28":"tag-zinas"},"share_on_mastodon":{"url":"https:\/\/pubeurope.com\/@lv\/115758020928554452","error":""},"_links":{"self":[{"href":"https:\/\/www.europesays.com\/lv\/wp-json\/wp\/v2\/posts\/81946","targetHints":{"allow":["GET"]}}],"collection":[{"href":"https:\/\/www.europesays.com\/lv\/wp-json\/wp\/v2\/posts"}],"about":[{"href":"https:\/\/www.europesays.com\/lv\/wp-json\/wp\/v2\/types\/post"}],"author":[{"embeddable":true,"href":"https:\/\/www.europesays.com\/lv\/wp-json\/wp\/v2\/users\/2"}],"replies":[{"embeddable":true,"href":"https:\/\/www.europesays.com\/lv\/wp-json\/wp\/v2\/comments?post=81946"}],"version-history":[{"count":0,"href":"https:\/\/www.europesays.com\/lv\/wp-json\/wp\/v2\/posts\/81946\/revisions"}],"wp:featuredmedia":[{"embeddable":true,"href":"https:\/\/www.europesays.com\/lv\/wp-json\/wp\/v2\/media\/81947"}],"wp:attachment":[{"href":"https:\/\/www.europesays.com\/lv\/wp-json\/wp\/v2\/media?parent=81946"}],"wp:term":[{"taxonomy":"category","embeddable":true,"href":"https:\/\/www.europesays.com\/lv\/wp-json\/wp\/v2\/categories?post=81946"},{"taxonomy":"post_tag","embeddable":true,"href":"https:\/\/www.europesays.com\/lv\/wp-json\/wp\/v2\/tags?post=81946"}],"curies":[{"name":"wp","href":"https:\/\/api.w.org\/{rel}","templated":true}]}}