{"id":8195,"date":"2025-09-29T19:10:18","date_gmt":"2025-09-29T19:10:18","guid":{"rendered":"https:\/\/www.europesays.com\/lv\/8195\/"},"modified":"2025-09-29T19:10:18","modified_gmt":"2025-09-29T19:10:18","slug":"nedelas-laika-mazinoties-anticiklona-ietekmei-laikapstakli-krasi-mainisies","status":"publish","type":"post","link":"https:\/\/www.europesays.com\/lv\/8195\/","title":{"rendered":"Ned\u0113\u013cas laik\u0101, mazinoties anticiklona ietekmei,\u00a0laikapst\u0101k\u013ci krasi main\u012bsies"},"content":{"rendered":"<p style=\"text-align: justify;\">Foto: R\u012bta kafija<\/p>\n<p style=\"text-align: justify;\">\u0160\u012bs\u00a0ned\u0113\u013cas s\u0101kum\u0101 l\u012bdz\u012bgi k\u0101 aizvad\u012btaj\u0101 ned\u0113\u013ca laika apst\u0101k\u013cus ietekm\u0113s anticiklona darb\u012bba \u2013 laiks b\u016bs liel\u0101koties mier\u012bgs un sauss, \u00a0v\u0113sta Latvijas Vides, \u0123eolo\u0123ijas un meteorolo\u0123ijas centrs.\u00a0<\/p>\n<p style=\"text-align: justify;\">Nakt\u012bs termometra stabi\u0146\u0161 viet\u0101m nosl\u012bd\u0113s l\u012bdz 0\u00b0 atz\u012bmei, da\u017eviet pat zem\u0101k, k\u0101 rezult\u0101t\u0101 gaid\u0101ma salna. Dien\u0101s gaiss iesils l\u012bdz +10\u2026+14\u00b0. Ned\u0113\u013cas otraj\u0101 pus\u0113, mazinoties anticiklona ietekmei, atkal palielin\u0101sies nokri\u0161\u0146u daudzums, un gaid\u0101ms br\u0101zmains v\u0113j\u0161.<\/p>\n<p style=\"text-align: justify;\">Nakt\u012b uz pirmdienu, 29. oktobri,\u00a0debesis pak\u0101peniski skaidrosies, un dienas gait\u0101 saglab\u0101sies neliels m\u0101ko\u0146u daudzums. Nokri\u0161\u0146i nav gaid\u0101mi, ta\u010du nakts stund\u0101s atsevi\u0161\u0137os rajonos veidosies migla, kas var mazin\u0101t redzam\u012bbu. P\u016bt\u012bs l\u0113ns l\u012bdz m\u0113rens austrumu puses v\u0113j\u0161. Gaisa temperat\u016bra nakt\u012b pazemin\u0101sies l\u012bdz -1\u2026+4\u00b0,\u00a0viet\u0101m gaid\u0101ma salna 0\u2026-2\u00b0.\u00a0Savuk\u0101rt R\u012bgas l\u012b\u010da rietumu piekrast\u0113 b\u016bs silt\u0101ks \u2013 tur gaisa temperat\u016bra saglab\u0101sies +7\u2026+9\u00b0 robe\u017e\u0101s. Dien\u0101 gaiss iesils l\u012bdz +10\u2026+12\u00b0.<\/p>\n<p style=\"text-align: justify;\">Otrdien un tre\u0161dien\u00a0sauli br\u012b\u017eiem aizkl\u0101s m\u0101ko\u0146i, bet b\u016btiskus nokri\u0161\u0146us tie nenes\u012bs. P\u016b\u0161ot l\u0113nam v\u0113jam, otrdien nakt\u012b un no r\u012bta atsevi\u0161\u0137os rajonos sabiez\u0113s migla. Naktis b\u016bs dzestras \u2013 gaisa temperat\u016bra pazemin\u0101sies l\u012bdz -2\u2026+5\u00b0, t\u0101d\u0113\u013c\u00a0salna gaid\u0101ma ne vien z\u0101les virsk\u0101rt\u0101, bet ar\u012b gais\u0101.\u00a0Kurzemes piekrast\u0113 nakt\u012bs b\u016bs iev\u0113rojami silt\u0101k \u2013 tur gaiss atdzis\u012bs vien l\u012bdz +5\u2026+10\u00b0. Ar\u012b dienas b\u016bs v\u0113sas, gaiss iesils tikai l\u012bdz +10\u2026+13\u00b0.<\/p>\n<blockquote>\n<p style=\"text-align: center;\">Ned\u0113\u013cas otraj\u0101 pus\u0113\u00a0anticiklona ietekme pak\u0101peniski samazin\u0101sies. Gaisa temperat\u016bra saglab\u0101sies l\u012bdz\u012bga k\u0101 iepriek\u0161, tom\u0113r m\u0101ko\u0146u k\u013c\u016bs vair\u0101k, un viet\u0101m gaid\u0101ms ar\u012b neliels lietus.<\/p>\n<\/blockquote>\n<p style=\"text-align: justify;\">Br\u012bvdien\u0101s\u00a0jau vis\u0101 valsts teritorij\u0101 gaid\u0101ms lietus, ar\u012b v\u0113j\u0161 b\u016btiski pastiprin\u0101sies un daudzviet k\u013c\u016bs br\u0101zmains, piekrast\u0113 sasniedzot 15-19 m\/s. Dien\u0101s gaisa temperat\u016bra gaid\u0101ma +10\u2026+15\u00b0 robe\u017e\u0101s, ar\u012b nakts uz sv\u0113tdienu b\u016bs sal\u012bdzino\u0161i silta \u2013 zem m\u0101ko\u0146u segas gaiss atdzis\u012bs l\u012bdz +9\u2026+13\u00b0.<\/p>\n<p style=\"text-align: justify;\">Lasiet ar\u012b:\u00a0<\/p>\n<p style=\"text-align: justify;\"><a href=\"https:\/\/ritakafija.lv\/2025\/09\/25\/medvedevu-satracina-trampa-pazinojums-ka-ukraina-var-uzvaret-kara-ar-krieviju\/\" target=\"_blank\" rel=\"noopener nofollow\">Medvedevu satracina Trampa pazi\u0146ojums, ka Ukraina var uzvar\u0113t kar\u0101 ar Krieviju<\/a><\/p>\n<p style=\"text-align: justify;\"><a style=\"color: #800000;\" href=\"https:\/\/ritakafija.lv\/2025\/09\/25\/ne-tikai-atgriesanas-dzimtene-elina-furmane-atklaj-kvelakos-sapnus-saistiba-ar-latviju\/\" target=\"_blank\" rel=\"noopener nofollow\">Ne tikai atgrie\u0161an\u0101s dzimten\u0113 \u2013 El\u012bna F\u016brmane atkl\u0101j kv\u0113l\u0101kos sap\u0146us saist\u012bb\u0101 ar Latviju<\/a><\/p>\n<p style=\"text-align: justify;\"><a style=\"color: #800000;\" href=\"https:\/\/ritakafija.lv\/2025\/09\/26\/no-mums-jabaidas-putina-propagandisti-apvainojas-uz-trampu-un-draud-nonullet-visu-pasauli\/\" target=\"_blank\" rel=\"noopener nofollow\">\u00abNo mums j\u0101baid\u0101s!\u00bb \u2013 Putina propagandisti apvainojas uz Trampu un draud \u00abnonull\u0113t\u00bb visu pasauli<\/a><\/p>\n<p style=\"text-align: justify;\"><a style=\"color: #800000;\" href=\"https:\/\/ritakafija.lv\/2025\/09\/26\/erksku-sova-dalibniece-atklaj-ka-vairakus-gadus-stradajusi-saeima\/\" target=\"_blank\" rel=\"noopener nofollow\">\u0112rk\u0161\u0137u\u00a0\u0161ova dal\u012bbniece atkl\u0101j, ka vair\u0101kus gadus str\u0101d\u0101jusi Saeim\u0101<\/a><\/p>\n<p style=\"text-align: justify;\"><a style=\"color: #800000;\" href=\"https:\/\/ritakafija.lv\/2025\/09\/26\/saule-svaros-tris-zodiaka-zimju-parstavji-parskirs-jaunu-dzives-lappusi\/\" target=\"_blank\" rel=\"noopener nofollow\">Saule Svaros: tr\u012bs zodiaka z\u012bmju p\u0101rst\u0101vji p\u0101r\u0161\u0137irs jaunu dz\u012bves lappusi<\/a><\/p>\n<p style=\"text-align: justify;\"><a style=\"color: #800000;\" href=\"https:\/\/ritakafija.lv\/2025\/09\/26\/no-kleopatras-lidz-ulmanim-vesturiskas-personas-kuru-kapavietas-joprojam-nav-atrastas\/\" target=\"_blank\" rel=\"noopener nofollow\">No Kleopatras l\u012bdz Ulmanim: v\u0113sturiskas personas, kuru kapavietas joproj\u0101m nav atrastas\u00a0<\/a><\/p>\n","protected":false},"excerpt":{"rendered":"Foto: R\u012bta kafija \u0160\u012bs\u00a0ned\u0113\u013cas s\u0101kum\u0101 l\u012bdz\u012bgi k\u0101 aizvad\u012btaj\u0101 ned\u0113\u013ca laika apst\u0101k\u013cus ietekm\u0113s anticiklona darb\u012bba \u2013 laiks b\u016bs liel\u0101koties&hellip;\n","protected":false},"author":2,"featured_media":8196,"comment_status":"","ping_status":"","sticky":false,"template":"","format":"standard","meta":{"footnotes":""},"categories":[5],"tags":[23,28,29,32,33,3375,22,152,396,3376,30,31,35,39,38,36,37,34,40,20,26,27,3377,24,25,3378,21],"class_list":{"0":"post-8195","1":"post","2":"type-post","3":"status-publish","4":"format-standard","5":"has-post-thumbnail","7":"category-aktualitates","8":"tag-aktualitates","9":"tag-breaking-news","10":"tag-breakingnews","11":"tag-featured-news","12":"tag-featurednews","13":"tag-geologijas-un-meteorologijas-centrs","14":"tag-headlines","15":"tag-laika-prognoze","16":"tag-laika-zinas","17":"tag-laiks-brivdienas","18":"tag-latest-news","19":"tag-latestnews","20":"tag-latvia","21":"tag-latvian","22":"tag-latviesu","23":"tag-latviesu-valoda","24":"tag-latviesuvaloda","25":"tag-latvija","26":"tag-lv","27":"tag-news","28":"tag-popularakas-zinas","29":"tag-popularakaszinas","30":"tag-sinoptiki","31":"tag-top-stories","32":"tag-topstories","33":"tag-vides","34":"tag-zinas"},"share_on_mastodon":{"url":"","error":""},"_links":{"self":[{"href":"https:\/\/www.europesays.com\/lv\/wp-json\/wp\/v2\/posts\/8195","targetHints":{"allow":["GET"]}}],"collection":[{"href":"https:\/\/www.europesays.com\/lv\/wp-json\/wp\/v2\/posts"}],"about":[{"href":"https:\/\/www.europesays.com\/lv\/wp-json\/wp\/v2\/types\/post"}],"author":[{"embeddable":true,"href":"https:\/\/www.europesays.com\/lv\/wp-json\/wp\/v2\/users\/2"}],"replies":[{"embeddable":true,"href":"https:\/\/www.europesays.com\/lv\/wp-json\/wp\/v2\/comments?post=8195"}],"version-history":[{"count":0,"href":"https:\/\/www.europesays.com\/lv\/wp-json\/wp\/v2\/posts\/8195\/revisions"}],"wp:featuredmedia":[{"embeddable":true,"href":"https:\/\/www.europesays.com\/lv\/wp-json\/wp\/v2\/media\/8196"}],"wp:attachment":[{"href":"https:\/\/www.europesays.com\/lv\/wp-json\/wp\/v2\/media?parent=8195"}],"wp:term":[{"taxonomy":"category","embeddable":true,"href":"https:\/\/www.europesays.com\/lv\/wp-json\/wp\/v2\/categories?post=8195"},{"taxonomy":"post_tag","embeddable":true,"href":"https:\/\/www.europesays.com\/lv\/wp-json\/wp\/v2\/tags?post=8195"}],"curies":[{"name":"wp","href":"https:\/\/api.w.org\/{rel}","templated":true}]}}