{"id":81950,"date":"2025-12-21T14:30:12","date_gmt":"2025-12-21T14:30:12","guid":{"rendered":"https:\/\/www.europesays.com\/lv\/81950\/"},"modified":"2025-12-21T14:30:12","modified_gmt":"2025-12-21T14:30:12","slug":"svetku-sacensiba-karaliskaja-gimene-megana-markla-publisko-jaunu-gimenes-foto-dazas-stundas-pec-keitas-ziemassvetku-kartites","status":"publish","type":"post","link":"https:\/\/www.europesays.com\/lv\/81950\/","title":{"rendered":"Sv\u0113tku sacens\u012bba karaliskaj\u0101 \u0123imen\u0113? Megana M\u0101rkla publisko jaunu \u0123imenes foto da\u017eas stundas p\u0113c Keitas Ziemassv\u0113tku kart\u012btes"},"content":{"rendered":"<p>Velsas princis un princese ikgad\u0113j\u0101 Ziemassv\u0113tku kart\u012bt\u0113 redzami kop\u0101 ar saviem b\u0113rniem \u2014 princi D\u017eord\u017eu (12), princesi \u0160arloti (10) un princi Luisu (7). Fotogr\u0101fiju, ko \u0161\u0101 gada pavasar\u012b uz\u0146\u0113mis fotogr\u0101fs D\u017eo\u0161s \u0160inners, kara\u013cp\u0101ra soci\u0101lo t\u012bklu kontos publiskoja ceturtdien, 18. decembr\u012b. <a href=\"https:\/\/jauns.lv\/raksts\/izklaide\/687648-sirsnigs-svetku-mirklis-keita-midltone-un-princis-viljams-dalas-ar-ziemassvetku-gimenes-foto\" target=\"_blank\" rel=\"nofollow noopener\">Att\u0113l\u0101 \u0123imene redzama s\u0113\u017eam p\u013cav\u0101, kas pilna ar narcis\u0113m.<\/a> Viljams un Luiss t\u0113rpu\u0161ies saska\u0146otos tum\u0161i za\u013cos d\u017eemperos un zil\u0101s d\u017einsu biks\u0113s, savuk\u0101rt \u0160arlote, atbalst\u012bjusi galvu uz t\u0113va pleca, valk\u0101 za\u013cu d\u017eemperi un \u0161alli.<\/p>\n","protected":false},"excerpt":{"rendered":"Velsas princis un princese ikgad\u0113j\u0101 Ziemassv\u0113tku kart\u012bt\u0113 redzami kop\u0101 ar saviem b\u0113rniem \u2014 princi D\u017eord\u017eu (12), princesi \u0160arloti&hellip;\n","protected":false},"author":2,"featured_media":81951,"comment_status":"","ping_status":"","sticky":false,"template":"","format":"standard","meta":{"footnotes":""},"categories":[14],"tags":[23,57,28,29,32,33,22,30,31,35,39,38,36,37,34,40,20,26,27,24,25,54,55,56,21,58],"class_list":{"0":"post-81950","1":"post","2":"type-post","3":"status-publish","4":"format-standard","5":"has-post-thumbnail","7":"category-zinas-no-arvalstim","8":"tag-aktualitates","9":"tag-arvalstim","10":"tag-breaking-news","11":"tag-breakingnews","12":"tag-featured-news","13":"tag-featurednews","14":"tag-headlines","15":"tag-latest-news","16":"tag-latestnews","17":"tag-latvia","18":"tag-latvian","19":"tag-latviesu","20":"tag-latviesu-valoda","21":"tag-latviesuvaloda","22":"tag-latvija","23":"tag-lv","24":"tag-news","25":"tag-popularakas-zinas","26":"tag-popularakaszinas","27":"tag-top-stories","28":"tag-topstories","29":"tag-world","30":"tag-world-news","31":"tag-worldnews","32":"tag-zinas","33":"tag-zinas-no-arvalstim"},"share_on_mastodon":{"url":"https:\/\/pubeurope.com\/@lv\/115758040567037570","error":""},"_links":{"self":[{"href":"https:\/\/www.europesays.com\/lv\/wp-json\/wp\/v2\/posts\/81950","targetHints":{"allow":["GET"]}}],"collection":[{"href":"https:\/\/www.europesays.com\/lv\/wp-json\/wp\/v2\/posts"}],"about":[{"href":"https:\/\/www.europesays.com\/lv\/wp-json\/wp\/v2\/types\/post"}],"author":[{"embeddable":true,"href":"https:\/\/www.europesays.com\/lv\/wp-json\/wp\/v2\/users\/2"}],"replies":[{"embeddable":true,"href":"https:\/\/www.europesays.com\/lv\/wp-json\/wp\/v2\/comments?post=81950"}],"version-history":[{"count":0,"href":"https:\/\/www.europesays.com\/lv\/wp-json\/wp\/v2\/posts\/81950\/revisions"}],"wp:featuredmedia":[{"embeddable":true,"href":"https:\/\/www.europesays.com\/lv\/wp-json\/wp\/v2\/media\/81951"}],"wp:attachment":[{"href":"https:\/\/www.europesays.com\/lv\/wp-json\/wp\/v2\/media?parent=81950"}],"wp:term":[{"taxonomy":"category","embeddable":true,"href":"https:\/\/www.europesays.com\/lv\/wp-json\/wp\/v2\/categories?post=81950"},{"taxonomy":"post_tag","embeddable":true,"href":"https:\/\/www.europesays.com\/lv\/wp-json\/wp\/v2\/tags?post=81950"}],"curies":[{"name":"wp","href":"https:\/\/api.w.org\/{rel}","templated":true}]}}