{"id":81954,"date":"2025-12-21T14:32:08","date_gmt":"2025-12-21T14:32:08","guid":{"rendered":"https:\/\/www.europesays.com\/lv\/81954\/"},"modified":"2025-12-21T14:32:08","modified_gmt":"2025-12-21T14:32:08","slug":"tu-to-vel-nebusi-redzejis-pavisam-jaunas-2026-gada-ziemas-dzemperu-tendences","status":"publish","type":"post","link":"https:\/\/www.europesays.com\/lv\/81954\/","title":{"rendered":"Tu to v\u0113l neb\u016bsi redz\u0113jis. Pavisam jaunas 2026.gada ziemas d\u017eemperu tendences"},"content":{"rendered":"<p class=\"descr\">2025.\/2026.\u00a0gada ziemas garderobe nav piln\u012bga bez moderna d\u017eempera. Dizainers Andre Tans dal\u012bj\u0101s ar sezonas oblig\u0101tajiem d\u017eemperu stiliem un sniedza padomus, k\u0101 tos pieska\u0146ot ikdienas garderobei, raksta RBC.<\/p>\n<p>\t\t\t\t\t\t\t\t\t\t\t\t\t\t\t\tP\u016bkaini d\u017eemperi &#8211; sezonas hits <\/p>\n<p>Tenden\u010du saraksta aug\u0161gal\u0101 ir p\u016bkaini <a href=\"https:\/\/nra.lv\/birka\/dzemperis\/\" rel=\"nofollow noopener\" target=\"_blank\">d\u017eemperi<\/a> ar garu apkakli. Tie rada m\u0101j\u012bguma saj\u016btu, vienlaikus pie\u0161\u0137irot apjomu un tekst\u016bru jebkuram t\u0113rpam.<\/p>\n<p>\u0160ie d\u017eemperi labi sader gan ar d\u017einsiem, gan ar sv\u0101rkiem, padarot tos par ide\u0101li piem\u0113rotiem, lai pan\u0101ktu stil\u012bgu izskatu, neb\u016bdami p\u0101r\u0101k form\u0101li. P\u0113c dizainera teikt\u0101, \u0161\u012b tendence pa\u0161laik ir sav\u0101 popularit\u0101tes virsotn\u0113.<\/p>\n<p>     <img decoding=\"async\" style=\"max-width: 600px;\" src=\"https:\/\/www.europesays.com\/lv\/wp-content\/uploads\/2025\/12\/781214_74bee85b3d.jpg\" alt=\"\"\/> <\/p>\n<p class=\"descr-author\">Foto: freepik.com<\/p>\n<p>   <img decoding=\"async\" style=\"max-width: 600px;\" src=\"https:\/\/www.europesays.com\/lv\/wp-content\/uploads\/2025\/12\/781215_f5ec53466e.jpg\" alt=\"\"\/> <\/p>\n<p class=\"descr-author\">Foto: freepik.com<\/p>\n<p>  Argyle &#8211; klasikas atgrie\u0161an\u0101s <\/p>\n<p>V\u0113l viena \u0161\u012bs sezonas galven\u0101 tendence ir d\u017eemperi ar argyle rakstu. \u0160is rombveida raksta dizains piedz\u012bvo sp\u0113c\u012bgu atgrie\u0161anos mod\u0113. D\u017eemperi labi sader ar d\u017einsiem, piegu\u013co\u0161\u0101m biks\u0113m vai pat minisv\u0101rkiem.<\/p>\n<p>Argyle pie\u0161\u0137ir neuzkr\u012bto\u0161u eleganci un izce\u013c atjaunin\u0101t\u0101s klasikas tendenci, atkal padarot to par ziemas garderobes pamatelementu.<\/p>\n<p>  Unik\u0101li piegriezumi un izcilas deta\u013cas <\/p>\n<p>Andre Tan iesaka piev\u0113rst \u012bpa\u0161u uzman\u012bbu d\u017eemperiem ar netradicion\u0101liem piegriezumiem. Tie nav vienk\u0101r\u0161i taisna piegriezuma stili, bet gan dizaini ar izteiksm\u012bg\u0101m piedurkn\u0113m, asimetriju vai papildu dekorat\u012bviem elementiem.<\/p>\n<p>\u0160\u0101di d\u017eemperi vienm\u0113r rada p\u0101rsteidzo\u0161u izskatu un pie\u0161\u0137ir ap\u0123\u0113rbam individualit\u0101ti, lieliski piem\u0113roti, lai izceltos, bet neb\u016btu p\u0101r\u0101k uzkr\u012bto\u0161i.<\/p>\n<p>  Sarkani d\u017eemperi <\/p>\n<p>Ceturt\u0101 tendence ir sarkani d\u017eemperi visos to\u0146os. No tum\u0161i bordo l\u012bdz spilgti Valentino sarkanai, \u0161\u012b kr\u0101sa ir k\u013cuvusi par \u012bstu sezonas simbolu.<\/p>\n<p>P\u0113c dizainera dom\u0101m, sarkans d\u017eemperis ir oblig\u0101ts elements modern\u0101 ziemas garderob\u0113. Tas pie\u0161\u0137ir ener\u0123iju ap\u0123\u0113rbam, atsvaidzina izskatu un kalpo k\u0101 stil\u012bgs akcents pat minim\u0101listisk\u0101s kombin\u0101cij\u0101s.<\/p>\n<p>Dizainers uzsver, ka modernam ziemas d\u017eemperim j\u0101b\u016bt gan siltam, gan ar raksturu. P\u016bkainas tekst\u016bras, klasiski raksti, unik\u0101li piegriezumi un ko\u0161as kr\u0101sas ir lietas, kas nosaka sezonas stil\u012bgo izskatu.<\/p>\n<p>Vair\u0101k par modi <a href=\"https:\/\/nra.lv\/birka\/mode\/\" rel=\"nofollow noopener\" target=\"_blank\">lasiet \u0161eit.<\/a><\/p>\n","protected":false},"excerpt":{"rendered":"2025.\/2026.\u00a0gada ziemas garderobe nav piln\u012bga bez moderna d\u017eempera. Dizainers Andre Tans dal\u012bj\u0101s ar sezonas oblig\u0101tajiem d\u017eemperu stiliem un&hellip;\n","protected":false},"author":2,"featured_media":81955,"comment_status":"","ping_status":"","sticky":false,"template":"","format":"standard","meta":{"footnotes":""},"categories":[5],"tags":[23,28,29,32,33,22,30,31,35,39,38,36,37,34,40,20,26,27,24,25,21],"class_list":{"0":"post-81954","1":"post","2":"type-post","3":"status-publish","4":"format-standard","5":"has-post-thumbnail","7":"category-aktualitates","8":"tag-aktualitates","9":"tag-breaking-news","10":"tag-breakingnews","11":"tag-featured-news","12":"tag-featurednews","13":"tag-headlines","14":"tag-latest-news","15":"tag-latestnews","16":"tag-latvia","17":"tag-latvian","18":"tag-latviesu","19":"tag-latviesu-valoda","20":"tag-latviesuvaloda","21":"tag-latvija","22":"tag-lv","23":"tag-news","24":"tag-popularakas-zinas","25":"tag-popularakaszinas","26":"tag-top-stories","27":"tag-topstories","28":"tag-zinas"},"share_on_mastodon":{"url":"https:\/\/pubeurope.com\/@lv\/115758048538383114","error":""},"_links":{"self":[{"href":"https:\/\/www.europesays.com\/lv\/wp-json\/wp\/v2\/posts\/81954","targetHints":{"allow":["GET"]}}],"collection":[{"href":"https:\/\/www.europesays.com\/lv\/wp-json\/wp\/v2\/posts"}],"about":[{"href":"https:\/\/www.europesays.com\/lv\/wp-json\/wp\/v2\/types\/post"}],"author":[{"embeddable":true,"href":"https:\/\/www.europesays.com\/lv\/wp-json\/wp\/v2\/users\/2"}],"replies":[{"embeddable":true,"href":"https:\/\/www.europesays.com\/lv\/wp-json\/wp\/v2\/comments?post=81954"}],"version-history":[{"count":0,"href":"https:\/\/www.europesays.com\/lv\/wp-json\/wp\/v2\/posts\/81954\/revisions"}],"wp:featuredmedia":[{"embeddable":true,"href":"https:\/\/www.europesays.com\/lv\/wp-json\/wp\/v2\/media\/81955"}],"wp:attachment":[{"href":"https:\/\/www.europesays.com\/lv\/wp-json\/wp\/v2\/media?parent=81954"}],"wp:term":[{"taxonomy":"category","embeddable":true,"href":"https:\/\/www.europesays.com\/lv\/wp-json\/wp\/v2\/categories?post=81954"},{"taxonomy":"post_tag","embeddable":true,"href":"https:\/\/www.europesays.com\/lv\/wp-json\/wp\/v2\/tags?post=81954"}],"curies":[{"name":"wp","href":"https:\/\/api.w.org\/{rel}","templated":true}]}}