{"id":81961,"date":"2025-12-21T14:38:08","date_gmt":"2025-12-21T14:38:08","guid":{"rendered":"https:\/\/www.europesays.com\/lv\/81961\/"},"modified":"2025-12-21T14:38:08","modified_gmt":"2025-12-21T14:38:08","slug":"lielbritanija-par-lamansu-sogad-ieradusies-vairak-neka-41-000-nelegalo-migrantu","status":"publish","type":"post","link":"https:\/\/www.europesays.com\/lv\/81961\/","title":{"rendered":"Lielbrit\u0101nij\u0101 p\u0101r Laman\u0161u \u0161ogad ieradu\u0161ies vair\u0101k nek\u0101 41 000 neleg\u0101lo migrantu"},"content":{"rendered":"<p>Nakt\u012b uz sestdienu un sestdien Lielbrit\u0101nij\u0101 13 laiv\u0101s no Francijas zieme\u013ciem ierad\u0101s aptuveni 800 neleg\u0101lo migrantu. Tas ir liel\u0101kais neleg\u0101lo migrantu skaits \u0161aj\u0101 mar\u0161rut\u0101 vienas dienas laik\u0101 kop\u0161 8. oktobra, kad Lielbrit\u0101nij\u0101 laiv\u0101s p\u0101ri Laman\u0161am ierad\u0101s 1075 cilv\u0113ki.<\/p>\n<p>Tas ir ar\u012b liel\u0101kais skaits, k\u0101ds vienas dienas laik\u0101 \u0161\u0137\u0113rsojis Laman\u0161u decembra m\u0113nes\u012b, liecina dati, kas tiek apkopoti kop\u0161 2018. gada.<\/p>\n<p>Decembris tradicion\u0101li ir viens no klus\u0101kajiem m\u0113ne\u0161iem Laman\u0161a \u0161\u0137\u0113rso\u0161anai, jo zema temperat\u016bra, slikta redzam\u012bba, maz\u0101k dienas gaismas un v\u0113traini laikapst\u0101k\u013ci braucienu padara \u012bpa\u0161i sare\u017e\u0123\u012btu.<\/p>\n<p>Visvair\u0101k iebrauc\u0113ju decembr\u012b ir re\u0123istr\u0113ts 2024. gad\u0101, kad Lielbrit\u0101nij\u0101 p\u0113c \u0161auruma \u0161\u0137\u0113rso\u0161anas ierad\u0101s 3254 cilv\u0113ki.<\/p>\n","protected":false},"excerpt":{"rendered":"Nakt\u012b uz sestdienu un sestdien Lielbrit\u0101nij\u0101 13 laiv\u0101s no Francijas zieme\u013ciem ierad\u0101s aptuveni 800 neleg\u0101lo migrantu. Tas ir&hellip;\n","protected":false},"author":2,"featured_media":81962,"comment_status":"","ping_status":"","sticky":false,"template":"","format":"standard","meta":{"footnotes":""},"categories":[5],"tags":[23,28,29,32,33,22,30,31,35,39,38,36,37,34,487,40,6536,7958,20,26,27,24,25,21],"class_list":{"0":"post-81961","1":"post","2":"type-post","3":"status-publish","4":"format-standard","5":"has-post-thumbnail","7":"category-aktualitates","8":"tag-aktualitates","9":"tag-breaking-news","10":"tag-breakingnews","11":"tag-featured-news","12":"tag-featurednews","13":"tag-headlines","14":"tag-latest-news","15":"tag-latestnews","16":"tag-latvia","17":"tag-latvian","18":"tag-latviesu","19":"tag-latviesu-valoda","20":"tag-latviesuvaloda","21":"tag-latvija","22":"tag-lielbritanija","23":"tag-lv","24":"tag-migranti","25":"tag-nelegala-migracija","26":"tag-news","27":"tag-popularakas-zinas","28":"tag-popularakaszinas","29":"tag-top-stories","30":"tag-topstories","31":"tag-zinas"},"share_on_mastodon":{"url":"https:\/\/pubeurope.com\/@lv\/115758072014548241","error":""},"_links":{"self":[{"href":"https:\/\/www.europesays.com\/lv\/wp-json\/wp\/v2\/posts\/81961","targetHints":{"allow":["GET"]}}],"collection":[{"href":"https:\/\/www.europesays.com\/lv\/wp-json\/wp\/v2\/posts"}],"about":[{"href":"https:\/\/www.europesays.com\/lv\/wp-json\/wp\/v2\/types\/post"}],"author":[{"embeddable":true,"href":"https:\/\/www.europesays.com\/lv\/wp-json\/wp\/v2\/users\/2"}],"replies":[{"embeddable":true,"href":"https:\/\/www.europesays.com\/lv\/wp-json\/wp\/v2\/comments?post=81961"}],"version-history":[{"count":0,"href":"https:\/\/www.europesays.com\/lv\/wp-json\/wp\/v2\/posts\/81961\/revisions"}],"wp:featuredmedia":[{"embeddable":true,"href":"https:\/\/www.europesays.com\/lv\/wp-json\/wp\/v2\/media\/81962"}],"wp:attachment":[{"href":"https:\/\/www.europesays.com\/lv\/wp-json\/wp\/v2\/media?parent=81961"}],"wp:term":[{"taxonomy":"category","embeddable":true,"href":"https:\/\/www.europesays.com\/lv\/wp-json\/wp\/v2\/categories?post=81961"},{"taxonomy":"post_tag","embeddable":true,"href":"https:\/\/www.europesays.com\/lv\/wp-json\/wp\/v2\/tags?post=81961"}],"curies":[{"name":"wp","href":"https:\/\/api.w.org\/{rel}","templated":true}]}}