{"id":81965,"date":"2025-12-21T14:43:29","date_gmt":"2025-12-21T14:43:29","guid":{"rendered":"https:\/\/www.europesays.com\/lv\/81965\/"},"modified":"2025-12-21T14:43:29","modified_gmt":"2025-12-21T14:43:29","slug":"lielas-pilsetas-aicina-prezidentu-iesaistities-baika-kriminallieta-devejot-to-par-administrativa-jautajuma-kriminalizesanu","status":"publish","type":"post","link":"https:\/\/www.europesays.com\/lv\/81965\/","title":{"rendered":"Liel\u0101s pils\u0113tas aicina prezidentu iesaist\u012bties Baika krimin\u0101lliet\u0101, d\u0113v\u0113jot to par \u00abadministrat\u012bva jaut\u0101juma kriminaliz\u0113\u0161anu\u00bb"},"content":{"rendered":"<p>Asoci\u0101cijas v\u0113stule Valsts prezidentam<\/p>\n<p>Rea\u0123\u0113jot uz Eiropas Prokurat\u016brai nodoto krimin\u0101lprocesu, kur\u0101 k\u0101 aizdom\u0101s tur\u0113tais figur\u0113 Valmieras m\u0113rs J\u0101nis Baiks no politisk\u0101s apvien\u012bbas &#8220;Valmierai un Vidzemei&#8221;, Latvijas Lielo pils\u0113tu asoci\u0101cija (LLPA) ir v\u0113rsusies pie Valsts prezidenta Edgara Rink\u0113vi\u010da. K\u0101 inform\u0113 port\u0101ls jauns.lv, asoci\u0101cijas p\u0101rst\u0101vji aicina politi\u0137i iesaist\u012bties un mudina iest\u0101des izv\u0113rt\u0113t \u0161\u012b krimin\u0101lprocesa sam\u0113r\u012bgumu, uzsverot, ka situ\u0101cija var\u0113tu rad\u012bt tiesisk\u0101s pa\u013c\u0101v\u012bbas principa p\u0101rk\u0101pumus, \u012bpa\u0161i attiec\u012bb\u0101 uz ES fondu projektu \u012bsteno\u0161anu.<\/p>\n<p>Krimin\u0101llieta par ES fondu izmanto\u0161anu<\/p>\n<p>Krimin\u0101lvaj\u0101\u0161ana, ko rosina Korupcijas nov\u0113r\u0161anas un apkaro\u0161anas birojs (KNAB), ir saist\u012bta ar industri\u0101l\u0101s telpas b\u016bvniec\u012bbu Valmier\u0101, kas paredz\u0113ta bru\u0146utransportieru ra\u017eotnei. S\u0101kotn\u0113ji zi\u0146ots, ka KNAB rosina krimin\u0101lvaj\u0101\u0161anu pret piec\u0101m person\u0101m, tostarp Valmieras m\u0113ru, par iesp\u0113jamiem noziedz\u012bgiem nodar\u012bjumiem, kas saist\u012bti ar Eiropas Savien\u012bbas (ES) l\u012bdzek\u013cu piesaisti. Aizdomas galvenok\u0101rt skar kr\u0101p\u0161anu liel\u0101 apm\u0113r\u0101 un dienesta st\u0101vok\u013ca \u013caunpr\u0101t\u012bgu izmanto\u0161anu.<\/p>\n<p>Projekta m\u0113rogs un aizdomu b\u016bt\u012bba<\/p>\n<p>Izmekl\u0113\u0161ana nor\u0101da uz iesp\u0113jamiem p\u0101rk\u0101pumiem, kas saist\u012bti ar Eiropas Re\u0123ion\u0101l\u0101s att\u012bst\u012bbas fonda (ERAF) un Latvijas valsts bud\u017eeta l\u012bdzek\u013cu piesaisti R\u016bpniec\u012bbas un eksporta parka projekta ietvaros. Izmekl\u0113t\u0101jiem radu\u0161\u0101s aizdomas, ka, veicot b\u016bvprojekta izmai\u0146as, lai piel\u0101gotu telpas konkr\u0113tam komersantam, atbild\u012bg\u0101s instit\u016bcijas tiku\u0161as maldin\u0101tas par patiesajiem izdevumiem, k\u0101 rezult\u0101t\u0101 nelikum\u012bgi m\u0113\u0123in\u0101ts piesaist\u012bt liel\u0101ku finans\u0113jumu, nek\u0101 to pie\u013cauj normat\u012bvi.<\/p>\n<blockquote><p>M\u0113rs Baiks ir paudis, ka pa\u0161vald\u012bbas projekts ir realiz\u0113ts sare\u017e\u0123\u012btos apst\u0101k\u013cos, ta\u010du izpildot visus ES normat\u012bvus un Ministru kabineta pras\u012bbas. Vi\u0146\u0161 ar\u012b nor\u0101d\u012bjis, ka nomas ties\u012bbas tika ieg\u016btas atkl\u0101t\u0101 izsol\u0113.<\/p><\/blockquote>\n<p>Pla\u0161\u0101ka rezonanse pa\u0161vald\u012bbu vid\u016b<\/p>\n<p>LLPA v\u0113r\u0161an\u0101s pie prezidenta liecina par ba\u017e\u0101m ne tikai Valmieras, bet ar\u012b citu Latvijas lielo pils\u0113tu vid\u016b par iesp\u0113jamo tendenci administrat\u012bvu jaut\u0101jumu p\u0101rv\u0113r\u0161anai krimin\u0101los. \u0160\u0101ds gad\u012bjums tiek v\u0113rt\u0113ts k\u0101 sign\u0101ls par potenci\u0101lu risku citu pa\u0161vald\u012bbu vad\u012bt\u0101jiem, kas nodarbojas ar sare\u017e\u0123\u012btu ES fondu projektu realiz\u0113\u0161anu. Situ\u0101cija pieprasa Valsts prezidenta, k\u0101 valsts vienot\u012bbas un tiesiskuma simbolam, v\u0113rt\u0113jumu.<\/p>\n","protected":false},"excerpt":{"rendered":"Asoci\u0101cijas v\u0113stule Valsts prezidentam Rea\u0123\u0113jot uz Eiropas Prokurat\u016brai nodoto krimin\u0101lprocesu, kur\u0101 k\u0101 aizdom\u0101s tur\u0113tais figur\u0113 Valmieras m\u0113rs J\u0101nis&hellip;\n","protected":false},"author":2,"featured_media":81966,"comment_status":"","ping_status":"","sticky":false,"template":"","format":"standard","meta":{"footnotes":""},"categories":[12],"tags":[23,28,29,4512,20665,32,33,22,20675,30,31,35,39,38,36,37,34,20676,40,20,26,27,24,25,481,21],"class_list":{"0":"post-81965","1":"post","2":"type-post","3":"status-publish","4":"format-standard","5":"has-post-thumbnail","7":"category-latvija","8":"tag-aktualitates","9":"tag-breaking-news","10":"tag-breakingnews","11":"tag-eiropas-prokuratura","12":"tag-es-fondi","13":"tag-featured-news","14":"tag-featurednews","15":"tag-headlines","16":"tag-janis-baiks","17":"tag-latest-news","18":"tag-latestnews","19":"tag-latvia","20":"tag-latvian","21":"tag-latviesu","22":"tag-latviesu-valoda","23":"tag-latviesuvaloda","24":"tag-latvija","25":"tag-lielo-pilsetu-asociacija","26":"tag-lv","27":"tag-news","28":"tag-popularakas-zinas","29":"tag-popularakaszinas","30":"tag-top-stories","31":"tag-topstories","32":"tag-valmiera","33":"tag-zinas"},"share_on_mastodon":{"url":"https:\/\/pubeurope.com\/@lv\/115758091766771118","error":""},"_links":{"self":[{"href":"https:\/\/www.europesays.com\/lv\/wp-json\/wp\/v2\/posts\/81965","targetHints":{"allow":["GET"]}}],"collection":[{"href":"https:\/\/www.europesays.com\/lv\/wp-json\/wp\/v2\/posts"}],"about":[{"href":"https:\/\/www.europesays.com\/lv\/wp-json\/wp\/v2\/types\/post"}],"author":[{"embeddable":true,"href":"https:\/\/www.europesays.com\/lv\/wp-json\/wp\/v2\/users\/2"}],"replies":[{"embeddable":true,"href":"https:\/\/www.europesays.com\/lv\/wp-json\/wp\/v2\/comments?post=81965"}],"version-history":[{"count":0,"href":"https:\/\/www.europesays.com\/lv\/wp-json\/wp\/v2\/posts\/81965\/revisions"}],"wp:featuredmedia":[{"embeddable":true,"href":"https:\/\/www.europesays.com\/lv\/wp-json\/wp\/v2\/media\/81966"}],"wp:attachment":[{"href":"https:\/\/www.europesays.com\/lv\/wp-json\/wp\/v2\/media?parent=81965"}],"wp:term":[{"taxonomy":"category","embeddable":true,"href":"https:\/\/www.europesays.com\/lv\/wp-json\/wp\/v2\/categories?post=81965"},{"taxonomy":"post_tag","embeddable":true,"href":"https:\/\/www.europesays.com\/lv\/wp-json\/wp\/v2\/tags?post=81965"}],"curies":[{"name":"wp","href":"https:\/\/api.w.org\/{rel}","templated":true}]}}