{"id":81988,"date":"2025-12-21T15:07:08","date_gmt":"2025-12-21T15:07:08","guid":{"rendered":"https:\/\/www.europesays.com\/lv\/81988\/"},"modified":"2025-12-21T15:07:08","modified_gmt":"2025-12-21T15:07:08","slug":"svinet-meza-paliekot-pa-nakti-soctiklotaji-dalas-interesantas-tradicijas-tas-svetkus-padaris-neaizmirstamus","status":"publish","type":"post","link":"https:\/\/www.europesays.com\/lv\/81988\/","title":{"rendered":"\u201cSvin\u0113t me\u017e\u0101, paliekot pa nakti.\u201d Soct\u012bklot\u0101ji dal\u0101s interesant\u0101s trad\u012bcij\u0101s \u2013 t\u0101s sv\u0113tkus padar\u012bs neaizmirstamus"},"content":{"rendered":"<p>    <img decoding=\"async\" src=\"https:\/\/www.europesays.com\/lv\/wp-content\/uploads\/2025\/12\/pexels-nicole-michalou-5778899-1024x683.jpg\" alt=\"&#10;\"\/><\/p>\n<p>Foto: Pexels\n<\/p>\n<p>16:06, 21. decembris 2025<\/p>\n<p>Trad\u012bcijas pie\u0161\u0137ir sv\u0113tkiem \u012bpa\u0161u noz\u012bmi, rada kop\u012bbas saj\u016btu un iedvesmo \u0123imenes un draugu lokus rad\u012bt savus unik\u0101lus sv\u0113tku ritu\u0101lus. \u0160ogad iedvesmojies no soct\u012bklot\u0101ju idej\u0101m un s\u0101c savu jauno trad\u012bciju!<\/p>\n<p>        Las\u012bt\u0101kie<br \/>\n        <a data-imagesrc=\"{&quot;300&quot;:&quot;https:\\\/\\\/lastatic.ams3.cdn.digitaloceanspaces.com\\\/2025\\\/12\\\/pexels-cottonbro-3171815-300x200.jpg&quot;,&quot;1024&quot;:&quot;https:\\\/\\\/lastatic.ams3.cdn.digitaloceanspaces.com\\\/2025\\\/12\\\/pexels-cottonbro-3171815-1024x684.jpg&quot;,&quot;1536&quot;:&quot;https:\\\/\\\/lastatic.ams3.cdn.digitaloceanspaces.com\\\/2025\\\/12\\\/pexels-cottonbro-3171815-1536x1026.jpg&quot;,&quot;500&quot;:&quot;https:\\\/\\\/lastatic.ams3.cdn.digitaloceanspaces.com\\\/2025\\\/12\\\/pexels-cottonbro-3171815-500x334.jpg&quot;,&quot;800&quot;:&quot;https:\\\/\\\/lastatic.ams3.cdn.digitaloceanspaces.com\\\/2025\\\/12\\\/pexels-cottonbro-3171815-800x534.jpg&quot;,&quot;2560&quot;:&quot;https:\\\/\\\/lastatic.ams3.cdn.digitaloceanspaces.com\\\/2025\\\/12\\\/pexels-cottonbro-3171815-scaled.jpg&quot;}\" data-focuspoint=\"&quot;&quot;\" data-p=\"2484502\" href=\"https:\/\/www.la.lv\/tikai-sis-cetras-zodiaka-zimes-mirdzes-visu-2026-gadu-kas-tas-sagaida\" class=\"content-item lazy-load\" wp_automatic_readability=\"26\" rel=\"nofollow noopener\" target=\"_blank\"><\/p>\n<p>                                <img decoding=\"async\" src=\"\" alt=\"\" style=\"\" data-imageid=\"\"\/><\/p>\n<p>                                Kokteilis<\/p>\n<p>\n                                                Tikai \u0161\u012bs \u010detras zodiaka z\u012bmes mirdz\u0113s visu 2026. gadu: kas t\u0101s sagaida\n                            <\/p>\n<p><\/a><a data-imagesrc=\"{&quot;300&quot;:&quot;https:\\\/\\\/lastatic.ams3.cdn.digitaloceanspaces.com\\\/2025\\\/12\\\/68ead995-eb1d-43f6-83be-659f3833dd4f-1-300x200.jpg&quot;,&quot;1024&quot;:&quot;https:\\\/\\\/lastatic.ams3.cdn.digitaloceanspaces.com\\\/2025\\\/12\\\/68ead995-eb1d-43f6-83be-659f3833dd4f-1-1024x683.jpg&quot;,&quot;1536&quot;:&quot;https:\\\/\\\/lastatic.ams3.cdn.digitaloceanspaces.com\\\/2025\\\/12\\\/68ead995-eb1d-43f6-83be-659f3833dd4f-1-1536x1024.jpg&quot;,&quot;500&quot;:&quot;https:\\\/\\\/lastatic.ams3.cdn.digitaloceanspaces.com\\\/2025\\\/12\\\/68ead995-eb1d-43f6-83be-659f3833dd4f-1-500x333.jpg&quot;,&quot;800&quot;:&quot;https:\\\/\\\/lastatic.ams3.cdn.digitaloceanspaces.com\\\/2025\\\/12\\\/68ead995-eb1d-43f6-83be-659f3833dd4f-1-800x533.jpg&quot;,&quot;1800&quot;:&quot;https:\\\/\\\/lastatic.ams3.cdn.digitaloceanspaces.com\\\/2025\\\/12\\\/68ead995-eb1d-43f6-83be-659f3833dd4f-1.jpg&quot;}\" data-focuspoint=\"&quot;&quot;\" data-p=\"2484506\" href=\"https:\/\/www.la.lv\/foto-bernudarzs-par-kuru-runa-visa-latvija-tik-grezna-ziemassvetku-pasaka-skiet-citviet-nav-redzeta\" class=\"content-item lazy-load\" wp_automatic_readability=\"28\" rel=\"nofollow noopener\" target=\"_blank\"><\/p>\n<p>                                <img decoding=\"async\" src=\"\" alt=\"\" style=\"\" data-imageid=\"\"\/><\/p>\n<p>                                            FOTO. B\u0113rnud\u0101rzs, par kuru run\u0101  visa Latvija \u2013 tik grezna Ziemassv\u0113tku pasaka, \u0161\u0137iet, citviet nav redz\u0113ta\n                            <\/p>\n<p><\/a><a data-imagesrc=\"{&quot;300&quot;:&quot;https:\\\/\\\/lastatic.ams3.cdn.digitaloceanspaces.com\\\/2024\\\/12\\\/pexels-markoklaric-6159299-300x211.jpg&quot;,&quot;1024&quot;:&quot;https:\\\/\\\/lastatic.ams3.cdn.digitaloceanspaces.com\\\/2024\\\/12\\\/pexels-markoklaric-6159299-1024x720.jpg&quot;,&quot;768&quot;:&quot;https:\\\/\\\/lastatic.ams3.cdn.digitaloceanspaces.com\\\/2024\\\/12\\\/pexels-markoklaric-6159299-768x540.jpg&quot;,&quot;1536&quot;:&quot;https:\\\/\\\/lastatic.ams3.cdn.digitaloceanspaces.com\\\/2024\\\/12\\\/pexels-markoklaric-6159299-1536x1079.jpg&quot;,&quot;2048&quot;:&quot;https:\\\/\\\/lastatic.ams3.cdn.digitaloceanspaces.com\\\/2024\\\/12\\\/pexels-markoklaric-6159299-2048x1439.jpg&quot;,&quot;200&quot;:&quot;https:\\\/\\\/lastatic.ams3.cdn.digitaloceanspaces.com\\\/2024\\\/12\\\/pexels-markoklaric-6159299-200x141.jpg&quot;,&quot;400&quot;:&quot;https:\\\/\\\/lastatic.ams3.cdn.digitaloceanspaces.com\\\/2024\\\/12\\\/pexels-markoklaric-6159299-400x281.jpg&quot;,&quot;500&quot;:&quot;https:\\\/\\\/lastatic.ams3.cdn.digitaloceanspaces.com\\\/2024\\\/12\\\/pexels-markoklaric-6159299-500x351.jpg&quot;,&quot;800&quot;:&quot;https:\\\/\\\/lastatic.ams3.cdn.digitaloceanspaces.com\\\/2024\\\/12\\\/pexels-markoklaric-6159299-800x562.jpg&quot;,&quot;1000&quot;:&quot;https:\\\/\\\/lastatic.ams3.cdn.digitaloceanspaces.com\\\/2024\\\/12\\\/pexels-markoklaric-6159299-1000x703.jpg&quot;,&quot;2560&quot;:&quot;https:\\\/\\\/lastatic.ams3.cdn.digitaloceanspaces.com\\\/2024\\\/12\\\/pexels-markoklaric-6159299-scaled.jpg&quot;}\" data-focuspoint=\"&quot;&quot;\" data-p=\"2297374\" href=\"https:\/\/www.la.lv\/luk-ka-izskatas-nekopta-sieviete-7-pazimes-kas-par-to-liecina\" class=\"content-item lazy-load\" wp_automatic_readability=\"27\" rel=\"nofollow noopener\" target=\"_blank\"><\/p>\n<p>                                <img decoding=\"async\" src=\"\" alt=\"\" style=\"\" data-imageid=\"\"\/><\/p>\n<p>                                Veselam<\/p>\n<p>\n                                                L\u016bk, k\u0101 izskat\u0101s nekopta sieviete: 7 paz\u012bmes, kas par to liecina\n                            <\/p>\n<p><\/a><br \/>\n        <a class=\"read-more\" href=\"https:\/\/www.la.lv\/top\" rel=\"nofollow noopener\" target=\"_blank\">Las\u012bt citas zi\u0146as<\/a><\/p>\n<p>Trad\u012bcijas ir kas patiesi \u012bpa\u0161s. T\u0101s rada kop\u012bbas un pieder\u012bbas saj\u016btu. Gadu simtiem vecas vai tikko s\u0101ktas \u2014 nav noz\u012bmes. Galvenais ir saj\u016btas, ko t\u0101s rada. Katr\u0101 valst\u012b, pils\u0113t\u0101, \u0123imen\u0113 vai draugu lok\u0101 t\u0101s ir katram savas.<\/p>\n<p>Sv\u0113tki ir laiks, kad trad\u012bcijas parasti piekopj vair\u0101k cilv\u0113ku. Ziemassv\u0113tki ir \u0123imenes un tuvinieku laiks. Viens no veidiem, k\u0101 kop\u0101 san\u0101k\u0161anu padar\u012bt mazliet jautr\u0101ku, ir ieviest pa\u0161iem savas trad\u012bcijas.<\/p>\n<p>    CITI \u0160OBR\u012aD LASA<\/p>\n<p>Ar sav\u0101m trad\u012bcij\u0101m vietn\u0113 \u201cThreads\u201d dal\u012bju\u0161ies ar\u012b vair\u0101ki soct\u012bklot\u0101ji. Ieskaties \u2014 varb\u016bt \u0161ogad ir laiks s\u0101kt ko jaunu!<\/p>\n<p>Soct\u012bklot\u0101ju idejas trad\u012bcij\u0101m:<\/p>\n<p>\u201cKatrs \u0123imenes loceklis atlasa top 10 bildes\/kadrus\/video no aizejo\u0161\u0101 gada. Tad Ziemassv\u0113tkos pie sv\u0113tku galda katrs par\u0101da uz projektora\/TV un padal\u0101s, k\u0101p\u0113c. Iesaku visiem \u2014 izcils veids, k\u0101 atskat\u012bties uz gadu kop\u0101.\u201d<\/p>\n<p>\u201cNoraut gripu vai citu dra\u0146\u0137i, lai paliktu m\u0101j\u0101s visi zem seg\u0101m ar temperat\u016bru, atkor\u0137\u0113tu me\u017eezeru (pirms tam iz\u010dik\u0101joties, kur\u0161 to sag\u0101d\u0101s, jo slimi visi), atv\u0113rtiem aizkariem, baudot rajona kaimi\u0146u sal\u016btu.\u201d<\/p>\n<p>\u201cPiedal\u0101mies viktor\u012bn\u0101.\u201d<\/p>\n<p>\u201cRakst\u0101m nov\u0113l\u0113jumus n\u0101kamajam gadam \u2014 no sava v\u0101rda burtiem, un lai v\u0101rds vai nov\u0113l\u0113jums s\u0101kas ar to burtu. L \u2014 laime, I \u2014 interesanti piedz\u012bvojumi, N \u2014 naudi\u0146a, D \u2014 drosme, A \u2014 aizraujo\u0161s gads. Ja ir liela komp\u0101nija, san\u0101k \u013coti jauki un for\u0161i. P\u0113d\u0113jos tr\u012bs gadus t\u0101 dar\u0101m.\u201d<\/p>\n<p>\u201cKatru gadu noteikts dreskods. Vienu gadu bija katrai \u0123imenei sava kr\u0101sa, vienu gadu \u2014 20\u201330 gadu stils visiem. \u0160ogad \u2014 multfilmu un filmu varo\u0146i.\u201d<\/p>\n<p>\u201cSvin\u0113t me\u017e\u0101, paliekot pa nakti.\u201d<\/p>\n<p>\u201cIemet dampjos uzkodas, karstv\u012bnu un p\u0101r\u0113jos k\u0101rumus un brauc me\u017e\u0101 pas\u0113d\u0113t.\u201d<\/p>\n<p>\u201cM\u0113s tais\u0101m \u201cgada p\u0101rskatus\u201d \u2014 sarakst\u0101m vis\u0101das nomin\u0101cijas, piem\u0113ram, gada notikums, gada iepaz\u012b\u0161an\u0101s, gada izg\u0101\u0161an\u0101s utt. Dal\u012b\u0161an\u0101s ir br\u012bvpr\u0101t\u012bga. V\u0113l l\u012bm\u0113jam v\u0113lmju kol\u0101\u017eas n\u0101kamajam gadam no \u017eurn\u0101liem. Oblig\u0101ti Ziemassv\u0113tku p\u012br\u0101dzi\u0146os iecepam \u201cpare\u0123ojumu\u201d \u2014 centu uz bag\u0101t\u012bbu, piparus uz vesel\u012bbu, egl\u012btes skuju uz laimi.\u201d<\/p>\n<p>\u201cM\u0113s k\u0101dreiz cep\u0101m p\u012br\u0101gos ar\u012b maz\u012bti\u0146u ma\u0161\u012bnu, m\u0101ji\u0146u vai mazu lell\u012bti \u2014 attiec\u012bgi jauna ma\u0161\u012bna, m\u0101ja vai \u0123imenes pieaugums. V\u0113l katram izdal\u012bj\u0101m karpas zv\u012b\u0146u, ko tur\u0113t mak\u0101, lai vienm\u0113r tur b\u016btu naudi\u0146a.\u201d<\/p>\n<p>Padalies ar\u012b savu sv\u0113tku trad\u012bciju!<\/p>\n<p>    Zi\u0146o!<\/p>\n<p>\n        Ja ar\u012b Tu v\u0113lies padal\u012bties ar savu st\u0101stu\n    <\/p>\n<p>    <a class=\"zino-calltoaction__button\" href=\"https:\/\/zino.la.lv\" rel=\"nofollow noopener\" target=\"_blank\">Zi\u0146o!<\/a><\/p>\n<p>T\u0113mas<\/p>\n<p>    SAIST\u012aTIE RAKSTI<\/p>\n","protected":false},"excerpt":{"rendered":"Foto: Pexels 16:06, 21. decembris 2025 Trad\u012bcijas pie\u0161\u0137ir sv\u0113tkiem \u012bpa\u0161u noz\u012bmi, rada kop\u012bbas saj\u016btu un iedvesmo \u0123imenes un&hellip;\n","protected":false},"author":2,"featured_media":81989,"comment_status":"","ping_status":"","sticky":false,"template":"","format":"standard","meta":{"footnotes":""},"categories":[12],"tags":[23,28,29,32,33,22,30,31,35,39,38,36,37,34,40,20,26,27,24,25,21],"class_list":{"0":"post-81988","1":"post","2":"type-post","3":"status-publish","4":"format-standard","5":"has-post-thumbnail","7":"category-latvija","8":"tag-aktualitates","9":"tag-breaking-news","10":"tag-breakingnews","11":"tag-featured-news","12":"tag-featurednews","13":"tag-headlines","14":"tag-latest-news","15":"tag-latestnews","16":"tag-latvia","17":"tag-latvian","18":"tag-latviesu","19":"tag-latviesu-valoda","20":"tag-latviesuvaloda","21":"tag-latvija","22":"tag-lv","23":"tag-news","24":"tag-popularakas-zinas","25":"tag-popularakaszinas","26":"tag-top-stories","27":"tag-topstories","28":"tag-zinas"},"share_on_mastodon":{"url":"https:\/\/pubeurope.com\/@lv\/115758186213022570","error":""},"_links":{"self":[{"href":"https:\/\/www.europesays.com\/lv\/wp-json\/wp\/v2\/posts\/81988","targetHints":{"allow":["GET"]}}],"collection":[{"href":"https:\/\/www.europesays.com\/lv\/wp-json\/wp\/v2\/posts"}],"about":[{"href":"https:\/\/www.europesays.com\/lv\/wp-json\/wp\/v2\/types\/post"}],"author":[{"embeddable":true,"href":"https:\/\/www.europesays.com\/lv\/wp-json\/wp\/v2\/users\/2"}],"replies":[{"embeddable":true,"href":"https:\/\/www.europesays.com\/lv\/wp-json\/wp\/v2\/comments?post=81988"}],"version-history":[{"count":0,"href":"https:\/\/www.europesays.com\/lv\/wp-json\/wp\/v2\/posts\/81988\/revisions"}],"wp:featuredmedia":[{"embeddable":true,"href":"https:\/\/www.europesays.com\/lv\/wp-json\/wp\/v2\/media\/81989"}],"wp:attachment":[{"href":"https:\/\/www.europesays.com\/lv\/wp-json\/wp\/v2\/media?parent=81988"}],"wp:term":[{"taxonomy":"category","embeddable":true,"href":"https:\/\/www.europesays.com\/lv\/wp-json\/wp\/v2\/categories?post=81988"},{"taxonomy":"post_tag","embeddable":true,"href":"https:\/\/www.europesays.com\/lv\/wp-json\/wp\/v2\/tags?post=81988"}],"curies":[{"name":"wp","href":"https:\/\/api.w.org\/{rel}","templated":true}]}}