{"id":81994,"date":"2025-12-21T15:13:13","date_gmt":"2025-12-21T15:13:13","guid":{"rendered":"https:\/\/www.europesays.com\/lv\/81994\/"},"modified":"2025-12-21T15:13:13","modified_gmt":"2025-12-21T15:13:13","slug":"bauskas-muzejs-piedava-pirmas-multisensoras-ekskursijas-redzes-traucejumu-izzinai-lente-lv","status":"publish","type":"post","link":"https:\/\/www.europesays.com\/lv\/81994\/","title":{"rendered":"Bauskas Muzejs Pied\u0101v\u0101 Pirm\u0101s Multisensor\u0101s Ekskursijas Redzes Trauc\u0113jumu Izzi\u0146ai\u00a0\u2014\u00a0Lente.lv"},"content":{"rendered":"<p>Inovat\u012bvs Solis Iek\u013cau\u0161an\u0101: V\u0113sture Ar Piesk\u0101rienu un Ska\u0146u<\/p>\n<p>Bauskas muzejs sper noz\u012bm\u012bgu soli sabiedr\u012bbas iek\u013cau\u0161an\u0101 un kult\u016bras pieejam\u012bbas uzlabo\u0161an\u0101, no 19. decembra pied\u0101v\u0101jot apmekl\u0113t\u0101jiem pirmo ekskursiju cilv\u0113kiem ar redzes trauc\u0113jumiem vis\u0101 novad\u0101. K\u0101 inform\u0113 Latvijas Sabiedriskie Mediji, \u0161\u012b iniciat\u012bva tapusi cie\u0161\u0101 sadarb\u012bb\u0101 ar biedr\u012bbas &#8220;Socintegra&#8221; speci\u0101listiem un pieredzes ekspertiem, m\u0113r\u0137tiec\u012bgi piel\u0101gojot ekspoz\u012bciju &#8220;Bauska laik\u0101 un cilv\u0113ki Bausk\u0101 20. gadsimt\u0101&#8221;.<\/p>\n<p>\u0160is jaunievedums nav tikai form\u0101ls papildin\u0101jums, bet gan nopietns m\u0113\u0123in\u0101jums rad\u012bt vidi, kur v\u0113sturi var izzin\u0101t, izmantojot visas ma\u0146as, kas nav vizu\u0101li atkar\u012bgas. Biedr\u012bbas &#8220;Socintegra&#8221; p\u0101rst\u0101vji kop\u0101 ar Bauskas kopienas l\u012bdzrad\u012bt\u0101jiem tuv\u0101kaj\u0101 laik\u0101 pl\u0101no p\u0101rbaud\u012bt un nov\u0113rt\u0113t, cik efekt\u012bvi jaun\u0101 pieeja sp\u0113j nodot inform\u0101ciju par Bauskas v\u0113sturi caur piesk\u0101rieniem, ska\u0146\u0101m un saisto\u0161u st\u0101st\u012bjumu.<\/p>\n<p>Sadarb\u012bba un Ekskursijas Koncepcija<\/p>\n<p>Ekspoz\u012bcijas piel\u0101go\u0161anas darbs norit\u0113jis aptuveni divu gadu garum\u0101. Biedr\u012bbas &#8220;Socintegra&#8221; valdes priek\u0161s\u0113d\u0113t\u0101ja Marija Ko\u017earina atzinusi, ka muzeja darbinieki pa\u0161i izr\u0101d\u012bju\u0161i lielu interesi par ekspoz\u012bcijas moderniz\u0113\u0161anu \u0161ai auditorijai. Lai gan atsevi\u0161\u0137i priek\u0161meti jau iepriek\u0161 bija pieejami aptaustingam, &#8220;Socintegra&#8221; speci\u0101listi izstr\u0101d\u0101ju\u0161i prec\u012bzus audio aprakstus \u2013 kodol\u012bgus to vizu\u0101lo \u012bpa\u0161\u012bbu izkl\u0101stus, kas ir piem\u0113roti neredz\u012bgiem cilv\u0113kiem.<\/p>\n<p>Ekskursijas laik\u0101 apmekl\u0113t\u0101jiem tiek rad\u012bta iesp\u0113ja ne tikai klaus\u012bties, bet ar\u012b iesaist\u012bties. Piem\u0113ram, ieejot imit\u0113t\u0101 20. gadsimta s\u0101kuma koloni\u0101lo pre\u010du veikal\u0101, ir iesp\u0113jams pasmar\u017eot \u0101rzemju gar\u0161vielas un aptaust\u012bt senas kafijas dzirnavi\u0146as. \u0160\u0101da praktisk\u0101 pieeja ir \u012bpa\u0161i svar\u012bga, jo t\u0101 \u013cauj cilv\u0113kiem ar redzes trauc\u0113jumiem iepaz\u012bt ikdienas priek\u0161metus, ar kuriem vi\u0146i parasti nesaskaras.<\/p>\n<p>V\u0113stures Iemiesojums Da\u017e\u0101d\u0101s Darbn\u012bc\u0101s<\/p>\n<p>Multisensor\u0101 pieredze turpin\u0101s, apmekl\u0113t\u0101jiem non\u0101kot da\u017e\u0101d\u0101s v\u0113sturisk\u0101s darbn\u012bc\u0101s. P\u0113c veikala apmekl\u0113juma seko st\u0101sts par fotodarbn\u012bcu, un t\u0101l\u0101k tiek pied\u0101v\u0101ta kal\u0113ja darbn\u012bcas izzin\u0101\u0161ana. \u0160eit galvenais uzsvars likts uz tausti \u2013 piem\u0113ram, ir iesp\u0113ja aptaust\u012bt v\u0113sturisku pakavu, lai izprastu t\u0101 formu un noz\u012bmi. Kal\u0113ju darbs, k\u0101 zin\u0101ms, 20. gadsimta s\u0101kum\u0101 Bausk\u0101 bija \u013coti piepras\u012bts, un tas aptv\u0113ra ne tikai zirgu, bet ar\u012b pla\u0161u sadz\u012bves priek\u0161metu kl\u0101stu.<\/p>\n<p>Ekskursijas mar\u0161rut\u0101 iek\u013cauts ar\u012b ieskats okup\u0101cijas laikos, ar st\u0101st\u012bjumu par Sarkan\u0101s un V\u0101cijas armijas ien\u0101k\u0161anu Bausk\u0101. T\u0101l\u0101k ekspoz\u012bcijas telp\u0101 atrodas \u010dekista kabinets ar analogo telefonu, ko var pa\u0146emt rok\u0101s. Savuk\u0101rt par se\u0161desmitajiem un septi\u0146desmitajiem gadiem apmekl\u0113t\u0101ji dzird\u0113s ne tikai gida balss st\u0101st\u012bjumu, bet ar\u012b atska\u0146as no t\u0101 laika telev\u012bzijas raid\u012bjumiem, nosl\u0113dzoties ar nelielu ieskatu Atmodas laika notikumos Bausk\u0101.<\/p>\n<p>Papildu Jaunumi un Ieguld\u012bjums N\u0101kotn\u0113<\/p>\n<p>Jaun\u0101 ekskursija ir tikai viena no &#8220;tr\u012bs \u012bpa\u0161aj\u0101m d\u0101van\u0101m&#8221;, ko Bauskas muzejs sagatavojis gada nogal\u0113. Paral\u0113li tiek atkl\u0101ta ar\u012b jauna ekspoz\u012bcijas telpa, kas velt\u012bta zudu\u0161ajai Bauskas ebreju kopienai, un publiskai apskatei nodots p\u0113c restaur\u0101cijas atjaunotais 20. gadsimta s\u0101kuma orkestrions \u2013 j\u016bgendstila m\u016bzikas autom\u0101ts.<\/p>\n<p>Ebreju kopienas istaba &#8220;Tur\u012bga bau\u0161\u0137enieka (ebreja) dz\u012bvojam\u0101 istaba 19. gs. beig\u0101s \u2013 20. gs. s\u0101kum\u0101&#8221; apmekl\u0113t\u0101jiem \u013cauj iel\u016bkoties \u0161\u012bs kopienas kult\u016br\u0101 un ikdien\u0101, kas tika p\u0101rtraukta 1941. gada holokaust\u0101. Restaur\u0113tais orkestrions, ko muzejs ieguva 1972. gad\u0101, tagad atsauc atmi\u0146\u0101 k\u0101dreiz\u0113jo sabiedrisko telpu burzmu ar melodij\u0101m. Bauskas muzeja vad\u012bba uzsver, ka \u0161ie jaunin\u0101jumi, tostarp pieejam\u0101 ekskursija, ir &#8220;ieguld\u012bjums, kas paliks Bauskas muzeja pied\u0101v\u0101jum\u0101 ar\u012b p\u0113c sv\u0113tkiem&#8221;, iez\u012bm\u0113jot ilgtermi\u0146a ap\u0146em\u0161anos nodro\u0161in\u0101t kult\u016bras pieejam\u012bbu.<\/p>\n","protected":false},"excerpt":{"rendered":"Inovat\u012bvs Solis Iek\u013cau\u0161an\u0101: V\u0113sture Ar Piesk\u0101rienu un Ska\u0146u Bauskas muzejs sper noz\u012bm\u012bgu soli sabiedr\u012bbas iek\u013cau\u0161an\u0101 un kult\u016bras pieejam\u012bbas&hellip;\n","protected":false},"author":2,"featured_media":81995,"comment_status":"","ping_status":"","sticky":false,"template":"","format":"standard","meta":{"footnotes":""},"categories":[12],"tags":[23,20683,28,29,32,33,22,30,31,35,39,38,36,37,34,40,20686,20,14173,26,27,20684,20685,24,25,21],"class_list":{"0":"post-81994","1":"post","2":"type-post","3":"status-publish","4":"format-standard","5":"has-post-thumbnail","7":"category-latvija","8":"tag-aktualitates","9":"tag-bauskas-muzejs","10":"tag-breaking-news","11":"tag-breakingnews","12":"tag-featured-news","13":"tag-featurednews","14":"tag-headlines","15":"tag-latest-news","16":"tag-latestnews","17":"tag-latvia","18":"tag-latvian","19":"tag-latviesu","20":"tag-latviesu-valoda","21":"tag-latviesuvaloda","22":"tag-latvija","23":"tag-lv","24":"tag-multisensora-ekskursija","25":"tag-news","26":"tag-pieejamiba","27":"tag-popularakas-zinas","28":"tag-popularakaszinas","29":"tag-redzes-traucejumi","30":"tag-socintegra","31":"tag-top-stories","32":"tag-topstories","33":"tag-zinas"},"share_on_mastodon":{"url":"https:\/\/pubeurope.com\/@lv\/115758209936333818","error":""},"_links":{"self":[{"href":"https:\/\/www.europesays.com\/lv\/wp-json\/wp\/v2\/posts\/81994","targetHints":{"allow":["GET"]}}],"collection":[{"href":"https:\/\/www.europesays.com\/lv\/wp-json\/wp\/v2\/posts"}],"about":[{"href":"https:\/\/www.europesays.com\/lv\/wp-json\/wp\/v2\/types\/post"}],"author":[{"embeddable":true,"href":"https:\/\/www.europesays.com\/lv\/wp-json\/wp\/v2\/users\/2"}],"replies":[{"embeddable":true,"href":"https:\/\/www.europesays.com\/lv\/wp-json\/wp\/v2\/comments?post=81994"}],"version-history":[{"count":0,"href":"https:\/\/www.europesays.com\/lv\/wp-json\/wp\/v2\/posts\/81994\/revisions"}],"wp:featuredmedia":[{"embeddable":true,"href":"https:\/\/www.europesays.com\/lv\/wp-json\/wp\/v2\/media\/81995"}],"wp:attachment":[{"href":"https:\/\/www.europesays.com\/lv\/wp-json\/wp\/v2\/media?parent=81994"}],"wp:term":[{"taxonomy":"category","embeddable":true,"href":"https:\/\/www.europesays.com\/lv\/wp-json\/wp\/v2\/categories?post=81994"},{"taxonomy":"post_tag","embeddable":true,"href":"https:\/\/www.europesays.com\/lv\/wp-json\/wp\/v2\/tags?post=81994"}],"curies":[{"name":"wp","href":"https:\/\/api.w.org\/{rel}","templated":true}]}}