{"id":82019,"date":"2025-12-21T15:36:12","date_gmt":"2025-12-21T15:36:12","guid":{"rendered":"https:\/\/www.europesays.com\/lv\/82019\/"},"modified":"2025-12-21T15:36:12","modified_gmt":"2025-12-21T15:36:12","slug":"tragedija-paneveza-bmw-iebrauc-upe-boja-gajusi-tris-cilveki","status":"publish","type":"post","link":"https:\/\/www.europesays.com\/lv\/82019\/","title":{"rendered":"Tra\u0123\u0113dija Panev\u0113\u017e\u0101: BMW iebrauc up\u0113, boj\u0101 g\u0101ju\u0161i tr\u012bs cilv\u0113ki"},"content":{"rendered":"<p>Likumsargi \u0161obr\u012bd turpina skaidrot, kur\u0161 no boj\u0101g\u0101ju\u0161ajiem atrad\u0101s pie st\u016bres. Saist\u012bb\u0101 ar notiku\u0161o ir uzs\u0101kts pirmstiesas krimin\u0101lprocess par ce\u013cu satiksmes dro\u0161\u012bbas vai transportl\u012bdzek\u013ca ekspluat\u0101cijas noteikumu p\u0101rk\u0101p\u0161anu, ja tas izrais\u012bjis av\u0101riju ar let\u0101l\u0101m sek\u0101m.<\/p>\n<p>Saska\u0146\u0101 ar a\u0123ent\u016bras BNS sniegto inform\u0101ciju, BMW sestdienas r\u012bt\u0101 izlauza Vakarines ielas aizsprosta tilta margas un ieg\u0101z\u0101s up\u0113 aizsprosta pus\u0113, kur nogrima aptuveni tr\u012bs metru dzi\u013cum\u0101.<\/p>\n<p>Divu boj\u0101g\u0101ju\u0161o \u0137erme\u0146i tika atrasti aptuveni 500 metru un viena kilometra att\u0101lum\u0101 no negad\u012bjuma vietas, savuk\u0101rt tre\u0161\u0101 cilv\u0113ka mirst\u012bg\u0101s atliekas tika atrastas v\u0113l\u0101k, p\u0113c automa\u0161\u012bnas izcel\u0161anas no upes.<\/p>\n<p>Izmekl\u0113\u0161ana turpin\u0101s.<\/p>\n<p class=\"tv3-fw-500\">Zi\u0146o par k\u013c\u016bdu rakst\u0101<\/p>\n<p class=\"d-md-block d-none\">Iez\u012bm\u0113 k\u013c\u016bdaino tekstu un spied Ctrl+Enter.<\/p>\n<p class=\"d-md-none d-block\">Iez\u012bm\u0113 k\u013c\u016bdaino tekstu un zi\u0146o par to!<\/p>\n","protected":false},"excerpt":{"rendered":"Likumsargi \u0161obr\u012bd turpina skaidrot, kur\u0161 no boj\u0101g\u0101ju\u0161ajiem atrad\u0101s pie st\u016bres. Saist\u012bb\u0101 ar notiku\u0161o ir uzs\u0101kts pirmstiesas krimin\u0101lprocess par&hellip;\n","protected":false},"author":2,"featured_media":82020,"comment_status":"","ping_status":"","sticky":false,"template":"","format":"standard","meta":{"footnotes":""},"categories":[14],"tags":[23,57,28,29,20694,32,33,22,30,31,35,39,38,36,37,34,40,20,26,27,24,25,54,55,56,21,58],"class_list":{"0":"post-82019","1":"post","2":"type-post","3":"status-publish","4":"format-standard","5":"has-post-thumbnail","7":"category-zinas-no-arvalstim","8":"tag-aktualitates","9":"tag-arvalstim","10":"tag-breaking-news","11":"tag-breakingnews","12":"tag-celu-satiksmes-negadijumslietuva","13":"tag-featured-news","14":"tag-featurednews","15":"tag-headlines","16":"tag-latest-news","17":"tag-latestnews","18":"tag-latvia","19":"tag-latvian","20":"tag-latviesu","21":"tag-latviesu-valoda","22":"tag-latviesuvaloda","23":"tag-latvija","24":"tag-lv","25":"tag-news","26":"tag-popularakas-zinas","27":"tag-popularakaszinas","28":"tag-top-stories","29":"tag-topstories","30":"tag-world","31":"tag-world-news","32":"tag-worldnews","33":"tag-zinas","34":"tag-zinas-no-arvalstim"},"share_on_mastodon":{"url":"https:\/\/pubeurope.com\/@lv\/115758300100122890","error":""},"_links":{"self":[{"href":"https:\/\/www.europesays.com\/lv\/wp-json\/wp\/v2\/posts\/82019","targetHints":{"allow":["GET"]}}],"collection":[{"href":"https:\/\/www.europesays.com\/lv\/wp-json\/wp\/v2\/posts"}],"about":[{"href":"https:\/\/www.europesays.com\/lv\/wp-json\/wp\/v2\/types\/post"}],"author":[{"embeddable":true,"href":"https:\/\/www.europesays.com\/lv\/wp-json\/wp\/v2\/users\/2"}],"replies":[{"embeddable":true,"href":"https:\/\/www.europesays.com\/lv\/wp-json\/wp\/v2\/comments?post=82019"}],"version-history":[{"count":0,"href":"https:\/\/www.europesays.com\/lv\/wp-json\/wp\/v2\/posts\/82019\/revisions"}],"wp:featuredmedia":[{"embeddable":true,"href":"https:\/\/www.europesays.com\/lv\/wp-json\/wp\/v2\/media\/82020"}],"wp:attachment":[{"href":"https:\/\/www.europesays.com\/lv\/wp-json\/wp\/v2\/media?parent=82019"}],"wp:term":[{"taxonomy":"category","embeddable":true,"href":"https:\/\/www.europesays.com\/lv\/wp-json\/wp\/v2\/categories?post=82019"},{"taxonomy":"post_tag","embeddable":true,"href":"https:\/\/www.europesays.com\/lv\/wp-json\/wp\/v2\/tags?post=82019"}],"curies":[{"name":"wp","href":"https:\/\/api.w.org\/{rel}","templated":true}]}}