{"id":82021,"date":"2025-12-21T15:38:28","date_gmt":"2025-12-21T15:38:28","guid":{"rendered":"https:\/\/www.europesays.com\/lv\/82021\/"},"modified":"2025-12-21T15:38:28","modified_gmt":"2025-12-21T15:38:28","slug":"vni-veiksmigi-nosolijusi-ipasumu-lacplesa-iela-dienas-bizness","status":"publish","type":"post","link":"https:\/\/www.europesays.com\/lv\/82021\/","title":{"rendered":"VN\u012a veiksm\u012bgi nosol\u012bjusi \u012bpa\u0161umu L\u0101\u010dpl\u0113\u0161a iel\u0101 :: Dienas Bizness"},"content":{"rendered":"<p class=\"text-font font-size--text-xlarge margin-3--bottom font-weight--bold padding-1--top\">Nekustamo \u012bpa\u0161umu invest\u012bciju komp\u0101nija &#8220;East Capital Real Estate&#8221; (ECRE) pl\u0101no Baltijas valst\u012bs izveidot jaunu invest\u012bciju fondu, kura akt\u012bvu apjoms var\u0113tu sasniegt ap 400 miljoniem eiro, intervij\u0101 a\u0123ent\u016brai LETA sac\u012bja ECRE vad\u012bt\u0101js Latvij\u0101 M\u0101ris Smiltenieks.<\/p>\n<p class=\"text-font font-size--text-xlarge margin-3--bottom\">Vi\u0146\u0161 inform\u0113ja, ka 2026. gad\u0101 fondam jau vajadz\u0113tu b\u016bt akt\u012bvam.<\/p>\n<p class=\"text-font font-size--text-xlarge margin-3--bottom\">&#8220;Fonds tiek veidots, lai ECRE akt\u012bvi var\u0113tu piedal\u012bties jaunos komerc\u012bpa\u0161umu ieg\u0101des procesos,&#8221;teica Smiltenieks.<\/p>\n<p class=\"text-font font-size--text-xlarge margin-3--bottom\">Jaun\u0101 jeb piekt\u0101 fonda pl\u0101ns neat\u0161\u0137ir\u0161oties no ECRE pamatstrat\u0113\u0123ijas, kas koncentr\u0113jas uz Baltijas valst\u012bm.<\/p>\n<p class=\"text-font font-size--text-xlarge margin-3--bottom\">&#8220;Potenci\u0101li m\u0113s varb\u016bt var\u0113tu pievienot v\u0113l k\u0101du re\u0123ionu, bet t\u0101 pagaid\u0101m ir tikai iesp\u0113ja,&#8221; atzina Smiltenieks.<\/p>\n<p class=\"text-font font-size--text-xlarge margin-3--bottom\">Vi\u0146\u0161 skaidroja, ka jaun\u0101 fonda ieguld\u012bjumu finans\u0113\u0161anas strat\u0113\u0123ija, visticam\u0101k, paliks t\u0101da pati k\u0101 iepriek\u0161, proti, 50% ir fonda pa\u0161u kapit\u0101ls un 50% &#8211; banku finans\u0113jums.<\/p>\n<p class=\"text-font font-size--text-xlarge margin-3--bottom\">Kop\u0113j\u0101 komerc\u012bpa\u0161umu v\u0113rt\u012bba ECRE portfel\u012b patlaban ir nedaudz virs 600 miljoniem eiro vis\u0101s trij\u0101s Baltijas valst\u012bs, bet kop\u0113jais invest\u012bciju apjoms \u0161o gadu laik\u0101 ir tuvu miljardam eiro. Smiltenieks skaidroja, ka ECRE veido nekustamo \u012bpa\u0161umu fondus un to l\u012bdzek\u013cus iegulda akt\u012bvos &#8211; komerci\u0101lajos nekustamajos \u012bpa\u0161umos, kurus p\u0101rvalda, att\u012bsta, pilnveido un p\u0113c noteikta laika ar\u012b p\u0101rdod.<\/p>\n","protected":false},"excerpt":{"rendered":"Nekustamo \u012bpa\u0161umu invest\u012bciju komp\u0101nija &#8220;East Capital Real Estate&#8221; (ECRE) pl\u0101no Baltijas valst\u012bs izveidot jaunu invest\u012bciju fondu, kura akt\u012bvu&hellip;\n","protected":false},"author":2,"featured_media":82022,"comment_status":"","ping_status":"","sticky":false,"template":"","format":"standard","meta":{"footnotes":""},"categories":[5],"tags":[23,869,77,870,28,29,867,32,33,22,30,31,35,39,38,36,37,34,871,868,40,20,26,27,24,25,21],"class_list":{"0":"post-82021","1":"post","2":"type-post","3":"status-publish","4":"format-standard","5":"has-post-thumbnail","7":"category-aktualitates","8":"tag-aktualitates","9":"tag-biznesa-zinas","10":"tag-bizness","11":"tag-bizness-latvija","12":"tag-breaking-news","13":"tag-breakingnews","14":"tag-dienas-zinas","15":"tag-featured-news","16":"tag-featurednews","17":"tag-headlines","18":"tag-latest-news","19":"tag-latestnews","20":"tag-latvia","21":"tag-latvian","22":"tag-latviesu","23":"tag-latviesu-valoda","24":"tag-latviesuvaloda","25":"tag-latvija","26":"tag-latvijas-biznesa-zinas","27":"tag-latvijas-zinas","28":"tag-lv","29":"tag-news","30":"tag-popularakas-zinas","31":"tag-popularakaszinas","32":"tag-top-stories","33":"tag-topstories","34":"tag-zinas"},"share_on_mastodon":{"url":"https:\/\/pubeurope.com\/@lv\/115758308049396994","error":""},"_links":{"self":[{"href":"https:\/\/www.europesays.com\/lv\/wp-json\/wp\/v2\/posts\/82021","targetHints":{"allow":["GET"]}}],"collection":[{"href":"https:\/\/www.europesays.com\/lv\/wp-json\/wp\/v2\/posts"}],"about":[{"href":"https:\/\/www.europesays.com\/lv\/wp-json\/wp\/v2\/types\/post"}],"author":[{"embeddable":true,"href":"https:\/\/www.europesays.com\/lv\/wp-json\/wp\/v2\/users\/2"}],"replies":[{"embeddable":true,"href":"https:\/\/www.europesays.com\/lv\/wp-json\/wp\/v2\/comments?post=82021"}],"version-history":[{"count":0,"href":"https:\/\/www.europesays.com\/lv\/wp-json\/wp\/v2\/posts\/82021\/revisions"}],"wp:featuredmedia":[{"embeddable":true,"href":"https:\/\/www.europesays.com\/lv\/wp-json\/wp\/v2\/media\/82022"}],"wp:attachment":[{"href":"https:\/\/www.europesays.com\/lv\/wp-json\/wp\/v2\/media?parent=82021"}],"wp:term":[{"taxonomy":"category","embeddable":true,"href":"https:\/\/www.europesays.com\/lv\/wp-json\/wp\/v2\/categories?post=82021"},{"taxonomy":"post_tag","embeddable":true,"href":"https:\/\/www.europesays.com\/lv\/wp-json\/wp\/v2\/tags?post=82021"}],"curies":[{"name":"wp","href":"https:\/\/api.w.org\/{rel}","templated":true}]}}