{"id":82025,"date":"2025-12-21T15:43:09","date_gmt":"2025-12-21T15:43:09","guid":{"rendered":"https:\/\/www.europesays.com\/lv\/82025\/"},"modified":"2025-12-21T15:43:09","modified_gmt":"2025-12-21T15:43:09","slug":"zivju-resursu-aizsardzibai-salaspils-pasvaldibas-policijai-iegadats-drons-un-vairakas-kameras","status":"publish","type":"post","link":"https:\/\/www.europesays.com\/lv\/82025\/","title":{"rendered":"Zivju resursu aizsardz\u012bbai Salaspils pa\u0161vald\u012bbas policijai ieg\u0101d\u0101ts drons un vair\u0101kas kameras"},"content":{"rendered":"<p>Salaspils novada pa\u0161vald\u012bba ar Zivju fonda atbalstu ieg\u0101d\u0101jusies da\u017e\u0101du apr\u012bkojumu pa\u0161vald\u012bbas policijai, lai uzlabotu zivju resursu aizsardz\u012bbu, inform\u0113 pa\u0161vald\u012bba.<\/p>\n<p>Projekt\u0101 ieg\u0101d\u0101ts drons, nakts redzam\u012bbas monoklis, termokamera, me\u017ea kamera, videokamera, sporta kameras, rokas GPS ier\u012bce, plan\u0161etdators, k\u0101 ar\u012b \u016bdensnecaurlaid\u012bgie spect\u0113rpi.<\/p>\n<p>\u0160is apr\u012bkojums \u013cau\u0161ot b\u016btiski uzlabot uzraudz\u012bbu Daugav\u0101, Mazaj\u0101 Jugl\u0101, E\u017eup\u0113, Pi\u0137urg\u0101 un cit\u0101s Salaspils novada \u016bdenstilp\u0113s.<\/p>\n<p>Projekta finans\u0113jums ir 6812 eiro.<\/p>\n<p>Ieg\u0101d\u0101tais invent\u0101rs nodots Salaspils novada pa\u0161vald\u012bbas policijai, kuras kompetenc\u0113 ir zivju resursu aizsardz\u012bba.<\/p>\n<p>K\u0101 sola pa\u0161vald\u012bba, jaun\u0101 apr\u012bkojuma izmanto\u0161ana nodro\u0161in\u0101s kvalitat\u012bv\u0101ku un regul\u0101r\u0101ku \u016bdenstilpju apseko\u0161anu, p\u0101rk\u0101pumu fiks\u0113\u0161anu gr\u016bti pieejam\u0101s viet\u0101s, k\u0101 ar\u012b b\u016btiski atvieglos pier\u0101d\u012bjumu ieg\u016b\u0161anu nelikum\u012bgas zvejas gad\u012bjumos.<\/p>\n<p>Drona un termokameras izmanto\u0161ana \u013cau\u0161ot operat\u012bv\u0101k konstat\u0113t personas, kas nodarbojas ar nelikum\u012bgu zivju un citu \u016bdens biolo\u0123isko resursu ieguvi, \u012bpa\u0161i tum\u0161aj\u0101 diennakts laik\u0101 un zivju n\u0101rsta period\u0101.<\/p>\n","protected":false},"excerpt":{"rendered":"Salaspils novada pa\u0161vald\u012bba ar Zivju fonda atbalstu ieg\u0101d\u0101jusies da\u017e\u0101du apr\u012bkojumu pa\u0161vald\u012bbas policijai, lai uzlabotu zivju resursu aizsardz\u012bbu, inform\u0113&hellip;\n","protected":false},"author":2,"featured_media":82026,"comment_status":"","ping_status":"","sticky":false,"template":"","format":"standard","meta":{"footnotes":""},"categories":[12],"tags":[23,28,29,47,32,33,22,381,64,30,31,35,39,38,36,37,34,40,20,385,26,27,172,382,384,383,24,25,21],"class_list":{"0":"post-82025","1":"post","2":"type-post","3":"status-publish","4":"format-standard","5":"has-post-thumbnail","7":"category-latvija","8":"tag-aktualitates","9":"tag-breaking-news","10":"tag-breakingnews","11":"tag-ekonomika","12":"tag-featured-news","13":"tag-featurednews","14":"tag-headlines","15":"tag-jaunumi","16":"tag-kultura","17":"tag-latest-news","18":"tag-latestnews","19":"tag-latvia","20":"tag-latvian","21":"tag-latviesu","22":"tag-latviesu-valoda","23":"tag-latviesuvaloda","24":"tag-latvija","25":"tag-lv","26":"tag-news","27":"tag-pieriga","28":"tag-popularakas-zinas","29":"tag-popularakaszinas","30":"tag-riga","31":"tag-sabiedriba","32":"tag-sludinajumi","33":"tag-sports-afisa","34":"tag-top-stories","35":"tag-topstories","36":"tag-zinas"},"share_on_mastodon":{"url":"https:\/\/pubeurope.com\/@lv\/115758327712148716","error":""},"_links":{"self":[{"href":"https:\/\/www.europesays.com\/lv\/wp-json\/wp\/v2\/posts\/82025","targetHints":{"allow":["GET"]}}],"collection":[{"href":"https:\/\/www.europesays.com\/lv\/wp-json\/wp\/v2\/posts"}],"about":[{"href":"https:\/\/www.europesays.com\/lv\/wp-json\/wp\/v2\/types\/post"}],"author":[{"embeddable":true,"href":"https:\/\/www.europesays.com\/lv\/wp-json\/wp\/v2\/users\/2"}],"replies":[{"embeddable":true,"href":"https:\/\/www.europesays.com\/lv\/wp-json\/wp\/v2\/comments?post=82025"}],"version-history":[{"count":0,"href":"https:\/\/www.europesays.com\/lv\/wp-json\/wp\/v2\/posts\/82025\/revisions"}],"wp:featuredmedia":[{"embeddable":true,"href":"https:\/\/www.europesays.com\/lv\/wp-json\/wp\/v2\/media\/82026"}],"wp:attachment":[{"href":"https:\/\/www.europesays.com\/lv\/wp-json\/wp\/v2\/media?parent=82025"}],"wp:term":[{"taxonomy":"category","embeddable":true,"href":"https:\/\/www.europesays.com\/lv\/wp-json\/wp\/v2\/categories?post=82025"},{"taxonomy":"post_tag","embeddable":true,"href":"https:\/\/www.europesays.com\/lv\/wp-json\/wp\/v2\/tags?post=82025"}],"curies":[{"name":"wp","href":"https:\/\/api.w.org\/{rel}","templated":true}]}}