{"id":82027,"date":"2025-12-21T15:44:09","date_gmt":"2025-12-21T15:44:09","guid":{"rendered":"https:\/\/www.europesays.com\/lv\/82027\/"},"modified":"2025-12-21T15:44:09","modified_gmt":"2025-12-21T15:44:09","slug":"zelenskis-pec-sarunam-maiami-velas-konsultacijas-ar-eiropas-partneriem-plasaka-loka","status":"publish","type":"post","link":"https:\/\/www.europesays.com\/lv\/82027\/","title":{"rendered":"Zelenskis p\u0113c sarun\u0101m Maiami v\u0113las konsult\u0101cijas ar Eiropas partneriem pla\u0161\u0101k\u0101 lok\u0101"},"content":{"rendered":"<p>&#8220;Past\u0101v kop\u012bga saj\u016bta, ka p\u0113c m\u016bsu diplom\u0101tisk\u0101s komandas darba Savienotaj\u0101s Valst\u012bs mums tagad b\u016btu j\u0101r\u012bko konsult\u0101cijas ar Eiropas partneriem pla\u0161\u0101k\u0101 lok\u0101,&#8221; p\u0113c telefonsarunas ar Norv\u0113\u0123ijas premjerministru J\u016bnasu G\u0101ru St\u0113ri platform\u0101 &#8220;X&#8221; pazi\u0146oja Zelenskis.<\/p>\n<p>Prezidents pav\u0113st\u012bja, ka Ukrainas un <a href=\"https:\/\/www.tvnet.lv\/term\/555410\/asv\" class=\"topicLink\" target=\"_blank\" rel=\"nofollow noopener\">ASV<\/a> p\u0101rst\u0101vju sarun\u0101s Maiami ir pan\u0101kts strauj\u0161 progress. Vi\u0146\u0161 run\u0101ja par konstrukt\u012bv\u0101m sarun\u0101m, bet nesniedza nek\u0101das deta\u013cas un pateic\u0101s Norv\u0113\u0123ijai par atbalstu.<\/p>\n<p>Zelenskis nor\u0101d\u012bja, ka daudz kas ir atkar\u012bgs no t\u0101, vai Krievija jut\u012bs nepiecie\u0161am\u012bbu patie\u0161\u0101m izbeigt karu, bet vi\u0146\u0161 piebilda, ka pagaid\u0101m Maskava s\u016bta tikai negat\u012bvus sign\u0101lus.<\/p>\n","protected":false},"excerpt":{"rendered":"&#8220;Past\u0101v kop\u012bga saj\u016bta, ka p\u0113c m\u016bsu diplom\u0101tisk\u0101s komandas darba Savienotaj\u0101s Valst\u012bs mums tagad b\u016btu j\u0101r\u012bko konsult\u0101cijas ar Eiropas&hellip;\n","protected":false},"author":2,"featured_media":29356,"comment_status":"","ping_status":"","sticky":false,"template":"","format":"standard","meta":{"footnotes":""},"categories":[5],"tags":[23,292,28,29,514,32,33,22,74,30,31,35,39,38,36,37,34,40,20,26,27,24,25,276,178,21],"class_list":{"0":"post-82027","1":"post","2":"type-post","3":"status-publish","4":"format-standard","5":"has-post-thumbnail","7":"category-aktualitates","8":"tag-aktualitates","9":"tag-asv","10":"tag-breaking-news","11":"tag-breakingnews","12":"tag-eiropas-savieniba","13":"tag-featured-news","14":"tag-featurednews","15":"tag-headlines","16":"tag-krievijas-iebrukums-ukraina","17":"tag-latest-news","18":"tag-latestnews","19":"tag-latvia","20":"tag-latvian","21":"tag-latviesu","22":"tag-latviesu-valoda","23":"tag-latviesuvaloda","24":"tag-latvija","25":"tag-lv","26":"tag-news","27":"tag-popularakas-zinas","28":"tag-popularakaszinas","29":"tag-top-stories","30":"tag-topstories","31":"tag-ukraina","32":"tag-volodimirs-zelenskis","33":"tag-zinas"},"share_on_mastodon":{"url":"https:\/\/pubeurope.com\/@lv\/115758331562110990","error":""},"_links":{"self":[{"href":"https:\/\/www.europesays.com\/lv\/wp-json\/wp\/v2\/posts\/82027","targetHints":{"allow":["GET"]}}],"collection":[{"href":"https:\/\/www.europesays.com\/lv\/wp-json\/wp\/v2\/posts"}],"about":[{"href":"https:\/\/www.europesays.com\/lv\/wp-json\/wp\/v2\/types\/post"}],"author":[{"embeddable":true,"href":"https:\/\/www.europesays.com\/lv\/wp-json\/wp\/v2\/users\/2"}],"replies":[{"embeddable":true,"href":"https:\/\/www.europesays.com\/lv\/wp-json\/wp\/v2\/comments?post=82027"}],"version-history":[{"count":0,"href":"https:\/\/www.europesays.com\/lv\/wp-json\/wp\/v2\/posts\/82027\/revisions"}],"wp:featuredmedia":[{"embeddable":true,"href":"https:\/\/www.europesays.com\/lv\/wp-json\/wp\/v2\/media\/29356"}],"wp:attachment":[{"href":"https:\/\/www.europesays.com\/lv\/wp-json\/wp\/v2\/media?parent=82027"}],"wp:term":[{"taxonomy":"category","embeddable":true,"href":"https:\/\/www.europesays.com\/lv\/wp-json\/wp\/v2\/categories?post=82027"},{"taxonomy":"post_tag","embeddable":true,"href":"https:\/\/www.europesays.com\/lv\/wp-json\/wp\/v2\/tags?post=82027"}],"curies":[{"name":"wp","href":"https:\/\/api.w.org\/{rel}","templated":true}]}}