{"id":82028,"date":"2025-12-21T15:48:09","date_gmt":"2025-12-21T15:48:09","guid":{"rendered":"https:\/\/www.europesays.com\/lv\/82028\/"},"modified":"2025-12-21T15:48:09","modified_gmt":"2025-12-21T15:48:09","slug":"zelenskis-pec-sarunam-ar-asv-aicina-uz-plasaku-dialogu-ar-eiropu-jauns-lv","status":"publish","type":"post","link":"https:\/\/www.europesays.com\/lv\/82028\/","title":{"rendered":"Zelenskis p\u0113c sarun\u0101m ar ASV aicina uz pla\u0161\u0101ku dialogu ar Eiropu &#8211; Jauns.lv"},"content":{"rendered":"<ol>\n<li><a href=\"https:\/\/news.google.com\/rss\/articles\/CBMipgFBVV95cUxPa3l5MGNUMzljQTRRb3RIdnBaY2hkNWZISXlSOHhKemhsUVZOSTJzZDlEamd3SzlSd3JKWjdKOE5ZMm0wNWVoZ1pkcE1pVExaWkJMMnF3X1lJSkNSeXJneTJ0bWItY2xtYXNRLUV6X2lLMldGOEExaFY3SS0ycnNvdlNLeDZfeDNraGhtcTAxZGFISDVWaEhYdlRTY1NzcVE3RVVtcjNn?oc=5\" target=\"_blank\" rel=\"nofollow noopener\">Zelenskis p\u0113c sarun\u0101m ar ASV aicina uz pla\u0161\u0101ku dialogu ar Eiropu<\/a>&nbsp;&nbsp;Jauns.lv<\/li>\n<li><a href=\"https:\/\/news.google.com\/rss\/articles\/CBMirgFBVV95cUxOVlVoSlByQXE4MzEzTGc2cGltN2xpaDZmR3NFNkVwVVVQR1JsOFZqOFRUOHpFYUxmU3VJR0Vjb3lUUWFFbUVzeUJSNHpjM1NUclhaUjYwZUpTbVNGTVA0M2p4amtaUTFuV0pyMWxwZDEwdzNtT2tpQUFJWUhZWmpFenN3dWd1SmEwN3NzQlFsUmIxdVVTTGZYeEFtMXlJSUhWcS1fSFZsNGo3VUphc1E?oc=5\" target=\"_blank\" rel=\"nofollow noopener\">ASV pied\u0101v\u0101 jaunu form\u0101tu sarun\u0101m ar Krieviju &#8211; Zelenskis atkl\u0101j deta\u013cas<\/a>&nbsp;&nbsp;Jauns.lv<\/li>\n<li><a href=\"https:\/\/news.google.com\/rss\/articles\/CBMiogFBVV95cUxNaDhaTEVoT3gxZUVNbGkxd0FUc0dLRmhKZEE1WDhjc3FlNTR2MHQ5bEpxSE4yQlRCRGFKLU56Nm1ib1FpVElVUV96ckg5Y2NOelEtc01CUmNaSWw4T0VObnhKRDEyVkUtSFJ1XzhjeHNybFpxLTZ6OG56aVZkZmNieUFCTTNQSFFDVlJaaUJvRDFzZ054dmU2TS1KSWh4enVPY2c?oc=5\" target=\"_blank\" rel=\"nofollow noopener\">\u201cIr viena lieta, ko Tramps v\u0113l nav izm\u0113\u0123in\u0101jis!\u201d Uz k\u0101d\u0101m sakar\u012bb\u0101 nor\u0101da p\u0113tnieks Pup\u010denoks<\/a>&nbsp;&nbsp;LA.LV<\/li>\n<li><a href=\"https:\/\/news.google.com\/rss\/articles\/CBMiiwFBVV95cUxPZlVHdHdZM2hqM0FxaDNubWVEalJ4RlRhNVEydlpCM1Y1MlZJdVhyTnctLVpkOGlPWEppekJOSGo3NWhMMGlrQkRSNkQyQXpNZE1pMEZwaEZhSDIxb29zTXR5NXJJbU93dEQwcERpOGlIQko2T1RhZUJVbng2NjlnQkFObnRyQTE3enFN?oc=5\" target=\"_blank\" rel=\"nofollow noopener\">Tramps mudina Ukrainu r\u012bkoties \u0101tri<\/a>&nbsp;&nbsp;Delfi<\/li>\n<li><a href=\"https:\/\/news.google.com\/rss\/articles\/CBMisgFBVV95cUxQSWdtZWl5dmI0UGYwQ29ZZ1NWVlZlNk9FdmtjdGFwVU5vU3VvTnhkN2h1QTlEcUNIM1UtWjh0cDJJVzI2NHJJVTJVSjJmMHhacjZvLTRqRllTS3dKakNKc0NsR3NjSDdSZHF4eXAtV2tzNE5UYUZQMjJEX3Z2STdQQ1h4cGhFdGtmbmU1U1JKdExpRkZxWVFRbV9zMDA2SlhIWVp3WUx6dGllZFdxTUMyNmd3?oc=5\" target=\"_blank\" rel=\"nofollow noopener\">Zelenskis p\u0113c sarun\u0101m Maiami v\u0113las konsult\u0101cijas ar Eiropas partneriem pla\u0161\u0101k\u0101 lok\u0101<\/a>&nbsp;&nbsp;TVNET<\/li>\n<\/ol>\n","protected":false},"excerpt":{"rendered":"Zelenskis p\u0113c sarun\u0101m ar ASV aicina uz pla\u0161\u0101ku dialogu ar Eiropu&nbsp;&nbsp;Jauns.lv ASV pied\u0101v\u0101 jaunu form\u0101tu sarun\u0101m ar Krieviju&hellip;\n","protected":false},"author":2,"featured_media":82029,"comment_status":"","ping_status":"","sticky":false,"template":"","format":"standard","meta":{"footnotes":""},"categories":[14],"tags":[23,57,28,29,32,33,22,30,31,35,39,38,36,37,34,40,20,26,27,24,25,54,55,56,21,58],"class_list":{"0":"post-82028","1":"post","2":"type-post","3":"status-publish","4":"format-standard","5":"has-post-thumbnail","7":"category-zinas-no-arvalstim","8":"tag-aktualitates","9":"tag-arvalstim","10":"tag-breaking-news","11":"tag-breakingnews","12":"tag-featured-news","13":"tag-featurednews","14":"tag-headlines","15":"tag-latest-news","16":"tag-latestnews","17":"tag-latvia","18":"tag-latvian","19":"tag-latviesu","20":"tag-latviesu-valoda","21":"tag-latviesuvaloda","22":"tag-latvija","23":"tag-lv","24":"tag-news","25":"tag-popularakas-zinas","26":"tag-popularakaszinas","27":"tag-top-stories","28":"tag-topstories","29":"tag-world","30":"tag-world-news","31":"tag-worldnews","32":"tag-zinas","33":"tag-zinas-no-arvalstim"},"share_on_mastodon":{"url":"https:\/\/pubeurope.com\/@lv\/115758347353968848","error":""},"_links":{"self":[{"href":"https:\/\/www.europesays.com\/lv\/wp-json\/wp\/v2\/posts\/82028","targetHints":{"allow":["GET"]}}],"collection":[{"href":"https:\/\/www.europesays.com\/lv\/wp-json\/wp\/v2\/posts"}],"about":[{"href":"https:\/\/www.europesays.com\/lv\/wp-json\/wp\/v2\/types\/post"}],"author":[{"embeddable":true,"href":"https:\/\/www.europesays.com\/lv\/wp-json\/wp\/v2\/users\/2"}],"replies":[{"embeddable":true,"href":"https:\/\/www.europesays.com\/lv\/wp-json\/wp\/v2\/comments?post=82028"}],"version-history":[{"count":0,"href":"https:\/\/www.europesays.com\/lv\/wp-json\/wp\/v2\/posts\/82028\/revisions"}],"wp:featuredmedia":[{"embeddable":true,"href":"https:\/\/www.europesays.com\/lv\/wp-json\/wp\/v2\/media\/82029"}],"wp:attachment":[{"href":"https:\/\/www.europesays.com\/lv\/wp-json\/wp\/v2\/media?parent=82028"}],"wp:term":[{"taxonomy":"category","embeddable":true,"href":"https:\/\/www.europesays.com\/lv\/wp-json\/wp\/v2\/categories?post=82028"},{"taxonomy":"post_tag","embeddable":true,"href":"https:\/\/www.europesays.com\/lv\/wp-json\/wp\/v2\/tags?post=82028"}],"curies":[{"name":"wp","href":"https:\/\/api.w.org\/{rel}","templated":true}]}}