{"id":82034,"date":"2025-12-21T15:54:18","date_gmt":"2025-12-21T15:54:18","guid":{"rendered":"https:\/\/www.europesays.com\/lv\/82034\/"},"modified":"2025-12-21T15:54:18","modified_gmt":"2025-12-21T15:54:18","slug":"publisko-dalu-redigetu-epstina-lietas-materialu-tramps-pieminets-maz","status":"publish","type":"post","link":"https:\/\/www.europesays.com\/lv\/82034\/","title":{"rendered":"Publisko da\u013cu redi\u0123\u0113tu Epst\u012bna lietas materi\u0101lu; Tramps piemin\u0113ts maz"},"content":{"rendered":"<p class=\"lead\">\n                                ASV Tieslietu ministrija publiskojusi da\u013cu pedofilij\u0101 un cilv\u0113ktirdzniec\u012bb\u0101 aps\u016bdz\u0113t\u0101 finansista un prezidenta Donalda Trampa biju\u0161\u0101 drauga D\u017eefrija Epst\u012bna lietas materi\u0101lu, ta\u010du nepiln\u012bg\u0101 dokumentu b\u0101ze nav atkl\u0101jusi noz\u012bm\u012bgu inform\u0101ciju par vi\u0146a lietu vai vi\u0146a sakariem ar bag\u0101t\u0101m un ietekm\u012bg\u0101m person\u0101m.\n                            <\/p>\n<p style=\"margin-left:0px;\">Materi\u0101los iek\u013cautas fotogr\u0101fijas ar slaveniem cilv\u0113kiem, kuri pavad\u012bja laiku kop\u0101 ar Epst\u012bnu gados, pirms vi\u0146\u0161 non\u0101ca aizdom\u0101s, tostarp da\u017ei atkl\u0101ti eksprezidenta Bila Klintona fotoatt\u0113li, kur\u0161 lidojis ar Epst\u012bna lidma\u0161\u012bnu un uzaicin\u0101jis vi\u0146u uz Balto namu gados, pirms finansists tika aps\u016bdz\u0113ts likump\u0101rk\u0101pumos. Ta\u010du, iz\u0146emot da\u017eus labi zin\u0101mus att\u0113lus, nebija gandr\u012bz nek\u0101du materi\u0101lu, kas b\u016btu saist\u012bti ar Trampu.<\/p>\n<p><img decoding=\"async\" src=\"https:\/\/www.europesays.com\/lv\/wp-content\/uploads\/2025\/12\/202512211129436947be075119a.jpg\" alt=\"D\u017eefrija Epst\u012bna lietas materi\u0101lu foto.\" loading=\"lazy\"\/><\/p>\n<p>D\u017eefrija Epst\u012bna lietas materi\u0101lu foto.<\/p>\n<p>Foto:\u00a0ASV Tieslietu ministrija<\/p>\n<p style=\"margin-left:0px;\">Materi\u0101li, kas liel\u0101koties sast\u0101v no att\u0113liem, bet ietver ar\u012b zvanu \u017eurn\u0101lus, zv\u0113rin\u0101to liec\u012bbas, interviju stenogrammas un citus dokumentus, tika sa\u0146emti ar cer\u012bb\u0101m, ka tie var\u0113tu sniegt l\u012bdz \u0161im detaliz\u0113t\u0101ko ieskatu par Epst\u012bna lietu.<\/p>\n<p style=\"margin-left:0px;\">V\u0113stul\u0113 Kongresam \u0123ener\u0101lprokurora vietnieks Tods Blan\u0161s rakst\u012bja, ka Tieslietu ministrija turpina p\u0101rskat\u012bt t\u0101s r\u012bc\u012bb\u0101 eso\u0161\u0101s lietas, da\u017eus dokumentus neizpau\u017e saska\u0146\u0101 ar iz\u0146\u0113mumiem, kas paredz\u0113ti cietu\u0161o aizsardz\u012bbai, un ka l\u012bdz gada beig\u0101m sagaida papildu inform\u0101cijas atkl\u0101\u0161anu.<\/p>\n<p style=\"margin-left:0px;\">Tramps, kur\u0161 gadiem ilgi draudz\u0113j\u0101s ar Epst\u012bnu, pirms abi iz\u0161\u0137\u012br\u0101s, m\u0113ne\u0161iem ilgi cent\u0101s pan\u0101kt, lai \u0161ie dokumenti netiktu publiskoti.<\/p>\n<p><img decoding=\"async\" src=\"https:\/\/www.europesays.com\/lv\/wp-content\/uploads\/2025\/11\/1763208613_814_202511132203296916399134f6d.jpg\" alt=\"D\u017eefrijs Epst\u012bns (no kreis\u0101s) un Donalds Tramps 1997. gad\u0101 uz\u0146emt\u0101 fotogr\u0101fij\u0101. Tramps teicis, ka vi\u0146a draudz\u012bba ar Epst\u012bnu beigusies pirms vair\u0101k nek\u0101 20 gadiem.\" loading=\"lazy\"\/><\/p>\n<p>D\u017eefrijs Epst\u012bns (no kreis\u0101s) un Donalds Tramps 1997. gad\u0101 uz\u0146emt\u0101 fotogr\u0101fij\u0101. Tramps teicis, ka vi\u0146a draudz\u012bba ar Epst\u012bnu beigusies pirms vair\u0101k nek\u0101 20 gadiem.<\/p>\n<p>Foto:\u00a0Ekr\u0101ns\u0101vi\u0146\u0161 no bbc.com<\/p>\n<p style=\"margin-left:0px;\">Ta\u010du, pak\u013caujoties republik\u0101\u0146u politiskajam spiedienam, Tramps pag\u0101ju\u0161aj\u0101 m\u0113nes\u012b parakst\u012bja likumprojektu, kas Tieslietu ministrijai deva 30 dienas, lai publiskotu liel\u0101ko da\u013cu ar Epst\u012bnu saist\u012bto lietu un sazi\u0146as, tostarp inform\u0101ciju par izmekl\u0113\u0161anu saist\u012bb\u0101 ar vi\u0146a n\u0101vi feder\u0101laj\u0101 cietum\u0101. Likums noteica termi\u0146u l\u012bdz piektdienai.<\/p>\n<p style=\"margin-left:0px;\">Tramps dokumentos gandr\u012bz nav man\u0101ms, un nelielais skaits vi\u0146a fotogr\u0101fiju ir biju\u0161as publiski pieejamas jau vair\u0101kus gadu desmitus. Starp t\u0101m ir divas, kur\u0101s Tramps un Epst\u012bns poz\u0113 kop\u0101 ar tagad\u0113jo pirmo l\u0113diju Mel\u0101niju Trampu 2000. gada febru\u0101r\u012b pas\u0101kum\u0101 vi\u0146a k\u016brort\u0101 &#8220;Mar-a-Lago&#8221;.<\/p>\n<p style=\"margin-left:0px;\">Trampa saikne ar Epst\u012bnu ir labi dokument\u0113ta, ta\u010du vi\u0146\u0161 ir centies no sava biju\u0161\u0101 drauga distanc\u0113ties.<\/p>\n<p style=\"margin-left:0px;\">Starp citiem iev\u0113rojamiem Epst\u012bna kontaktiem ir biju\u0161ais princis Endrj\u016b, kur\u0161 piektdien publiskotaj\u0101 fotogr\u0101fij\u0101 redzams, t\u0113rpies smoking\u0101 un gu\u013cot uz vair\u0101ku s\u0113do\u0161o sievie\u0161u kl\u0113pjiem, kuras ir t\u0113rpu\u0161\u0101s sv\u0113tku t\u0113rpos. Ar\u012b popzvaigzne Maikls D\u017eeksons par\u0101d\u0101s vair\u0101k\u0101s fotogr\u0101fij\u0101s, tostarp vien\u0101 no t\u0101m vi\u0146\u0161 redzams blakus smaido\u0161am Epst\u012bnam.<\/p>\n<p><img decoding=\"async\" src=\"https:\/\/www.europesays.com\/lv\/wp-content\/uploads\/2025\/12\/202512211129436947be075756a.jpg\" alt=\"Biju\u0161ais princis Endrj\u016b. D\u017eefrija Epst\u012bna lietas materi\u0101lu foto.\" loading=\"lazy\"\/><\/p>\n<p>Biju\u0161ais princis Endrj\u016b. D\u017eefrija Epst\u012bna lietas materi\u0101lu foto.<\/p>\n<p>Foto:\u00a0ASV Tieslietu ministrija<\/p>\n<p style=\"margin-left:0px;\">At\u0161\u0137ir\u012bb\u0101 no Trampa, Klintons materi\u0101los ir paman\u0101m\u0101 viet\u0101, lai gan ierakstos nav skaidrojuma par to, k\u0101 biju\u0161\u0101 prezidenta fotogr\u0101fijas ir saist\u012btas ar k\u0101du izmekl\u0113\u0161anu vai ar t\u0101m saist\u012bto kontekstu.<\/p>\n<p style=\"margin-left:0px;\">Da\u017e\u0101s fotogr\u0101fij\u0101s vi\u0146\u0161 redzams priv\u0101t\u0101 lidma\u0161\u012bn\u0101, tostarp vien\u0101 no t\u0101m sieviete, kuras seja ir redi\u0123\u0113ta, s\u0113\u017e vi\u0146am l\u012bdz\u0101s, apskaujot vi\u0146u ar roku. Cit\u0101 fotogr\u0101fij\u0101 vi\u0146\u0161 redzams basein\u0101 kop\u0101 ar Epst\u012bna ilggad\u0113jo uztic\u012bbas personu, britu sabiedr\u012bbas d\u0101mu G\u012bsleinu Maksvelu, un personu, kuras seja ar\u012b ir redi\u0123\u0113ta. Vi\u0146\u0161 redzams ar\u012b d\u017eakuzi kop\u0101 ar sievieti, kuras seja ir redi\u0123\u0113ta.<\/p>\n<p style=\"margin-left:0px;\">Jau iepriek\u0161 publiski bija pieejams apjom\u012bgs Epst\u012bna dokumentu kl\u0101sts, tostarp lidojumu \u017eurn\u0101li, adre\u0161u gr\u0101mati\u0146as, e-pasta sarakste, policijas zi\u0146ojumi, zv\u0113rin\u0101t\u0101s tiesas ieraksti, liec\u012bbas tiesas z\u0101l\u0113 un liec\u012bbu stenogrammas.<\/p>\n<p style=\"margin-left:0px;\">Republik\u0101\u0146u kongresme\u0146i pag\u0101ju\u0161aj\u0101 m\u0113nes\u012b publiskoja Epst\u012bna mantojuma dokumentus 23 000 lappu\u0161u apjom\u0101, un P\u0101rst\u0101vju pal\u0101tas demokr\u0101ti piev\u0113rsa uzman\u012bbu e-pasta v\u0113stul\u0113m, kur\u0101s piemin\u0113ts Tramps. Tom\u0113r nav pier\u0101d\u012bjumu, ka vi\u0146\u0161 b\u016btu bijis iesaist\u012bts noziegumos.<\/p>\n<p style=\"margin-left:0px;\">Epst\u012bns tika aps\u016bdz\u0113ts vair\u0101ku desmitu nepilngad\u012bgu meite\u0146u seksu\u0101l\u0101 izmanto\u0161an\u0101 un cilv\u0113ku tirdzniec\u012bb\u0101 seksu\u0101las izmanto\u0161anas nol\u016bk\u0101.<\/p>\n<p style=\"margin-left:0px;\">Tiesu t\u0101 ar\u012b nesagaid\u012bjis, Epst\u012bns izdar\u012bja pa\u0161n\u0101v\u012bbu feder\u0101laj\u0101 aiztur\u0113\u0161anas centr\u0101 \u0145ujork\u0101 2019. gada august\u0101 dienu p\u0113c tam, kad tika publiskoti dokumenti, kas dod pla\u0161\u0101ku ieskatu vi\u0146a vad\u012btaj\u0101 seksu\u0101lo pakalpojumu tirdzniec\u012bbas t\u012bkl\u0101 laik\u0101 no 2002. l\u012bdz 2005. gadam.<\/p>\n<p><img decoding=\"async\" class=\"img-fluid mb-3\" loading=\"lazy\" src=\"https:\/\/www.europesays.com\/lv\/wp-content\/uploads\/2025\/12\/1766332457_965_202512211129436947be075119a.jpg\" alt=\"D\u017eefrija Epst\u012bna lietas materi\u0101lu foto.\"\/><\/p>\n<p> D\u017eefrija Epst\u012bna lietas materi\u0101lu foto <\/p>\n<p> ASV Tieslietu ministrija publiskojusi da\u013cu pedofilij\u0101 un cilv\u0113ktirdzniec\u012bb\u0101 aps\u016bdz\u0113t\u0101 finansista un prezidenta Donalda Trampa biju\u0161\u0101 drauga D\u017eefrija Epst\u012bna lietas materi\u0101lu. <\/p>\n<p> D\u017eefrija Epst\u012bna lietas materi\u0101lu foto. <\/p>\n<p class=\"paragraph-muted\">Izv\u0113lies savu soct\u012bklu platformu, lai sekotu LASI.LV: <a href=\"https:\/\/www.facebook.com\/portals.lasi.lv\" target=\"_blank\" rel=\"noopener noreferrer nofollow\">Facebook<\/a>, <a href=\"https:\/\/twitter.com\/lasilvportals\" target=\"_blank\" rel=\"noopener noreferrer nofollow\">X<\/a>, <a href=\"https:\/\/bsky.app\/profile\/lasilv.bsky.social\" target=\"_blank\" rel=\"noopener noreferrer nofollow\">Bluesky<\/a>, <a href=\"https:\/\/www.draugiem.lv\/lasilv\/?pg=4\" target=\"_blank\" rel=\"noopener noreferrer nofollow\">Draugiem<\/a> vai ar\u012b <a href=\"https:\/\/www.instagram.com\/lasilv_zinas\/\" target=\"_blank\" rel=\"noopener noreferrer nofollow\">Instagram<\/a>. Pievienojies m\u016bsu las\u012bt\u0101ju pulkam, lai sa\u0146emtu \u012bpa\u0161i tev atlas\u012btu noder\u012bgu, praktisku un aktu\u0101lu saturu.\u00a0<\/p>\n<p><a href=\"https:\/\/lasi.lv\/abonesana\" rel=\"nofollow noopener\" target=\"_blank\">Abon\u0113<\/a>\u00a0LASI.LV gadam\u00a0vai k\u0101du no\u00a0&#8220;Latvijas Mediju&#8221; periodiskajiem izdevumiem 2026. gadam, un laim\u0113 1500 eiro vai Philips kafijas autom\u0101tu. Loterijas at\u013caujas nr. 8744.<\/p>\n<p><img decoding=\"async\" src=\"https:\/\/www.europesays.com\/lv\/wp-content\/uploads\/2025\/12\/1765963873_985_2025100311425268df8c8c1572e.jpg\" alt=\"\" loading=\"lazy\"\/><\/p>\n<p style=\"margin-left:auto;\">Pieraksties LASI.LV redaktora v\u0113stkopai <a href=\"https:\/\/lasi.lv\/vestkopa\/lasi-lv-galvena-redaktora-vestkopa\" rel=\"nofollow noopener\" target=\"_blank\">\u0161eit<\/a>.<\/p>\n<p>Pieraksties v\u0113stkopai un divas reizes ned\u0113\u013c\u0101 sa\u0146em padzi\u013cin\u0101tu LASI.LV galven\u0101 redaktora aktu\u0101lo zi\u0146u, kompetentu viedok\u013cu un interesant\u0101ko interviju apkopojumu.<\/p>\n<p>Ko tu sa\u0146emsi:<\/p>\n<ul>\n<li>Daudzveid\u012bgus koment\u0101rus un kompetentus Latvijas Mediju \u017eurn\u0101listu un autoru viedok\u013cus par aktu\u0101lo<\/li>\n<li>Ekspertu koment\u0101rus par da\u017e\u0101diem praktiskiem, noder\u012bgiem tematiem<\/li>\n<li>Aizraujo\u0161us materi\u0101lus par v\u0113sturi, psiholo\u0123iju, kult\u016bru<\/li>\n<li>Gata \u0160\u013c\u016bkas karikat\u016bru<\/li>\n<li>Tav\u0101 e-pasta kast\u012bt\u0113 katru ceturtdienu<\/li>\n<\/ul>\n<p style=\"margin-left:auto;\">\u00a0<\/p>\n<p><script async src=\"https:\/\/platform.twitter.com\/widgets.js\" charset=\"utf-8\"><\/script><script async src=\"\/\/www.instagram.com\/embed.js\"><\/script><\/p>\n","protected":false},"excerpt":{"rendered":"ASV Tieslietu ministrija publiskojusi da\u013cu pedofilij\u0101 un cilv\u0113ktirdzniec\u012bb\u0101 aps\u016bdz\u0113t\u0101 finansista un prezidenta Donalda Trampa biju\u0161\u0101 drauga D\u017eefrija Epst\u012bna&hellip;\n","protected":false},"author":2,"featured_media":82035,"comment_status":"","ping_status":"","sticky":false,"template":"","format":"standard","meta":{"footnotes":""},"categories":[14],"tags":[23,57,28,29,32,33,22,30,31,35,39,38,36,37,34,40,20,26,27,24,25,54,55,56,21,58],"class_list":{"0":"post-82034","1":"post","2":"type-post","3":"status-publish","4":"format-standard","5":"has-post-thumbnail","7":"category-zinas-no-arvalstim","8":"tag-aktualitates","9":"tag-arvalstim","10":"tag-breaking-news","11":"tag-breakingnews","12":"tag-featured-news","13":"tag-featurednews","14":"tag-headlines","15":"tag-latest-news","16":"tag-latestnews","17":"tag-latvia","18":"tag-latvian","19":"tag-latviesu","20":"tag-latviesu-valoda","21":"tag-latviesuvaloda","22":"tag-latvija","23":"tag-lv","24":"tag-news","25":"tag-popularakas-zinas","26":"tag-popularakaszinas","27":"tag-top-stories","28":"tag-topstories","29":"tag-world","30":"tag-world-news","31":"tag-worldnews","32":"tag-zinas","33":"tag-zinas-no-arvalstim"},"share_on_mastodon":{"url":"https:\/\/pubeurope.com\/@lv\/115758371125263048","error":""},"_links":{"self":[{"href":"https:\/\/www.europesays.com\/lv\/wp-json\/wp\/v2\/posts\/82034","targetHints":{"allow":["GET"]}}],"collection":[{"href":"https:\/\/www.europesays.com\/lv\/wp-json\/wp\/v2\/posts"}],"about":[{"href":"https:\/\/www.europesays.com\/lv\/wp-json\/wp\/v2\/types\/post"}],"author":[{"embeddable":true,"href":"https:\/\/www.europesays.com\/lv\/wp-json\/wp\/v2\/users\/2"}],"replies":[{"embeddable":true,"href":"https:\/\/www.europesays.com\/lv\/wp-json\/wp\/v2\/comments?post=82034"}],"version-history":[{"count":0,"href":"https:\/\/www.europesays.com\/lv\/wp-json\/wp\/v2\/posts\/82034\/revisions"}],"wp:featuredmedia":[{"embeddable":true,"href":"https:\/\/www.europesays.com\/lv\/wp-json\/wp\/v2\/media\/82035"}],"wp:attachment":[{"href":"https:\/\/www.europesays.com\/lv\/wp-json\/wp\/v2\/media?parent=82034"}],"wp:term":[{"taxonomy":"category","embeddable":true,"href":"https:\/\/www.europesays.com\/lv\/wp-json\/wp\/v2\/categories?post=82034"},{"taxonomy":"post_tag","embeddable":true,"href":"https:\/\/www.europesays.com\/lv\/wp-json\/wp\/v2\/tags?post=82034"}],"curies":[{"name":"wp","href":"https:\/\/api.w.org\/{rel}","templated":true}]}}