{"id":82036,"date":"2025-12-21T15:55:32","date_gmt":"2025-12-21T15:55:32","guid":{"rendered":"https:\/\/www.europesays.com\/lv\/82036\/"},"modified":"2025-12-21T15:55:32","modified_gmt":"2025-12-21T15:55:32","slug":"policija-svetku-laika-rikos-pastiprinatas-parbaudes-uz-celiem","status":"publish","type":"post","link":"https:\/\/www.europesays.com\/lv\/82036\/","title":{"rendered":"Policija sv\u0113tku laik\u0101 r\u012bkos pastiprin\u0101tas p\u0101rbaudes uz ce\u013ciem"},"content":{"rendered":"<p>Valsts policija (VP) sv\u0113tku laik\u0101, no 23. decembra l\u012bdz 5. janv\u0101rim, r\u012bkos pastiprin\u0101tas p\u0101rbaudes uz ce\u013ciem, a\u0123ent\u016bra LETA noskaidroja VP.<\/p>\n<p>Sv\u0113tku laiks nereti p\u0101rv\u0113r\u0161as par tra\u0123\u0113diju &#8211; iepriek\u0161\u0113jo gadu pieredze liecina, ka \u0161oferi brauc reibum\u0101 un notiek\u00a0av\u0101rijas\u00a0ar cietu\u0161ajiem un boj\u0101g\u0101ju\u0161iem. T\u0101pat policija nov\u0113rojusi, ka joproj\u0101m da\u013ca g\u0101j\u0113ju nelieto atstarot\u0101jus. \u0160ogad dz\u012bv\u012bbu zaud\u0113ju\u0161i vair\u0101k g\u0101j\u0113ju nek\u0101 p\u0113rn, piektdien \u017eurn\u0101listiem past\u0101st\u012bja VP Galven\u0101s k\u0101rt\u012bbas policijas p\u0101rvaldes priek\u0161nieka vietnieks Arturs Smilga.<\/p>\n<p>Lai nepie\u013cautu s\u0113\u0161anos pie st\u016bres reibum\u0101, policija sv\u0113tku laik\u0101 r\u012bkos pastiprin\u0101tas p\u0101rbaudes. Likumsargi aicina transportl\u012bdzek\u013cu pret \u0161iem reidiem iztur\u0113ties ar sapratni. T\u0101pat policija cent\u012b\u0161oties b\u016bt redzama vis\u0101 valsts teritorij\u0101.<\/p>\n<p>Policija ar\u012b aicina sabiedr\u012bbu iev\u0113rot dro\u0161\u012bbas pras\u012bbas pirotehnikas lieto\u0161an\u0101, tostarp ieg\u0101d\u0101ties pirotehniku tikai leg\u0101l\u0101s tirgo\u0161anas viet\u0101s.<\/p>\n<p>T\u0101pat likumsargi aicina sv\u0113tkos par\u016bp\u0113ties par m\u0101jok\u013cu dro\u0161\u012bbu, jo garaj\u0101s br\u012bvdien\u0101s da\u013ca iedz\u012bvot\u0101ji izv\u0113l\u0113sies doties \u0101rvalstu ce\u013cojumos.<\/p>\n<p>Stingri aizliegts iAuto.lv public\u0113tos materi\u0101lus izmantot, kop\u0113t vai reproduc\u0113t citos interneta port\u0101los, masu inform\u0101cijas l\u012bdzek\u013cos vai k\u0101 cit\u0101di r\u012bkoties ar iAuto.lv public\u0113tajiem materi\u0101liem bez rakstiskas EON SIA at\u013caujas sa\u0146em\u0161anas.<\/p>\n","protected":false},"excerpt":{"rendered":"Valsts policija (VP) sv\u0113tku laik\u0101, no 23. decembra l\u012bdz 5. janv\u0101rim, r\u012bkos pastiprin\u0101tas p\u0101rbaudes uz ce\u013ciem, a\u0123ent\u016bra LETA&hellip;\n","protected":false},"author":2,"featured_media":82037,"comment_status":"","ping_status":"","sticky":false,"template":"","format":"standard","meta":{"footnotes":""},"categories":[12],"tags":[23,28,29,32,33,22,30,31,35,39,38,36,37,34,40,20,20697,26,27,24,25,21],"class_list":{"0":"post-82036","1":"post","2":"type-post","3":"status-publish","4":"format-standard","5":"has-post-thumbnail","7":"category-latvija","8":"tag-aktualitates","9":"tag-breaking-news","10":"tag-breakingnews","11":"tag-featured-news","12":"tag-featurednews","13":"tag-headlines","14":"tag-latest-news","15":"tag-latestnews","16":"tag-latvia","17":"tag-latvian","18":"tag-latviesu","19":"tag-latviesu-valoda","20":"tag-latviesuvaloda","21":"tag-latvija","22":"tag-lv","23":"tag-news","24":"tag-policija-svetku-laika-rikos-pastiprinatas-parbaudes-uz-celiem","25":"tag-popularakas-zinas","26":"tag-popularakaszinas","27":"tag-top-stories","28":"tag-topstories","29":"tag-zinas"},"share_on_mastodon":{"url":"https:\/\/pubeurope.com\/@lv\/115758374954481763","error":""},"_links":{"self":[{"href":"https:\/\/www.europesays.com\/lv\/wp-json\/wp\/v2\/posts\/82036","targetHints":{"allow":["GET"]}}],"collection":[{"href":"https:\/\/www.europesays.com\/lv\/wp-json\/wp\/v2\/posts"}],"about":[{"href":"https:\/\/www.europesays.com\/lv\/wp-json\/wp\/v2\/types\/post"}],"author":[{"embeddable":true,"href":"https:\/\/www.europesays.com\/lv\/wp-json\/wp\/v2\/users\/2"}],"replies":[{"embeddable":true,"href":"https:\/\/www.europesays.com\/lv\/wp-json\/wp\/v2\/comments?post=82036"}],"version-history":[{"count":0,"href":"https:\/\/www.europesays.com\/lv\/wp-json\/wp\/v2\/posts\/82036\/revisions"}],"wp:featuredmedia":[{"embeddable":true,"href":"https:\/\/www.europesays.com\/lv\/wp-json\/wp\/v2\/media\/82037"}],"wp:attachment":[{"href":"https:\/\/www.europesays.com\/lv\/wp-json\/wp\/v2\/media?parent=82036"}],"wp:term":[{"taxonomy":"category","embeddable":true,"href":"https:\/\/www.europesays.com\/lv\/wp-json\/wp\/v2\/categories?post=82036"},{"taxonomy":"post_tag","embeddable":true,"href":"https:\/\/www.europesays.com\/lv\/wp-json\/wp\/v2\/tags?post=82036"}],"curies":[{"name":"wp","href":"https:\/\/api.w.org\/{rel}","templated":true}]}}