{"id":82042,"date":"2025-12-21T16:00:18","date_gmt":"2025-12-21T16:00:18","guid":{"rendered":"https:\/\/www.europesays.com\/lv\/82042\/"},"modified":"2025-12-21T16:00:18","modified_gmt":"2025-12-21T16:00:18","slug":"polijas-arlietu-ministrs-pasniedz-orbanam-simbolisku-lenina-ordeni-tvnet","status":"publish","type":"post","link":"https:\/\/www.europesays.com\/lv\/82042\/","title":{"rendered":"Polijas \u0101rlietu ministrs \u201cpasniedz\u201d Orb\u0101nam simbolisku \u013be\u0146ina ordeni &#8211; TVNET"},"content":{"rendered":"<ol>\n<li><a href=\"https:\/\/news.google.com\/rss\/articles\/CBMimwFBVV95cUxPWlgwMEk4cjlJNzhUWVVoWWFZV0VXel85c1owWHBXYTN3WGJvX0UtRDdHcWRjUm9CSWNZX3JPNldNNmFZRjFfV2FoeEhoWGgzTXJSQXRJZlF1Zkx5UGRJLVQzN0lqZHRpcXV4TDNFc1VCcEJmWVNFaTl5dlpJSlFfbjAyYnR0a25kTmg2clVzbFA4UEwtd09yTTZUQQ?oc=5\" target=\"_blank\" rel=\"nofollow noopener\">Polijas \u0101rlietu ministrs \u201cpasniedz\u201d Orb\u0101nam simbolisku \u013be\u0146ina ordeni<\/a>&nbsp;&nbsp;TVNET<\/li>\n<li><a href=\"https:\/\/news.google.com\/rss\/articles\/CBMiiAFBVV95cUxPdFdlY2JyWTg1YUVZN1I3S0t1UTZ6bzh5Ty13TGtmSm93RjNaRk5sM25hNE9UdDVic3F0TGd2UlpVa093WjRSeXdSajdYa3MxQnY1TmhkR1o1MVpqWlpjM3pxQVNOSHRGc3ZhTDlZdkNJZkg3aWFTNDNzaF9RSUFkWFBXMmFua29D?oc=5\" target=\"_blank\" rel=\"nofollow noopener\">Putins gatavs sarun\u0101m ar Makronu par karu Ukrain\u0101<\/a>&nbsp;&nbsp;tv3.lv<\/li>\n<li><a href=\"https:\/\/news.google.com\/rss\/articles\/CBMiwAFBVV95cUxNaU9GR1dRckE1d3ViVE92OUZEUURIdktuWnJWdDFmMWphaEk5MTN5dHgxNXdJV2MxTE5pY2FwdEIxdzg4ZWdpQ2VyVjdUYm1fTTU4OHRpdVlVdUpOZE5NSkR2RHd6eHpGQmlKUmNJUGFSS2U1VWpxN3JYaTV1ZHNmeXh5QnQ2RThJVE5EN2hrUmU0MXJPUmxMWXN1LVZfMmZsdExjSm1hWVVQWGgyODNVQ08xMGpPalF3WnNiSkJHV0g?oc=5\" target=\"_blank\" rel=\"nofollow noopener\">Orb\u0101ns: Ukrainas sabrukums b\u016btu katastrofa Ung\u0101rijai, ir j\u0101r\u016bp\u0113jas par kaimi\u0146valsti<\/a>&nbsp;&nbsp;Lente.lv<\/li>\n<li><a href=\"https:\/\/news.google.com\/rss\/articles\/CBMiowFBVV95cUxPbW13SXdnTWV6OG1QQktGV0VFMDh1amhQc3ZSUndZTWRkWlpNMjliTS1CcEQxYmVzMTdrUDg5a3ZoYndCbGlmR0xmNXV2SHA2WElqelFMaS03SlNlNXJUQXE0LVRRM081Y0UxcElPWWRKdGRMdHVQenotYnRoQm42OHNvMy0wZzF2T0FrSFgtMGF3Y21TVGdTaURqb1A0UE40R2w0?oc=5\" target=\"_blank\" rel=\"nofollow noopener\">Ukrainas \u0101rlietu ministrs publiski iesmej par Orb\u0101nu. K\u0101ds bija vi\u0146a ironiskais joks?<\/a>&nbsp;&nbsp;LA.LV<\/li>\n<li><a href=\"https:\/\/news.google.com\/rss\/articles\/CBMi8gFBVV95cUxQbGF5SFRNVmFPbzhpSy03RnZSbVM0c0EwOHB6aU5rQ2V1aFduNFlQZG9PaEhIQ01tZnpkenZ4MGlodHlYMDZPamF0WF9jcnFuOGFyN3FGWUl4cWJpNEIxSURCRjlJbjFUMFZFLWFMNWJZVkNwSjNZcTFNcmxIV3Bzek9HakxtUXZwQzlWM3VjeENXNlJ6Wm1qZk1CWmhmOGVycWVCYjNxdVQ2b19sMXdLVVVwN2tLcEd4WUxYTmtReHlBc2tDRVQ5M0xCSWRMSFRwc0RpN2s3RjExbDdkVFgwcnZzRlBwcWk1U2xHRE8tTEFYdw?oc=5\" target=\"_blank\" rel=\"nofollow noopener\">Polijas \u0101rlietu ministrs Sikorskis veikli noliek pie vietas Ung\u0101rijas \u0101rlietu ministru. &#8220;Orb\u0101ns ir nopeln\u012bjis \u013be\u0146ina ordeni!&#8221;<\/a>&nbsp;&nbsp;Jauns.lv<\/li>\n<\/ol>\n","protected":false},"excerpt":{"rendered":"Polijas \u0101rlietu ministrs \u201cpasniedz\u201d Orb\u0101nam simbolisku \u013be\u0146ina ordeni&nbsp;&nbsp;TVNET Putins gatavs sarun\u0101m ar Makronu par karu Ukrain\u0101&nbsp;&nbsp;tv3.lv Orb\u0101ns: Ukrainas&hellip;\n","protected":false},"author":2,"featured_media":82043,"comment_status":"","ping_status":"","sticky":false,"template":"","format":"standard","meta":{"footnotes":""},"categories":[14],"tags":[23,57,28,29,514,32,33,22,74,30,31,35,39,38,36,37,34,40,20,72,26,27,15356,3008,24,25,276,2497,2508,54,55,56,21,58],"class_list":{"0":"post-82042","1":"post","2":"type-post","3":"status-publish","4":"format-standard","5":"has-post-thumbnail","7":"category-zinas-no-arvalstim","8":"tag-aktualitates","9":"tag-arvalstim","10":"tag-breaking-news","11":"tag-breakingnews","12":"tag-eiropas-savieniba","13":"tag-featured-news","14":"tag-featurednews","15":"tag-headlines","16":"tag-krievijas-iebrukums-ukraina","17":"tag-latest-news","18":"tag-latestnews","19":"tag-latvia","20":"tag-latvian","21":"tag-latviesu","22":"tag-latviesu-valoda","23":"tag-latviesuvaloda","24":"tag-latvija","25":"tag-lv","26":"tag-news","27":"tag-polija","28":"tag-popularakas-zinas","29":"tag-popularakaszinas","30":"tag-radoslavs-sikorskis","31":"tag-slovakija","32":"tag-top-stories","33":"tag-topstories","34":"tag-ukraina","35":"tag-ungarija","36":"tag-viktors-orbans","37":"tag-world","38":"tag-world-news","39":"tag-worldnews","40":"tag-zinas","41":"tag-zinas-no-arvalstim"},"share_on_mastodon":{"url":"","error":"Validation failed: Text character limit of 500 exceeded"},"_links":{"self":[{"href":"https:\/\/www.europesays.com\/lv\/wp-json\/wp\/v2\/posts\/82042","targetHints":{"allow":["GET"]}}],"collection":[{"href":"https:\/\/www.europesays.com\/lv\/wp-json\/wp\/v2\/posts"}],"about":[{"href":"https:\/\/www.europesays.com\/lv\/wp-json\/wp\/v2\/types\/post"}],"author":[{"embeddable":true,"href":"https:\/\/www.europesays.com\/lv\/wp-json\/wp\/v2\/users\/2"}],"replies":[{"embeddable":true,"href":"https:\/\/www.europesays.com\/lv\/wp-json\/wp\/v2\/comments?post=82042"}],"version-history":[{"count":0,"href":"https:\/\/www.europesays.com\/lv\/wp-json\/wp\/v2\/posts\/82042\/revisions"}],"wp:featuredmedia":[{"embeddable":true,"href":"https:\/\/www.europesays.com\/lv\/wp-json\/wp\/v2\/media\/82043"}],"wp:attachment":[{"href":"https:\/\/www.europesays.com\/lv\/wp-json\/wp\/v2\/media?parent=82042"}],"wp:term":[{"taxonomy":"category","embeddable":true,"href":"https:\/\/www.europesays.com\/lv\/wp-json\/wp\/v2\/categories?post=82042"},{"taxonomy":"post_tag","embeddable":true,"href":"https:\/\/www.europesays.com\/lv\/wp-json\/wp\/v2\/tags?post=82042"}],"curies":[{"name":"wp","href":"https:\/\/api.w.org\/{rel}","templated":true}]}}