{"id":82074,"date":"2025-12-21T16:34:08","date_gmt":"2025-12-21T16:34:08","guid":{"rendered":"https:\/\/www.europesays.com\/lv\/82074\/"},"modified":"2025-12-21T16:34:08","modified_gmt":"2025-12-21T16:34:08","slug":"pasaule-garakais-pusaudzis-basketbola-uzstada-jaunu-rekordu-par-cik-centimetriem-apsteidz-nba-speletaju-porzingi","status":"publish","type":"post","link":"https:\/\/www.europesays.com\/lv\/82074\/","title":{"rendered":"Pasaul\u0113 gar\u0101kais pusaudzis basketbol\u0101 uzst\u0101da jaunu rekordu. Par cik centimetriem apsteidz NBA sp\u0113l\u0113t\u0101ju Porzi\u0146\u0123i?"},"content":{"rendered":"<p>19 gadus vecais basketbolists, kura augums ir 236 centimetri, k\u013cuvis par gar\u0101ko sp\u0113l\u0113t\u0101ju NCAA v\u0113stur\u0113, kur\u0161 guvis punktus, v\u0113sta medijs BBC.<\/p>\n<p>Floridas &#8220;Gators&#8221; centra sp\u0113l\u0113t\u0101js <a href=\"https:\/\/www.apollo.lv\/term\/836469\/olivje-riu\" class=\"topicLink\" target=\"_blank\" rel=\"nofollow noopener\">Olivj\u0113 Ri\u016b<\/a> ma\u010da izska\u0146\u0101 realiz\u0113ja danku, pal\u012bdzot savai komandai ar 102:61 p\u0101rsp\u0113t &#8220;Saint Francis&#8221;.<\/p>\n<p>Kan\u0101das basketbolists jau pag\u0101ju\u0161aj\u0101 m\u0113nes\u012b k\u013cuva par gar\u0101ko sp\u0113l\u0113t\u0101ju, kur\u0161 jebkad izg\u0101jis laukum\u0101 koled\u017eu basketbol\u0101, aizvadot savu pirmo sp\u0113li NCAA \u010dempion\u0101t\u0101.<\/p>\n<blockquote class=\"quote ck-widget\" contenteditable=\"false\">\n<p>2021. gad\u0101 Ginesa rekordu gr\u0101mat\u0101 vi\u0146\u0161 tika pasludin\u0101ts par pasaules gar\u0101ko pusaudzi, tobr\u012bd vi\u0146a augums sasniedza 226 centimetrus.<\/p>\n<\/blockquote>\n<p>Lai gan \u0161is bija centra sp\u0113l\u0113t\u0101ja pirmais danks, jau 21. novembr\u012b ma\u010d\u0101 pret &#8220;Merrimack&#8221; vi\u0146\u0161 realiz\u0113ja soda metienu, g\u016bstot savus pirmos punktus NCAA.<\/p>\n<p>Ja Olivj\u0113 Ri\u016b tuv\u0101kaj\u0101 n\u0101kotn\u0113 non\u0101ktu NBA, vi\u0146\u0161 k\u013c\u016btu par gar\u0101ko sp\u0113l\u0113t\u0101ju vis\u0101 l\u012bg\u0101. \u0160obr\u012bd par NBA gar\u0101ko basketbolistu tiek uzskat\u012bts Sanantonio &#8220;Spurs&#8221; p\u0101rst\u0101vis Viktors Vembanjama, kura augums ir 224 centimetri.<\/p>\n","protected":false},"excerpt":{"rendered":"19 gadus vecais basketbolists, kura augums ir 236 centimetri, k\u013cuvis par gar\u0101ko sp\u0113l\u0113t\u0101ju NCAA v\u0113stur\u0113, kur\u0161 guvis punktus,&hellip;\n","protected":false},"author":2,"featured_media":82075,"comment_status":"","ping_status":"","sticky":false,"template":"","format":"standard","meta":{"footnotes":""},"categories":[17],"tags":[145,1260,35,39,38,36,37,34,40,20137,67],"class_list":{"0":"post-82074","1":"post","2":"type-post","3":"status-publish","4":"format-standard","5":"has-post-thumbnail","7":"category-sports","8":"tag-basketbols","9":"tag-kristaps-porzingis","10":"tag-latvia","11":"tag-latvian","12":"tag-latviesu","13":"tag-latviesu-valoda","14":"tag-latviesuvaloda","15":"tag-latvija","16":"tag-lv","17":"tag-olivje-riu","18":"tag-sports"},"share_on_mastodon":{"url":"https:\/\/pubeurope.com\/@lv\/115758528118281277","error":""},"_links":{"self":[{"href":"https:\/\/www.europesays.com\/lv\/wp-json\/wp\/v2\/posts\/82074","targetHints":{"allow":["GET"]}}],"collection":[{"href":"https:\/\/www.europesays.com\/lv\/wp-json\/wp\/v2\/posts"}],"about":[{"href":"https:\/\/www.europesays.com\/lv\/wp-json\/wp\/v2\/types\/post"}],"author":[{"embeddable":true,"href":"https:\/\/www.europesays.com\/lv\/wp-json\/wp\/v2\/users\/2"}],"replies":[{"embeddable":true,"href":"https:\/\/www.europesays.com\/lv\/wp-json\/wp\/v2\/comments?post=82074"}],"version-history":[{"count":0,"href":"https:\/\/www.europesays.com\/lv\/wp-json\/wp\/v2\/posts\/82074\/revisions"}],"wp:featuredmedia":[{"embeddable":true,"href":"https:\/\/www.europesays.com\/lv\/wp-json\/wp\/v2\/media\/82075"}],"wp:attachment":[{"href":"https:\/\/www.europesays.com\/lv\/wp-json\/wp\/v2\/media?parent=82074"}],"wp:term":[{"taxonomy":"category","embeddable":true,"href":"https:\/\/www.europesays.com\/lv\/wp-json\/wp\/v2\/categories?post=82074"},{"taxonomy":"post_tag","embeddable":true,"href":"https:\/\/www.europesays.com\/lv\/wp-json\/wp\/v2\/tags?post=82074"}],"curies":[{"name":"wp","href":"https:\/\/api.w.org\/{rel}","templated":true}]}}