{"id":82088,"date":"2025-12-21T16:52:10","date_gmt":"2025-12-21T16:52:10","guid":{"rendered":"https:\/\/www.europesays.com\/lv\/82088\/"},"modified":"2025-12-21T16:52:10","modified_gmt":"2025-12-21T16:52:10","slug":"dzakomels-triumfe-pasaules-kausa-biatlona-posma-distance-ar-kopeju-startu","status":"publish","type":"post","link":"https:\/\/www.europesays.com\/lv\/82088\/","title":{"rendered":"D\u017eakomels triumf\u0113 Pasaules kausa biatlon\u0101 posm\u0101 distanc\u0113 ar kop\u0113ju startu"},"content":{"rendered":"<p>Balstoties uz sniegumu \u0161aj\u0101 un iepriek\u0161\u0113jos posmos, neviena no Latvijas biatlonistiem nav pat tuv\u0101ko rezervistu sarakst\u0101.<\/p>\n<p>P\u0113c asto\u0146\u0101m sacens\u012bb\u0101m Pasaules kausa kopv\u0113rt\u0113jum\u0101 l\u012bderpoz\u012bciju saglab\u0101 norv\u0113\u0123is Juhans \u016alavs Botns, kur\u0161 iekr\u0101jis 560 punktus. Pero ar 447 punktiem ir otrais, bet uz tre\u0161o poz\u012bciju ar 431 punktu pak\u0101pies D\u017eakomels. No Latvijas biatlonistiem Andrejs Rastorgujevs ar 42 punktiem ierindojas 40. poz\u012bcij\u0101, kam\u0113r Ren\u0101ram Birkent\u0101lam 22 punkti dod 52. vietu.<\/p>\n<p>Jau zi\u0146ots, ka 12,5 kilometru distanc\u0113 ar kop\u0113ju startu sievie\u0161u konkurenc\u0113 uzvaru svin\u0113ja Norv\u0113\u0123ijas biatloniste M\u0101rene Kirkeide.<\/p>\n<p>Pasaules kausa sacens\u012bb\u0101s \u0161osezon ir devi\u0146i posmi. P\u0113c jaun\u0101 gada notiks Pasaules kausa sacens\u012bbas V\u0101cijas tras\u0113s Oberhof\u0101 un R\u016bpolding\u0101, k\u0101 ar\u012b \u010cehijas pils\u0113t\u0101 Nove Mesto. No 8. l\u012bdz 21. febru\u0101rim biatlonisti start\u0113s olimpiskaj\u0101s sp\u0113l\u0113s It\u0101lij\u0101, bet mart\u0101 notiks v\u0113l tr\u012bs Pasaules kausa posmi Kontiolahti, Otep\u0113 un Holmenkollen\u0101.<\/p>\n<p class=\"tv3-fw-500\">Zi\u0146o par k\u013c\u016bdu rakst\u0101<\/p>\n<p class=\"d-md-block d-none\">Iez\u012bm\u0113 k\u013c\u016bdaino tekstu un spied Ctrl+Enter.<\/p>\n<p class=\"d-md-none d-block\">Iez\u012bm\u0113 k\u013c\u016bdaino tekstu un zi\u0146o par to!<\/p>\n","protected":false},"excerpt":{"rendered":"Balstoties uz sniegumu \u0161aj\u0101 un iepriek\u0161\u0113jos posmos, neviena no Latvijas biatlonistiem nav pat tuv\u0101ko rezervistu sarakst\u0101. P\u0113c asto\u0146\u0101m&hellip;\n","protected":false},"author":2,"featured_media":82089,"comment_status":"","ping_status":"","sticky":false,"template":"","format":"standard","meta":{"footnotes":""},"categories":[17],"tags":[35,39,38,36,37,34,40,17649,67],"class_list":{"0":"post-82088","1":"post","2":"type-post","3":"status-publish","4":"format-standard","5":"has-post-thumbnail","7":"category-sports","8":"tag-latvia","9":"tag-latvian","10":"tag-latviesu","11":"tag-latviesu-valoda","12":"tag-latviesuvaloda","13":"tag-latvija","14":"tag-lv","15":"tag-pasaules-kauss-biatlona","16":"tag-sports"},"share_on_mastodon":{"url":"https:\/\/pubeurope.com\/@lv\/115758598897862182","error":""},"_links":{"self":[{"href":"https:\/\/www.europesays.com\/lv\/wp-json\/wp\/v2\/posts\/82088","targetHints":{"allow":["GET"]}}],"collection":[{"href":"https:\/\/www.europesays.com\/lv\/wp-json\/wp\/v2\/posts"}],"about":[{"href":"https:\/\/www.europesays.com\/lv\/wp-json\/wp\/v2\/types\/post"}],"author":[{"embeddable":true,"href":"https:\/\/www.europesays.com\/lv\/wp-json\/wp\/v2\/users\/2"}],"replies":[{"embeddable":true,"href":"https:\/\/www.europesays.com\/lv\/wp-json\/wp\/v2\/comments?post=82088"}],"version-history":[{"count":0,"href":"https:\/\/www.europesays.com\/lv\/wp-json\/wp\/v2\/posts\/82088\/revisions"}],"wp:featuredmedia":[{"embeddable":true,"href":"https:\/\/www.europesays.com\/lv\/wp-json\/wp\/v2\/media\/82089"}],"wp:attachment":[{"href":"https:\/\/www.europesays.com\/lv\/wp-json\/wp\/v2\/media?parent=82088"}],"wp:term":[{"taxonomy":"category","embeddable":true,"href":"https:\/\/www.europesays.com\/lv\/wp-json\/wp\/v2\/categories?post=82088"},{"taxonomy":"post_tag","embeddable":true,"href":"https:\/\/www.europesays.com\/lv\/wp-json\/wp\/v2\/tags?post=82088"}],"curies":[{"name":"wp","href":"https:\/\/api.w.org\/{rel}","templated":true}]}}