{"id":82094,"date":"2025-12-21T17:00:08","date_gmt":"2025-12-21T17:00:08","guid":{"rendered":"https:\/\/www.europesays.com\/lv\/82094\/"},"modified":"2025-12-21T17:00:08","modified_gmt":"2025-12-21T17:00:08","slug":"teva-un-dela-rikota-apsaude-hanukas-pasakuma-policija-atklaj-islama-valsts-iedvesmu-lente-lv","status":"publish","type":"post","link":"https:\/\/www.europesays.com\/lv\/82094\/","title":{"rendered":"T\u0113va un D\u0113la R\u012bkot\u0101 Ap\u0161aud\u0113 Hanukas Pas\u0101kum\u0101 \u2013 Policija Atkl\u0101j \u201cIsl\u0101ma valsts\u201d Iedvesmu\u00a0\u2014\u00a0Lente.lv"},"content":{"rendered":"<p>Sidnejas Kr\u012bze: Ofici\u0101ls Pazi\u0146ojums Par Teroraktu<\/p>\n<p>Austr\u0101lijas feder\u0101l\u0101s policijas komis\u0101re Krisija Bareta ofici\u0101li apstiprin\u0101jusi, ka masu ap\u0161aude, kas \u0161ausmin\u0101ja Sidnejas Bondi pludmali ebreju Hanukas sv\u0113tku pas\u0101kum\u0101, ir klasific\u0113jama k\u0101 teroristu akts, ko iedvesmojusi b\u0113d\u012bgi slaven\u0101 teroristu organiz\u0101cija \u201cIsl\u0101ma valsts\u201d (ISIS). K\u0101 zi\u0146o Latvijas Av\u012bze, \u0161is pazi\u0146ojums uzliek notiku\u0161ajam nopietn\u0101ku, ideolo\u0123isku nokr\u0101su, kas satricin\u0101jis ne tikai Austr\u0101liju, bet ar\u012b starptautisko sabiedr\u012bbu. Uzbrukum\u0101, kas notika sv\u0113tdienas vakar\u0101, tika nogalin\u0101ti 15 cilv\u0113ki un ievainoti 41, tostarp divi policisti. \u0160is incidents iez\u012bm\u0113 vienu no smag\u0101kajiem ar masu ap\u0161aud\u0113m saist\u012btiem notikumiem valst\u012b p\u0113d\u0113jo tr\u012bs gadu desmitu laik\u0101, \u012bpa\u0161i \u0146emot v\u0113r\u0101 Austr\u0101lijas stingro iero\u010du kontroli kop\u0161 1996. gada Portarturas slakti\u0146a.<\/p>\n<p>Policijas komis\u0101re Bareta nor\u0101d\u012bja, ka secin\u0101jumi par teroristisko motiv\u0101ciju balst\u012bti uz p\u0101rliecino\u0161iem pier\u0101d\u012bjumiem, kas ieg\u016bti no notikuma vietas un aiztur\u0113to personu mant\u0101m. Tostarp, k\u0101 v\u0113l\u0101k preciz\u0113jis Austr\u0101lijas premjerministrs Entonijs Alban\u012bzs, izmekl\u0113\u0161an\u0101 konstat\u0113ta \u201cIsl\u0101ma valsts\u201d karogu kl\u0101tb\u016btne konfisc\u0113taj\u0101 transportl\u012bdzekl\u012b. Tiek uzskat\u012bts, ka teroraktam bija skaidra antisem\u012btiska ievirze, jo tas tika v\u0113rsts pret ebreju kopienas sv\u0113tku pas\u0101kumu.<\/p>\n<p>Uzbruc\u0113ji: T\u0113vs un D\u0113ls<\/p>\n<p>Par galvenajiem uzbruc\u0113jiem identific\u0113ti t\u0113vs un d\u0113ls. 50 gadus vecais t\u0113vs, kur\u0161, k\u0101 atkl\u0101jis Indijas policijas pazi\u0146ojums, bija Indijas pilsonis Sad\u017eids Akrams, tika likvid\u0113ts policijas ugunsgr\u0113\u0161\u0101 ap\u0161audes laik\u0101. Savuk\u0101rt 24 gadus vecais d\u0113ls Navids Akrams, kur\u0161 ir Austr\u0101lijas pilsonis, tika ievainots un atrodas policijas uzraudz\u012bb\u0101 slimn\u012bc\u0101. Jaundienvidvelsas \u0161tata policijas komis\u0101rs Mals Lanjons inform\u0113jis, ka jaun\u0101kais uzbruc\u0113js ir izk\u013cuvis no komas un tiek nopratin\u0101ts vai gatavots nopratin\u0101\u0161anai. \u0160is \u0123imenes sast\u0101vs \u2013 t\u0113vs un d\u0113ls \u2013 uzbrukuma \u012bsteno\u0161an\u0101 ir neparasts un piesaista pastiprin\u0101tu uzman\u012bbu izmekl\u0113\u0161an\u0101.<\/p>\n<p>Izmekl\u0113\u0161an\u0101 tiek r\u016bp\u012bgi analiz\u0113ts ar\u012b tas fakts, ka abi aizdom\u0101s turamie pag\u0101ju\u0161aj\u0101 m\u0113nes\u012b bija veiku\u0161i ce\u013cojumu uz Filip\u012bn\u0101m. \u0160\u012b brauciena m\u0113r\u0137is un prec\u012bzais saturs tiek saist\u012bts ar re\u0123ioniem, kur akt\u012bvi darbojas ISIS saist\u012btas grupas, mekl\u0113jot iesp\u0113jam\u0101s saiknes ar radikaliz\u0101cijas avotiem.<\/p>\n<p>Upuri un Cietu\u0161ie: Tra\u0123isk\u0101 Bilance<\/p>\n<p>Uzbrukuma upuru loks ir \u012bpa\u0161i smags. Policija apstiprin\u0101jusi, ka 15 boj\u0101 g\u0101ju\u0161o personu vecums sv\u0101rst\u0101s no 10 l\u012bdz 87 gadiem, iek\u013caujot taj\u0101 b\u0113rnus. Lai gan policija \u0101tri rea\u0123\u0113ja, izdev\u0101s neitraliz\u0113t uzbruc\u0113jus, tra\u0123\u0113dijas m\u0113rogi ir lieli. Aptuveni 25 cietu\u0161ie p\u0113c ap\u0161audes joproj\u0101m atrad\u0101s slimn\u012bc\u0101s, desmit no vi\u0146iem \u2013 kritisk\u0101 st\u0101vokl\u012b. Starp ievainotajiem ir ar\u012b drosm\u012bgs v\u012brietis, kur\u0161, k\u0101 zi\u0146ots, pal\u012bdz\u0113ja neitraliz\u0113t vienu no uzbruc\u0113jiem, liecinot par civiliedz\u012bvot\u0101ju varon\u012bbu \u0161ausmu br\u012bd\u012b.<\/p>\n<p>Starptautisk\u0101 Reakcija un Ideolo\u0123iskie Apgalvojumi<\/p>\n<p>Notikums izrais\u012bja pla\u0161u starptautisku rezonansi. Izra\u0113las premjerministrs Benjamins Netanjahu publiski piepras\u012bja Rietumvalstu vald\u012bb\u0101m pastiprin\u0101t c\u012b\u0146u pret antisem\u012btismu un nodro\u0161in\u0101t ebreju kopienu dro\u0161\u012bbu. Netanjahu sav\u0101 videouzrun\u0101 uzsv\u0113ra, ka Rietumu l\u012bderu klus\u0113\u0161ana ir k\u0101 v\u0113zis, kas veicina antisem\u012btisma izplat\u012b\u0161anos. Vi\u0146\u0161 ar\u012b atsauc\u0101s uz v\u0113stuli, ko pirms tam bija s\u016bt\u012bjis Austr\u0101lijas premjerministram, aicinot neuzkurin\u0101t antisem\u012btisma liesmas, \u012bpa\u0161i p\u0113c Austr\u0101lijas l\u0113muma atz\u012bt Palest\u012bnas valstiskumu.<\/p>\n<blockquote><p>\u201cEs pieprasu, lai Rietumvalstu vald\u012bbas dar\u012btu nepiecie\u0161amo antisem\u012btisma apkaro\u0161anai un sniegtu vajadz\u012bgo dro\u0161\u012bbu ebreju kopien\u0101m vis\u0101 pasaul\u0113. Es pieprasu r\u012bc\u012bbu &#8211; tagad.\u201d<\/p><\/blockquote>\n<p>Savuk\u0101rt Austr\u0101lijas vald\u012bba, premjerministra vad\u012bb\u0101, sol\u012bja p\u0101rskat\u012bt un stingrin\u0101t iero\u010du kontroles likumus, lai nov\u0113rstu l\u012bdz\u012bgu notikumu atk\u0101rto\u0161anos n\u0101kotn\u0113, atz\u012bstot sist\u0113miskos tr\u016bkumus, kas \u013c\u0101vu\u0161i radik\u0101l\u0101m idej\u0101m iek\u013c\u016bt sabiedr\u012bb\u0101 un sasniegt \u0161\u0101du rezult\u0101tu, neskatoties uz eso\u0161ajiem stingrajiem noteikumiem.<\/p>\n<p>N\u0101kotnes Ietekme un Dro\u0161\u012bbas Pas\u0101kumi<\/p>\n<p>Sidnejas tra\u0123\u0113dija rad\u012bja t\u016bl\u012bt\u0113ju ietekmi uz sabiedrisk\u0101s dro\u0161\u012bbas pas\u0101kumiem vis\u0101 pasaul\u0113, \u012bpa\u0161i ap ebreju kopien\u0101m. Zi\u0146ots, ka liela m\u0113roga pils\u0113tas, tostarp Berl\u012bne, Londona un \u0145ujorka, pastiprin\u0101ja dro\u0161\u012bbas pas\u0101kumus ap Hanukas sv\u0113tku pas\u0101kumiem un Ziemassv\u0113tku tirgiem. \u0160is notikums kalpo k\u0101 skarbs atg\u0101din\u0101jums par terorisma glob\u0101lo tv\u0113rienu, kas sp\u0113j izpausties pat visatt\u012bst\u012bt\u0101kaj\u0101s valst\u012bs ar stingru tiesisko regul\u0113jumu. Anal\u012bti\u0137i nor\u0101da, ka \u0161\u0101da veida ideolo\u0123iski motiv\u0113ti uzbrukumi prasa ne tikai fiziskas dro\u0161\u012bbas pastiprin\u0101\u0161anu, bet ar\u012b akt\u012bv\u0101ku c\u012b\u0146u pret radikaliz\u0101cijas avotiem soci\u0101lajos t\u012bklos un starp person\u0101m, kas nesen atgriezu\u0161\u0101s no potenci\u0101li b\u012bstamiem re\u0123ioniem.<\/p>\n","protected":false},"excerpt":{"rendered":"Sidnejas Kr\u012bze: Ofici\u0101ls Pazi\u0146ojums Par Teroraktu Austr\u0101lijas feder\u0101l\u0101s policijas komis\u0101re Krisija Bareta ofici\u0101li apstiprin\u0101jusi, ka masu ap\u0161aude, kas&hellip;\n","protected":false},"author":2,"featured_media":82095,"comment_status":"","ping_status":"","sticky":false,"template":"","format":"standard","meta":{"footnotes":""},"categories":[14],"tags":[23,57,28,29,32,33,20721,22,18712,30,31,35,39,38,36,37,34,40,20722,20,26,27,20720,4025,24,25,54,55,56,21,58],"class_list":{"0":"post-82094","1":"post","2":"type-post","3":"status-publish","4":"format-standard","5":"has-post-thumbnail","7":"category-zinas-no-arvalstim","8":"tag-aktualitates","9":"tag-arvalstim","10":"tag-breaking-news","11":"tag-breakingnews","12":"tag-featured-news","13":"tag-featurednews","14":"tag-hanuka","15":"tag-headlines","16":"tag-islama-valsts","17":"tag-latest-news","18":"tag-latestnews","19":"tag-latvia","20":"tag-latvian","21":"tag-latviesu","22":"tag-latviesu-valoda","23":"tag-latviesuvaloda","24":"tag-latvija","25":"tag-lv","26":"tag-masu-apsaude","27":"tag-news","28":"tag-popularakas-zinas","29":"tag-popularakaszinas","30":"tag-sidneja","31":"tag-terorakts","32":"tag-top-stories","33":"tag-topstories","34":"tag-world","35":"tag-world-news","36":"tag-worldnews","37":"tag-zinas","38":"tag-zinas-no-arvalstim"},"share_on_mastodon":{"url":"https:\/\/pubeurope.com\/@lv\/115758630578931241","error":""},"_links":{"self":[{"href":"https:\/\/www.europesays.com\/lv\/wp-json\/wp\/v2\/posts\/82094","targetHints":{"allow":["GET"]}}],"collection":[{"href":"https:\/\/www.europesays.com\/lv\/wp-json\/wp\/v2\/posts"}],"about":[{"href":"https:\/\/www.europesays.com\/lv\/wp-json\/wp\/v2\/types\/post"}],"author":[{"embeddable":true,"href":"https:\/\/www.europesays.com\/lv\/wp-json\/wp\/v2\/users\/2"}],"replies":[{"embeddable":true,"href":"https:\/\/www.europesays.com\/lv\/wp-json\/wp\/v2\/comments?post=82094"}],"version-history":[{"count":0,"href":"https:\/\/www.europesays.com\/lv\/wp-json\/wp\/v2\/posts\/82094\/revisions"}],"wp:featuredmedia":[{"embeddable":true,"href":"https:\/\/www.europesays.com\/lv\/wp-json\/wp\/v2\/media\/82095"}],"wp:attachment":[{"href":"https:\/\/www.europesays.com\/lv\/wp-json\/wp\/v2\/media?parent=82094"}],"wp:term":[{"taxonomy":"category","embeddable":true,"href":"https:\/\/www.europesays.com\/lv\/wp-json\/wp\/v2\/categories?post=82094"},{"taxonomy":"post_tag","embeddable":true,"href":"https:\/\/www.europesays.com\/lv\/wp-json\/wp\/v2\/tags?post=82094"}],"curies":[{"name":"wp","href":"https:\/\/api.w.org\/{rel}","templated":true}]}}