{"id":82106,"date":"2025-12-21T17:07:27","date_gmt":"2025-12-21T17:07:27","guid":{"rendered":"https:\/\/www.europesays.com\/lv\/82106\/"},"modified":"2025-12-21T17:07:27","modified_gmt":"2025-12-21T17:07:27","slug":"parakstu-vaksana-pret-latgales-vestniecibas-gors-nodosanu-privatam-nomniekam-lente-lv","status":"publish","type":"post","link":"https:\/\/www.europesays.com\/lv\/82106\/","title":{"rendered":"Parakstu v\u0101k\u0161ana pret Latgales v\u0113stniec\u012bbas &#8220;Gors&#8221; nodo\u0161anu priv\u0101tam nomniekam\u00a0\u2014\u00a0Lente.lv"},"content":{"rendered":"<p>Platform\u0101 &#8220;ManaBalss.lv&#8221; ir uzs\u0101kta pla\u0161a parakstu v\u0101k\u0161anas kampa\u0146a, protest\u0113jot pret Latgales v\u0113stniec\u012bbas &#8220;Gors&#8221; iesp\u0113jamo nodo\u0161anu priv\u0101tam nomniekam. Iniciat\u012bvas m\u0113r\u0137is ir saglab\u0101t \u0161o noz\u012bm\u012bgo kult\u016bras un izgl\u012bt\u012bbas centru publisk\u0101 p\u0101rvald\u012bb\u0101, nodro\u0161inot t\u0101 pieejam\u012bbu un daudzveid\u012bgu kult\u016bras pied\u0101v\u0101jumu visiem re\u0123iona iedz\u012bvot\u0101jiem. \u0160is solis liecina par sabiedr\u012bbas akt\u012bvu iesaisti un v\u0113lmi aizst\u0101v\u0113t kult\u016bras v\u0113rt\u012bbas Latgal\u0113.<\/p>\n<p>Aicin\u0101jums saglab\u0101t publisko p\u0101rvald\u012bbu<\/p>\n<p>Kampa\u0146as &#8220;Rokas nost no GORS \u2013 neatdosim koncertz\u0101li priv\u0101tam nomniekam&#8221; iniciatori pau\u017e dzi\u013cas ba\u017eas par iesp\u0113jamo p\u0101rmai\u0146u sek\u0101m &#8220;Gora&#8221; darb\u012bb\u0101. Vi\u0146upr\u0101t, priv\u0101ts nomnieks, kur\u0161 galvenok\u0101rt orient\u0113jas uz pe\u013c\u0146u, var\u0113tu main\u012bt koncertz\u0101les saturu, dodot priek\u0161roku komerci\u0101li izdev\u012bg\u0101kiem pas\u0101kumiem, bet atst\u0101jot nov\u0101rt\u0101 m\u0101kslinieciski un sabiedriski noz\u012bm\u012bgus projektus. Past\u0101v risks, ka samazin\u0101sies kvalitat\u012bvu, izgl\u012btojo\u0161u un latgaliskajai identit\u0101tei noz\u012bm\u012bgu pas\u0101kumu \u012bpatsvars, k\u0101 ar\u012b tiks ierobe\u017eota kult\u016bras daudzveid\u012bba un pieejam\u012bba, piem\u0113ram, paaugstinot bi\u013ce\u0161u cenas. &#8220;ManaBalss.lv&#8221; iniciat\u012bva, kas izveidota 2025. gada 17. decembr\u012b, jau guvusi pla\u0161u atbalstu, pulc\u0113jot t\u016bksto\u0161iem parakstu un apliecinot iedz\u012bvot\u0101ju v\u0113lmi saglab\u0101t &#8220;Goru&#8221; k\u0101 publisku, visiem pieejamu kult\u016bras telpu. \u0160obr\u012bd iniciat\u012bva paredz\u0113ta iesnieg\u0161anai R\u0113zeknes valstspils\u0113tas pa\u0161vald\u012bb\u0101 un Latvijas Republikas Saeim\u0101.<\/p>\n<p>&#8220;Gors&#8221; k\u0101 strat\u0113\u0123iski noz\u012bm\u012bgs kult\u016bras centrs<\/p>\n<p>Latgales v\u0113stniec\u012bba &#8220;Gors&#8221; jau vair\u0101k nek\u0101 desmit gadus ir atz\u012bta par b\u016btisku augstv\u0113rt\u012bgas kult\u016bras nodro\u0161in\u0101t\u0101ju Latgales re\u0123ion\u0101. T\u0101 ir ne tikai moderna koncertz\u0101le ar izcilu akustiku, bet ar\u012b strat\u0113\u0123iski svar\u012bgs kult\u016bras centrs, kas nodro\u0161ina profesion\u0101lu, regul\u0101ru un daudzveid\u012bgu kult\u016bras pied\u0101v\u0101jumu \u0101rpus galvaspils\u0113tas. &#8220;Gors&#8221; akt\u012bvi veicina re\u0123iona iedz\u012bvot\u0101ju l\u012bdzdal\u012bbu kult\u016bras dz\u012bv\u0113, piesaista nacion\u0101la un starptautiska l\u012bme\u0146a m\u0101ksliniekus, stiprina rado\u0161o vidi un pal\u012bdz veidot Latgali k\u0101 kult\u016bras zi\u0146\u0101 akt\u012bvu un konkur\u0113tsp\u0113j\u012bgu re\u0123ionu. Valsts \u0161aj\u0101 projekt\u0101 ir ieguld\u012bjusi iev\u0113rojamus l\u012bdzek\u013cus \u2013 vair\u0101k nek\u0101 8,3 miljonus eiro \u2013 nodro\u0161inot ar\u012b turpm\u0101ku finans\u0113jumu no Valsts kult\u016brkapit\u0101la fonda profesion\u0101l\u0101s m\u0101kslas pieejam\u012bbas veicin\u0101\u0161anai re\u0123ion\u0101. Sabiedr\u012bbas ba\u017eas ir pamatotas, jo publiska p\u0101rvald\u012bba nodro\u0161ina, ka kult\u016bra paliek pieejama un daudzveid\u012bga, kalpojot sabiedr\u012bbas kop\u0113jam labumam, nevis \u0161aur\u0101m komerci\u0101l\u0101m interes\u0113m.<\/p>\n<p>Diskut\u0113 par p\u0101rvald\u012bbas form\u0101m, vad\u012bt\u0101ja atturas<\/p>\n<p>Neskaidr\u012bba par &#8220;Gora&#8221; n\u0101kotni radusies p\u0113c veikta audita, kas atkl\u0101jis nepiln\u012bbas koncertz\u0101les darb\u012bb\u0101. R\u0113zeknes valstspils\u0113tas dome pa\u0161laik izv\u0113rt\u0113 da\u017e\u0101dus reorganiz\u0101cijas scen\u0101rijus, tostarp iesp\u0113ju nodot koncertz\u0101les p\u0101rvald\u012bbu priv\u0101tajam sektoram. \u0160\u012bs diskusijas izrais\u012bju\u0161as ba\u017eas kult\u016bras darbinieku un sabiedr\u012bbas vid\u016b, kuri nor\u0101da uz priv\u0101t\u0101s p\u0101rvald\u012bbas potenci\u0101lajiem riskiem kult\u016bras kvalit\u0101tei. Latvijas M\u016bzikas padome, uzsverot &#8220;Gora&#8221; strat\u0113\u0123isko noz\u012bmi, ir aicin\u0101jusi pa\u0161vald\u012bbu uz dialogu un iesaist\u012bt padomes p\u0101rst\u0101vjus diskusij\u0101s par p\u0101rvald\u012bbas formas mai\u0146u. Savuk\u0101rt &#8220;Gora&#8221; vad\u012bt\u0101ja Di\u0101na Zirni\u0146a pagaid\u0101m atturas no koment\u0101riem, nor\u0101dot, ka savu viedokli paud\u012bs p\u0113c darba grupas nosl\u0113guma. Vi\u0146a uzsver, ka publisk\u0101 interese par notieko\u0161o apliecina &#8220;Gora&#8221; noz\u012bm\u012bgumu un nepiecie\u0161am\u012bbu r\u016bp\u012bgi izv\u0113rt\u0113t visus variantus, lai nodro\u0161in\u0101tu iest\u0101des ilgtsp\u0113ju un efektivit\u0101ti.<\/p>\n<p>Sabiedr\u012bbas balsis un turpm\u0101k\u0101s perspekt\u012bvas<\/p>\n<p>Iniciat\u012bva &#8220;ManaBalss.lv&#8221; ir spilgts piem\u0113rs tam, k\u0101 pilsonisk\u0101 sabiedr\u012bba var ietekm\u0113t svar\u012bgu l\u0113mumu pie\u0146em\u0161anu. T\u016bksto\u0161iem parakstu zem &#8220;Rokas nost no GORS&#8221; iniciat\u012bvas ir skaidrs sign\u0101ls politikas veidot\u0101jiem par sabiedr\u012bbas nost\u0101ju \u2013 kult\u016bras mantojumam un pieejamai m\u0101kslai ir j\u0101paliek publisk\u0101 p\u0101rvald\u012bb\u0101. Lai gan audita rezult\u0101ti iez\u012bm\u0113ju\u0161i probl\u0113mas, ir svar\u012bgi mekl\u0113t risin\u0101jumus, kas neapdraud &#8220;Gora&#8221; k\u0101 re\u0123ion\u0101l\u0101 kult\u016bras centra misiju. N\u0101kotnes perspekt\u012bvas ir atkar\u012bgas no pa\u0161vald\u012bbas, kult\u016bras nozares un sabiedr\u012bbas kop\u0113j\u0101s sp\u0113jas rast kompromisu, kas nodro\u0161in\u0101tu gan finansi\u0101lo ilgtsp\u0113ju, gan kult\u016bras daudzveid\u012bbu un pieejam\u012bbu visiem Latgales iedz\u012bvot\u0101jiem.<\/p>\n","protected":false},"excerpt":{"rendered":"Platform\u0101 &#8220;ManaBalss.lv&#8221; ir uzs\u0101kta pla\u0161a parakstu v\u0101k\u0161anas kampa\u0146a, protest\u0113jot pret Latgales v\u0113stniec\u012bbas &#8220;Gors&#8221; iesp\u0113jamo nodo\u0161anu priv\u0101tam nomniekam. Iniciat\u012bvas&hellip;\n","protected":false},"author":2,"featured_media":82107,"comment_status":"","ping_status":"","sticky":false,"template":"","format":"standard","meta":{"footnotes":""},"categories":[12],"tags":[23,28,29,32,33,3406,22,30,31,20723,35,39,38,36,37,34,40,1517,20,26,27,20618,167,24,25,21],"class_list":{"0":"post-82106","1":"post","2":"type-post","3":"status-publish","4":"format-standard","5":"has-post-thumbnail","7":"category-latvija","8":"tag-aktualitates","9":"tag-breaking-news","10":"tag-breakingnews","11":"tag-featured-news","12":"tag-featurednews","13":"tag-gors","14":"tag-headlines","15":"tag-latest-news","16":"tag-latestnews","17":"tag-latgales-vestnieciba-gors","18":"tag-latvia","19":"tag-latvian","20":"tag-latviesu","21":"tag-latviesu-valoda","22":"tag-latviesuvaloda","23":"tag-latvija","24":"tag-lv","25":"tag-manabalss-lv","26":"tag-news","27":"tag-popularakas-zinas","28":"tag-popularakaszinas","29":"tag-publiska-parvaldiba","30":"tag-rezekne","31":"tag-top-stories","32":"tag-topstories","33":"tag-zinas"},"share_on_mastodon":{"url":"https:\/\/pubeurope.com\/@lv\/115758658163273906","error":""},"_links":{"self":[{"href":"https:\/\/www.europesays.com\/lv\/wp-json\/wp\/v2\/posts\/82106","targetHints":{"allow":["GET"]}}],"collection":[{"href":"https:\/\/www.europesays.com\/lv\/wp-json\/wp\/v2\/posts"}],"about":[{"href":"https:\/\/www.europesays.com\/lv\/wp-json\/wp\/v2\/types\/post"}],"author":[{"embeddable":true,"href":"https:\/\/www.europesays.com\/lv\/wp-json\/wp\/v2\/users\/2"}],"replies":[{"embeddable":true,"href":"https:\/\/www.europesays.com\/lv\/wp-json\/wp\/v2\/comments?post=82106"}],"version-history":[{"count":0,"href":"https:\/\/www.europesays.com\/lv\/wp-json\/wp\/v2\/posts\/82106\/revisions"}],"wp:featuredmedia":[{"embeddable":true,"href":"https:\/\/www.europesays.com\/lv\/wp-json\/wp\/v2\/media\/82107"}],"wp:attachment":[{"href":"https:\/\/www.europesays.com\/lv\/wp-json\/wp\/v2\/media?parent=82106"}],"wp:term":[{"taxonomy":"category","embeddable":true,"href":"https:\/\/www.europesays.com\/lv\/wp-json\/wp\/v2\/categories?post=82106"},{"taxonomy":"post_tag","embeddable":true,"href":"https:\/\/www.europesays.com\/lv\/wp-json\/wp\/v2\/tags?post=82106"}],"curies":[{"name":"wp","href":"https:\/\/api.w.org\/{rel}","templated":true}]}}