{"id":82117,"date":"2025-12-21T17:18:19","date_gmt":"2025-12-21T17:18:19","guid":{"rendered":"https:\/\/www.europesays.com\/lv\/82117\/"},"modified":"2025-12-21T17:18:19","modified_gmt":"2025-12-21T17:18:19","slug":"igaunijas-drosibas-policija-sniedz-komentaru-par-spradzienu-tallinas-tirdzniecibas-centra","status":"publish","type":"post","link":"https:\/\/www.europesays.com\/lv\/82117\/","title":{"rendered":"Igaunijas Dro\u0161\u012bbas policija sniedz koment\u0101ru par spr\u0101dzienu Tallinas tirdzniec\u012bbas centr\u0101"},"content":{"rendered":"<p>Sestdien Igaunijas liel\u0101kaj\u0101 tirdzniec\u012bbas centr\u0101 &#8220;\u00dclemiste&#8221; Tallin\u0101 eksplod\u0113ja atkritumu tvertne, ievainojot net\u0101lu eso\u0161o centra darbinieku. Cietu\u0161ajam bija nepiecie\u0161ama hospitaliz\u0113\u0161ana, bet vi\u0146a st\u0101voklis nav dz\u012bv\u012bbai b\u012bstams.<\/p>\n<p>&#8220;\u0160obr\u012bd nekas neliecina, ka \u0161is ir ar terorismu vai ekstr\u0113mismu saist\u012bts gad\u012bjums. Draudu l\u012bmenis nav paaugstin\u0101ts, un pa\u0161reiz\u0113jie pier\u0101d\u012bjumi nor\u0101da uz izol\u0113tu incidentu,&#8221; pazi\u0146oja Igaunijas Dro\u0161\u012bbas policijas \u0123ener\u0101ldirektors Margo Pallosons.<\/p>\n<p>Nakt\u012b lielveikals tika p\u0101rmekl\u0113ts, nek\u0101di citi draudi netika atkl\u0101ti, un \u0161odien veikals ats\u0101cis darbu.<\/p>\n<p>Igaunijas Policijas un robe\u017esardzes departamenta \u0123ener\u0101ldirektors Egerts Be\u013ci\u010devs atzina, ka <a href=\"https:\/\/www.apollo.lv\/term\/567141\/spradziens\" class=\"topicLink\" target=\"_blank\" rel=\"nofollow noopener\">spr\u0101dziens<\/a> ned\u0113\u013cas nogal\u0113 pirms Ziemassv\u0113tkiem &#8220;saprotami daudziem rada bailes un apjukumu&#8221;.<\/p>\n<p>&#8220;Lai uztur\u0113tu dro\u0161\u012bbas saj\u016btu Igaunijas sabiedr\u012bb\u0101, esam nol\u0113mu\u0161i sv\u0113tku laik\u0101 palielin\u0101t savu kl\u0101tb\u016btni (..) p\u0101rpild\u012bt\u0101s viet\u0101s,&#8221; pazi\u0146oja Be\u013ci\u010devs.<\/p>\n<p>Policija ir sazin\u0101jusies ar tirdzniec\u012bbas centriem un to apsardzes dienestiem vis\u0101 Igaunij\u0101 un sniegusi tiem r\u012bc\u012bbas vadl\u012bnijas.<\/p>\n<p>Igaunijas Policijas un robe\u017esardzes departaments aicin\u0101ja visus, kuri pamana kaut ko aizdom\u012bgu, piem\u0113ram, bez pieskat\u012b\u0161anas pamestus priek\u0161metus vai personas, kas izturas aizdom\u012bgi, zi\u0146ot par to policijai.<\/p>\n","protected":false},"excerpt":{"rendered":"Sestdien Igaunijas liel\u0101kaj\u0101 tirdzniec\u012bbas centr\u0101 &#8220;\u00dclemiste&#8221; Tallin\u0101 eksplod\u0113ja atkritumu tvertne, ievainojot net\u0101lu eso\u0161o centra darbinieku. Cietu\u0161ajam bija nepiecie\u0161ama&hellip;\n","protected":false},"author":2,"featured_media":82118,"comment_status":"","ping_status":"","sticky":false,"template":"","format":"standard","meta":{"footnotes":""},"categories":[14],"tags":[23,57,28,29,32,33,22,30,31,35,39,38,36,37,34,40,20,26,27,5981,2794,20725,24,25,54,55,56,21,58],"class_list":{"0":"post-82117","1":"post","2":"type-post","3":"status-publish","4":"format-standard","5":"has-post-thumbnail","7":"category-zinas-no-arvalstim","8":"tag-aktualitates","9":"tag-arvalstim","10":"tag-breaking-news","11":"tag-breakingnews","12":"tag-featured-news","13":"tag-featurednews","14":"tag-headlines","15":"tag-latest-news","16":"tag-latestnews","17":"tag-latvia","18":"tag-latvian","19":"tag-latviesu","20":"tag-latviesu-valoda","21":"tag-latviesuvaloda","22":"tag-latvija","23":"tag-lv","24":"tag-news","25":"tag-popularakas-zinas","26":"tag-popularakaszinas","27":"tag-spradziens","28":"tag-tallina","29":"tag-tirdzniecibas-centrs","30":"tag-top-stories","31":"tag-topstories","32":"tag-world","33":"tag-world-news","34":"tag-worldnews","35":"tag-zinas","36":"tag-zinas-no-arvalstim"},"share_on_mastodon":{"url":"https:\/\/pubeurope.com\/@lv\/115758701146774600","error":""},"_links":{"self":[{"href":"https:\/\/www.europesays.com\/lv\/wp-json\/wp\/v2\/posts\/82117","targetHints":{"allow":["GET"]}}],"collection":[{"href":"https:\/\/www.europesays.com\/lv\/wp-json\/wp\/v2\/posts"}],"about":[{"href":"https:\/\/www.europesays.com\/lv\/wp-json\/wp\/v2\/types\/post"}],"author":[{"embeddable":true,"href":"https:\/\/www.europesays.com\/lv\/wp-json\/wp\/v2\/users\/2"}],"replies":[{"embeddable":true,"href":"https:\/\/www.europesays.com\/lv\/wp-json\/wp\/v2\/comments?post=82117"}],"version-history":[{"count":0,"href":"https:\/\/www.europesays.com\/lv\/wp-json\/wp\/v2\/posts\/82117\/revisions"}],"wp:featuredmedia":[{"embeddable":true,"href":"https:\/\/www.europesays.com\/lv\/wp-json\/wp\/v2\/media\/82118"}],"wp:attachment":[{"href":"https:\/\/www.europesays.com\/lv\/wp-json\/wp\/v2\/media?parent=82117"}],"wp:term":[{"taxonomy":"category","embeddable":true,"href":"https:\/\/www.europesays.com\/lv\/wp-json\/wp\/v2\/categories?post=82117"},{"taxonomy":"post_tag","embeddable":true,"href":"https:\/\/www.europesays.com\/lv\/wp-json\/wp\/v2\/tags?post=82117"}],"curies":[{"name":"wp","href":"https:\/\/api.w.org\/{rel}","templated":true}]}}