{"id":82125,"date":"2025-12-21T17:26:08","date_gmt":"2025-12-21T17:26:08","guid":{"rendered":"https:\/\/www.europesays.com\/lv\/82125\/"},"modified":"2025-12-21T17:26:08","modified_gmt":"2025-12-21T17:26:08","slug":"kads-laiks-bus-ziemassvetkos-nra-lv","status":"publish","type":"post","link":"https:\/\/www.europesays.com\/lv\/82125\/","title":{"rendered":"K\u0101ds laiks b\u016bs Ziemassv\u0113tkos &#8211; nra.lv"},"content":{"rendered":"<p class=\"descr\">Tuv\u0101kaj\u0101s dien\u0101s da\u017eviet valst\u012b gaid\u0101mi nokri\u0161\u0146i, da\u017edien ar\u012b slapj\u0161 sniegs, sniegs. Tom\u0113r bieza sniega k\u0101rta neveidosies, k\u0101 ar\u012b n\u0101kam\u0101s ned\u0113\u013cas otr\u0101 puse b\u016bs saus\u0101ka, inform\u0113 Latvijas Vides, \u0123eolo\u0123ijas un meteorolo\u0123ijas centrs<\/p>\n<p>N\u0101kamned\u0113\u013c valst\u012b iepl\u016bd\u012bs aukst\u0101ka gaisa masa, t\u0101d\u0113j\u0101di atsevi\u0161\u0137\u0101s dien\u0101s gaisa temperat\u016bra man\u0101mi pazemin\u0101sies.<\/p>\n<p>Pirmdien nakt\u012b nokri\u0161\u0146i gaid\u0101mi austrumos, dien\u0101 ar\u012b citviet Latvij\u0101, valsts austrumos ar\u012b sniegs, slapj\u0161 sniegs, t\u0101d\u0113\u013c atsevi\u0161\u0137os posmos ce\u013ci b\u016bs slideni! Liel\u0101kaj\u0101 da\u013c\u0101 teritorijas p\u016bt\u012bs l\u0113ns v\u0113j\u0161, vien nakt\u012b piekrast\u0113 zieme\u013cu, zieme\u013crietumu v\u0113j\u0161 p\u016bt\u012bs m\u0113reni. Gaiss nakts stund\u0101s atdzis\u012bs l\u012bdz -1&#8230;+3\u00b0, iz\u0146emot piekrasti, kur joproj\u0101m b\u016bs silt\u0101ks, un dien\u0101 maksim\u0101l\u0101 gaisa temperat\u016bra daudzviet nep\u0101rsniegs +1&#8230;+6\u00b0.<\/p>\n<p>Otrdien Latvijas teritorij\u0101 iepl\u016bd\u012bs aukst\u0101ka gaisa masa &#8211; cauru diennakti teju vis\u0101 valst\u012b gaisa temperat\u016bra b\u016bs negat\u012bva, p\u0101rsvar\u0101 -2&#8230;-7\u00b0 robe\u017e\u0101s, nakt\u012b uz otrdienu termometra stabi\u0146\u0161 da\u017eviet valsts austrumos pietuvosies -10\u00b0 atz\u012bmei. Debesis no zieme\u013caustrumiem pak\u0101peniski skaidrosies, t\u0101d\u0113\u013c nokri\u0161\u0146i gaid\u0101mi vien nakt\u012b un no r\u012bta &#8211; galvenok\u0101rt slapj\u0161 sniegs, sniegs. Ce\u013ci atsevi\u0161\u0137os posmos k\u013c\u016bs slideni un var veidoties apledojums!<\/p>\n<p>Sv\u0113tku dien\u0101s laiks b\u016bs sauss, nelieli nokri\u0161\u0146i gaid\u0101mi vien ned\u0113\u013cas izska\u0146\u0101. V\u0113l nakts uz tre\u0161dienu nes\u012bs zem\u0101kas gaisa temperat\u016bras, ta\u010du p\u0101r\u0113j\u0101s dien\u0101s, sevi\u0161\u0137i diennakts gai\u0161aj\u0101 laik\u0101, daudzviet termometra stabi\u0146\u0161 atkal pak\u0101psies virs 0\u00b0 atz\u012bmes. Laiks p\u0101rsvar\u0101 b\u016bs m\u0101ko\u0146ains, vien br\u012b\u017eiem debesis skaidrosies.<\/p>\n<p>\t\t\t\t\t\tinfo<\/p>\n<p>Uzzini pirmais<br \/>kas interesants noticis Latvij\u0101 un pasaul\u0113,<br \/>pievienojoties mums <a href=\"https:\/\/t.me\/neatkariga\" rel=\"nofollow\">Telegram<\/a> vai <a href=\"https:\/\/whatsapp.com\/channel\/0029VaMLFUH5K3zLU5s4wm3y\" rel=\"nofollow noopener\" target=\"_blank\">Whatsapp<\/a> kan\u0101l\u0101<\/p>\n","protected":false},"excerpt":{"rendered":"Tuv\u0101kaj\u0101s dien\u0101s da\u017eviet valst\u012b gaid\u0101mi nokri\u0161\u0146i, da\u017edien ar\u012b slapj\u0161 sniegs, sniegs. Tom\u0113r bieza sniega k\u0101rta neveidosies, k\u0101 ar\u012b&hellip;\n","protected":false},"author":2,"featured_media":82126,"comment_status":"","ping_status":"","sticky":false,"template":"","format":"standard","meta":{"footnotes":""},"categories":[5],"tags":[23,28,29,32,33,22,30,31,35,39,38,36,37,34,40,20,26,27,24,25,21],"class_list":{"0":"post-82125","1":"post","2":"type-post","3":"status-publish","4":"format-standard","5":"has-post-thumbnail","7":"category-aktualitates","8":"tag-aktualitates","9":"tag-breaking-news","10":"tag-breakingnews","11":"tag-featured-news","12":"tag-featurednews","13":"tag-headlines","14":"tag-latest-news","15":"tag-latestnews","16":"tag-latvia","17":"tag-latvian","18":"tag-latviesu","19":"tag-latviesu-valoda","20":"tag-latviesuvaloda","21":"tag-latvija","22":"tag-lv","23":"tag-news","24":"tag-popularakas-zinas","25":"tag-popularakaszinas","26":"tag-top-stories","27":"tag-topstories","28":"tag-zinas"},"share_on_mastodon":{"url":"https:\/\/pubeurope.com\/@lv\/115758732696556097","error":""},"_links":{"self":[{"href":"https:\/\/www.europesays.com\/lv\/wp-json\/wp\/v2\/posts\/82125","targetHints":{"allow":["GET"]}}],"collection":[{"href":"https:\/\/www.europesays.com\/lv\/wp-json\/wp\/v2\/posts"}],"about":[{"href":"https:\/\/www.europesays.com\/lv\/wp-json\/wp\/v2\/types\/post"}],"author":[{"embeddable":true,"href":"https:\/\/www.europesays.com\/lv\/wp-json\/wp\/v2\/users\/2"}],"replies":[{"embeddable":true,"href":"https:\/\/www.europesays.com\/lv\/wp-json\/wp\/v2\/comments?post=82125"}],"version-history":[{"count":0,"href":"https:\/\/www.europesays.com\/lv\/wp-json\/wp\/v2\/posts\/82125\/revisions"}],"wp:featuredmedia":[{"embeddable":true,"href":"https:\/\/www.europesays.com\/lv\/wp-json\/wp\/v2\/media\/82126"}],"wp:attachment":[{"href":"https:\/\/www.europesays.com\/lv\/wp-json\/wp\/v2\/media?parent=82125"}],"wp:term":[{"taxonomy":"category","embeddable":true,"href":"https:\/\/www.europesays.com\/lv\/wp-json\/wp\/v2\/categories?post=82125"},{"taxonomy":"post_tag","embeddable":true,"href":"https:\/\/www.europesays.com\/lv\/wp-json\/wp\/v2\/tags?post=82125"}],"curies":[{"name":"wp","href":"https:\/\/api.w.org\/{rel}","templated":true}]}}