{"id":82135,"date":"2025-12-21T17:33:11","date_gmt":"2025-12-21T17:33:11","guid":{"rendered":"https:\/\/www.europesays.com\/lv\/82135\/"},"modified":"2025-12-21T17:33:11","modified_gmt":"2025-12-21T17:33:11","slug":"nu-trakums-argalim-majas-pagalma-tagad-zied-zemenes-un-primulas-uzplaukusas-ari-lampinas-santa","status":"publish","type":"post","link":"https:\/\/www.europesays.com\/lv\/82135\/","title":{"rendered":"Nu, trakums! \u0100rgalim m\u0101jas pagalm\u0101 tagad zied zemenes un pr\u012bmulas; uzplauku\u0161as ar\u012b lampi\u0146as \u2014 Santa"},"content":{"rendered":"<p>\u00abNu, nav man atmi\u0146\u0101, ka es sav\u0101 m\u016b\u017e\u0101 b\u016btu piedz\u012bvojis kaut ko t\u0101du, ka decembra divdesmitajos datumos man\u0101 d\u0101rz\u0101 zied\u0113tu <a data-id=\"726\" href=\"https:\/\/www.santa.lv\/tema\/726\/zemenes?utm_source=internal&amp;utm_medium=article&amp;utm_campaign=theme_link\" target=\"_blank\" rel=\"nofollow noopener\">zemenes<\/a> un plauktu pr\u012bmulas,\u00bb st\u0101sta k\u0101dreiz\u0113jais R\u012bgas m\u0113rs, d\u0101rzkopis Andris \u0100rgalis.<\/p>\n<p>Bet tie\u0161i tas \u0161ogad, kad ziema nesteidz ierasties Latvij\u0101, ir noticis, un Andris to\u00a0pier\u0101da ar fotogr\u0101fij\u0101m.<\/p>\n<p>        <a href=\"https:\/\/www.europesays.com\/lv\/wp-content\/uploads\/2025\/12\/e8216aae8fec.jpg\"><img decoding=\"async\" alt=\"D\u0101rz\u0101 zied pr\u012bmulas.\" class=\"no-convert\" src=\"https:\/\/www.europesays.com\/lv\/wp-content\/uploads\/2025\/12\/e8216aae8fec.jpg\"\/><\/a><\/p>\n<p> Foto: No priv\u0101t\u0101 arh\u012bva<\/p>\n<p>D\u0101rz\u0101 zied pr\u012bmulas.<\/p>\n<p>\u00a0<\/p>\n<p>Vi\u0146\u0161 necer, ka zemenes dos ar\u012b ra\u017eu, jo ziedu viducis esot melns, kas liecinot, ka ogas neatt\u012bst\u012bsies.<\/p>\n<blockquote><p>&#13;<\/p>\n<p>Tom\u0113r par pa\u0161iem ziedi\u0146iem \u0100rgalis nep\u0101rst\u0101j priec\u0101ties.<\/p>\n<p>&#13;\n<\/p><\/blockquote>\n<p>Eksm\u0113rs bilst, ka p\u0113d\u0113jos gados s\u0101cis piev\u0113rst liel\u0101ku uzman\u012bbu sent\u0113vu iedibin\u0101t\u0101m metod\u0113m, k\u0101 prognoz\u0113jami laikapst\u0101k\u013ci \u00abVismaz \u0161obr\u012bd man ir p\u0101rliec\u012bba, ka ziema tom\u0113r b\u016bs. T\u0101 varb\u016bt ar\u012b neb\u016bs gara, bet barga jau nu gan noteikti, un iesp\u0113jams pat ilgsto\u0161s kailsals. Par to man liek teikt nov\u0113rojums, ka \u0161ogad kokiem lapas p\u0113c nokri\u0161anas palika turpat pie kokiem, apsedzot sakne un v\u0113j\u0161 t\u0101s neizn\u0113s\u0101ja pa visu apk\u0101rtni. T\u0101 daba gatavojas ziemai,\u00bb sprie\u017e \u0100rgalis.<\/p>\n<p>\u0100rga\u013ca d\u0101rz\u0101\u00a0notiek br\u012bnumi<\/p>\n<p>        <img decoding=\"async\" class=\"no-convert\" alt=\"\" data-init=\"lazy-image\" src=\"https:\/\/www.europesays.com\/lv\/wp-content\/uploads\/2025\/12\/375829746f2e.jpg\"\/><a target=\"_self\" href=\"https:\/\/www.santa.lv\/raksts\/personibas\/andris-argalis-pirms-80.-jubilejas-gandriz-ticis-pie-miljons-eiro-luk-ta-butu-davana-67476\/\" aria-label=\"Andris \u0100rgalis pirms 80. jubilejas gandr\u012bz &lt;strong&gt;ticis pie miljons eiro&lt;\/strong&gt;: L\u016bk, t\u0101 b\u016btu d\u0101vana!\" rel=\"nofollow noopener\">    <\/p>\n","protected":false},"excerpt":{"rendered":"\u00abNu, nav man atmi\u0146\u0101, ka es sav\u0101 m\u016b\u017e\u0101 b\u016btu piedz\u012bvojis kaut ko t\u0101du, ka decembra divdesmitajos datumos man\u0101&hellip;\n","protected":false},"author":2,"featured_media":82136,"comment_status":"","ping_status":"","sticky":false,"template":"","format":"standard","meta":{"footnotes":""},"categories":[19],"tags":[89,90,35,39,38,36,37,34,40],"class_list":{"0":"post-82135","1":"post","2":"type-post","3":"status-publish","4":"format-standard","5":"has-post-thumbnail","7":"category-izklaide","8":"tag-entertainment","9":"tag-izklaide","10":"tag-latvia","11":"tag-latvian","12":"tag-latviesu","13":"tag-latviesu-valoda","14":"tag-latviesuvaloda","15":"tag-latvija","16":"tag-lv"},"share_on_mastodon":{"url":"https:\/\/pubeurope.com\/@lv\/115758760414552659","error":""},"_links":{"self":[{"href":"https:\/\/www.europesays.com\/lv\/wp-json\/wp\/v2\/posts\/82135","targetHints":{"allow":["GET"]}}],"collection":[{"href":"https:\/\/www.europesays.com\/lv\/wp-json\/wp\/v2\/posts"}],"about":[{"href":"https:\/\/www.europesays.com\/lv\/wp-json\/wp\/v2\/types\/post"}],"author":[{"embeddable":true,"href":"https:\/\/www.europesays.com\/lv\/wp-json\/wp\/v2\/users\/2"}],"replies":[{"embeddable":true,"href":"https:\/\/www.europesays.com\/lv\/wp-json\/wp\/v2\/comments?post=82135"}],"version-history":[{"count":0,"href":"https:\/\/www.europesays.com\/lv\/wp-json\/wp\/v2\/posts\/82135\/revisions"}],"wp:featuredmedia":[{"embeddable":true,"href":"https:\/\/www.europesays.com\/lv\/wp-json\/wp\/v2\/media\/82136"}],"wp:attachment":[{"href":"https:\/\/www.europesays.com\/lv\/wp-json\/wp\/v2\/media?parent=82135"}],"wp:term":[{"taxonomy":"category","embeddable":true,"href":"https:\/\/www.europesays.com\/lv\/wp-json\/wp\/v2\/categories?post=82135"},{"taxonomy":"post_tag","embeddable":true,"href":"https:\/\/www.europesays.com\/lv\/wp-json\/wp\/v2\/tags?post=82135"}],"curies":[{"name":"wp","href":"https:\/\/api.w.org\/{rel}","templated":true}]}}