{"id":82143,"date":"2025-12-21T17:39:25","date_gmt":"2025-12-21T17:39:25","guid":{"rendered":"https:\/\/www.europesays.com\/lv\/82143\/"},"modified":"2025-12-21T17:39:25","modified_gmt":"2025-12-21T17:39:25","slug":"pec-divam-desmitgadem-framest-atgriezas-ar-jaunu-skanejumu-un-albumu-framest-2-0-lente-lv-2","status":"publish","type":"post","link":"https:\/\/www.europesays.com\/lv\/82143\/","title":{"rendered":"P\u0113c div\u0101m desmitgad\u0113m \u00abFramest\u00bb atgrie\u017eas ar jaunu skan\u0113jumu un albumu \u00abFramest 2.0\u00bb\u00a0\u2014\u00a0Lente.lv"},"content":{"rendered":"<p>Par grupu &#8220;Framest&#8221; un jauno albumu &#8220;Framest 2.0&#8221;<\/p>\n<p>Latvie\u0161u vok\u0101l\u0101 grupa &#8220;Framest&#8221; p\u0113c 20 gadu ilgas rado\u0161\u0101s darb\u012bbas atgrie\u017eas ar jaunu skan\u0113jumu un izdevusi savu ceturto studijas albumu &#8220;Framest 2.0&#8221;. K\u0101 inform\u0113 Latvijas Sabiedriskie Mediji, \u0161is albums ir noz\u012bm\u012bgs pav\u0113rsiens grupas muzik\u0101laj\u0101 ce\u013c\u0101, un to sagaida ar lielu nepaciet\u012bbu gan grupas dal\u012bbnieki, gan ar\u012b vi\u0146u uztic\u012bgie klaus\u012bt\u0101ji. Grupas m\u0101kslinieciskais vad\u012bt\u0101js un viens no dal\u012bbniekiem, J\u0101nis \u0136irsis, uzsver prieku par to, ka, neskatoties uz steidz\u012bgo ikdienu un daudzajiem citiem projektiem, ir radusies iesp\u0113ja kop\u0101 rad\u012bt jaunu m\u016bziku.<\/p>\n<p>Jaunais albums un neierasts skan\u0113jums<\/p>\n<p>Albums &#8220;Framest 2.0&#8221; pied\u0101v\u0101 klaus\u012bt\u0101jiem &#8220;Framest&#8221; ierasto a cappella skan\u0113jumu, ta\u010du ar neierastu un aizraujo\u0161u pieeju. Grupas dal\u012bbnieki atkl\u0101j, ka akt\u012bvi mekl\u0113ju\u0161i un eksperiment\u0113ju\u0161i ar jaun\u0101m ska\u0146u idej\u0101m, lai rad\u012btu kaut ko at\u0161\u0137ir\u012bgu no l\u012bdz\u0161in\u0113j\u0101 dai\u013crades. &#8220;Skan\u012bgi un emocion\u0101li uzl\u0101d\u0113ts \u2013 t\u0101ds bija darbs pie \u0161\u012b ieraksta,&#8221; atminas J\u0101nis \u0136irsis. Vi\u0146\u0161 piebilst, ka katras dziesmas v\u0113st\u012bjums ir k\u0101 \u012bpa\u0161s st\u0101sts katram no grupas dal\u012bbniekiem. \u0160is albums tiek d\u0113v\u0113ts par jaunu s\u0101kumu grupai, kur\u0101 apvienojas atgrie\u0161an\u0101s pie sakn\u0113m ar svaigiem un inovat\u012bviem risin\u0101jumiem. Lai gan &#8220;Framest 2.0&#8221; satur asto\u0146us ska\u0146darbus, kuru kop\u0113jais ilgums nep\u0101rsniedz pusstundu, tas ir apliecin\u0101jums grupas sp\u0113jai sevi p\u0101rsteigt un apliecin\u0101t pat \u0161aj\u0101 ierobe\u017eotaj\u0101 form\u0101t\u0101. Album\u0101 dzirdamas ar\u012b sadarb\u012bbas ar citiem m\u0101ksliniekiem, piem\u0113ram, ar Gustavo dziesm\u0101 &#8220;Tuk\u0161\u0101 d\u016b\u0161\u0101&#8221;, kas demonstr\u0113 grupas gatav\u012bbu da\u017e\u0101diem muzik\u0101liem eksperimentiem.<\/p>\n<p>Grupa &#8220;Framest&#8221; \u2013 v\u0113sture un sasniegumi<\/p>\n<p>Vok\u0101l\u0101 grupa &#8220;Framest&#8221; dibin\u0101ta 2005. gad\u0101, un \u0161ogad svin savu 20. jubileju. Grupas sast\u0101v\u0101 \u0161obr\u012bd ir sopr\u0101ns Be\u0101te Zviedre, alts R\u016bta D\u016bduma-\u0136irse, tenors Mikus Abaroni\u0146\u0161, baritons J\u0101nis \u0136irsis un bass Roberts Memm\u0113ns. Iepriek\u0161 grupas sast\u0101v\u0101 bija ar\u012b Annija Putni\u0146a un El\u012bna Ose. &#8220;Framest&#8221; pla\u0161\u0101ku atpaz\u012bstam\u012bbu guva p\u0113c dal\u012bbas starptautiskaj\u0101 popm\u016bzikas dziesmu konkurs\u0101 &#8220;Jaunais vilnis&#8221; un Eirov\u012bzijas dziesmu konkursa nacion\u0101laj\u0101 atlas\u0113. Vi\u0146u diskogr\u0101fij\u0101 l\u012bdz \u0161im izdoti tr\u012bs studijas albumi: &#8220;Sv\u0113tki Ledus Pil\u012b&#8221; (2012), &#8220;All That Jazz&#8221; (2014) un &#8220;Amber Jazz&#8221; (2015). Grupa ir paz\u012bstama ar\u012b ar savu dal\u012bbu da\u017e\u0101dos pas\u0101kumos un koncertos, tostarp sadarb\u012bb\u0101 ar t\u0101diem latvie\u0161u m\u016bzikas grandiem k\u0101 Maestro Raimonds Pauls un Aija Andrejeva.<\/p>\n<p>Ziemassv\u0113tku koncerti un gai\u0161as cer\u012bbas<\/p>\n<p>2025. gada nogal\u0113 &#8220;Framest&#8221; iepriecina savus klaus\u012bt\u0101jus ar \u012bpa\u0161u Ziemassv\u0113tku koncertprogrammu &#8220;Framest Ziemassv\u0113tkos&#8221;. \u0160\u012b koncertu s\u0113rija ir k\u0101 punkts grupas 20. jubilejas gad\u0101, d\u0101v\u0101jot klaus\u012bt\u0101jiem gai\u0161as un sirsn\u012bgas noska\u0146as. Koncertos skan\u0113s gan iem\u012b\u013cotas Ziemassv\u0113tku melodijas, gan jaunas, \u012bpa\u0161i \u0161iem pas\u0101kumiem rad\u012btas kompoz\u012bcijas, k\u0101 ar\u012b latvie\u0161u autoru ori\u0123in\u0101ldarbi un aran\u017eijas. Repertu\u0101r\u0101 iek\u013cautas gan Maestro Raimonda Paula dziesmas, piem\u0113ram, &#8220;Circen\u012b\u0161a Ziemassv\u0113tki&#8221;, gan ar\u012b jaundarbs &#8220;Piedzim\u0161ana&#8221; ar J\u0101\u0146a \u0136ir\u0161a m\u016bziku. Koncerti norisin\u0101sies da\u017e\u0101d\u0101s Latvijas pils\u0113t\u0101s, tostarp Jelgav\u0101, Liep\u0101j\u0101, R\u012bg\u0101, un nosl\u0113gsies ar uzst\u0101\u0161anos Dzintaru koncertz\u0101l\u0113. &#8220;Framest&#8221; sol\u0101s rad\u012bt burv\u012bgu sv\u0113tku vakaru a cappella burv\u012bb\u0101, kur\u0101 apvienosies nostal\u0123isks siltums, m\u016bsdien\u012bgs skan\u0113jums un nevainojama vok\u0101l\u0101 meistar\u012bba.<\/p>\n","protected":false},"excerpt":{"rendered":"Par grupu &#8220;Framest&#8221; un jauno albumu &#8220;Framest 2.0&#8221; Latvie\u0161u vok\u0101l\u0101 grupa &#8220;Framest&#8221; p\u0113c 20 gadu ilgas rado\u0161\u0101s darb\u012bbas&hellip;\n","protected":false},"author":2,"featured_media":82144,"comment_status":"","ping_status":"","sticky":false,"template":"","format":"standard","meta":{"footnotes":""},"categories":[19],"tags":[20247,89,6162,20245,90,20246,35,39,38,194,36,37,34,40],"class_list":{"0":"post-82143","1":"post","2":"type-post","3":"status-publish","4":"format-standard","5":"has-post-thumbnail","7":"category-izklaide","8":"tag-a-cappella","9":"tag-entertainment","10":"tag-framest","11":"tag-framest-2-0","12":"tag-izklaide","13":"tag-janis-kirsis","14":"tag-latvia","15":"tag-latvian","16":"tag-latviesu","17":"tag-latviesu-muzika","18":"tag-latviesu-valoda","19":"tag-latviesuvaloda","20":"tag-latvija","21":"tag-lv"},"share_on_mastodon":{"url":"https:\/\/pubeurope.com\/@lv\/115758783834590823","error":""},"_links":{"self":[{"href":"https:\/\/www.europesays.com\/lv\/wp-json\/wp\/v2\/posts\/82143","targetHints":{"allow":["GET"]}}],"collection":[{"href":"https:\/\/www.europesays.com\/lv\/wp-json\/wp\/v2\/posts"}],"about":[{"href":"https:\/\/www.europesays.com\/lv\/wp-json\/wp\/v2\/types\/post"}],"author":[{"embeddable":true,"href":"https:\/\/www.europesays.com\/lv\/wp-json\/wp\/v2\/users\/2"}],"replies":[{"embeddable":true,"href":"https:\/\/www.europesays.com\/lv\/wp-json\/wp\/v2\/comments?post=82143"}],"version-history":[{"count":0,"href":"https:\/\/www.europesays.com\/lv\/wp-json\/wp\/v2\/posts\/82143\/revisions"}],"wp:featuredmedia":[{"embeddable":true,"href":"https:\/\/www.europesays.com\/lv\/wp-json\/wp\/v2\/media\/82144"}],"wp:attachment":[{"href":"https:\/\/www.europesays.com\/lv\/wp-json\/wp\/v2\/media?parent=82143"}],"wp:term":[{"taxonomy":"category","embeddable":true,"href":"https:\/\/www.europesays.com\/lv\/wp-json\/wp\/v2\/categories?post=82143"},{"taxonomy":"post_tag","embeddable":true,"href":"https:\/\/www.europesays.com\/lv\/wp-json\/wp\/v2\/tags?post=82143"}],"curies":[{"name":"wp","href":"https:\/\/api.w.org\/{rel}","templated":true}]}}