{"id":82159,"date":"2025-12-21T18:02:15","date_gmt":"2025-12-21T18:02:15","guid":{"rendered":"https:\/\/www.europesays.com\/lv\/82159\/"},"modified":"2025-12-21T18:02:15","modified_gmt":"2025-12-21T18:02:15","slug":"muziba-devies-baletdejotajs-haralds-ritenbergs","status":"publish","type":"post","link":"https:\/\/www.europesays.com\/lv\/82159\/","title":{"rendered":"M\u016b\u017e\u012bb\u0101 devies baletdejot\u0101js Haralds Ritenbergs"},"content":{"rendered":"<p>Haralds Ritenbergs baleta trup\u0101 dejoja no 1951. l\u012bdz 1977. gadam un k\u013cuva par vienu no spilgt\u0101kajiem p\u0113ckara paaudzes romantisk\u0101 baleta ide\u0101liem.<\/p>\n<p>Vi\u0146a sniegumu raksturoja plastiska elegance, iek\u0161\u0113ja apgarot\u012bba un v\u012bri\u0161\u0137\u012bgs c\u0113lums. Savas karjeras laik\u0101 vi\u0146\u0161 nodejoja vair\u0101k nek\u0101 \u010detrdesmit noz\u012bm\u012bgas lomas, tostarp Zigfr\u012bdu &#8220;Gulbju ezer\u0101&#8221;, princi Albertu &#8220;\u017dizel\u0113&#8221;, titullomu balet\u0101 &#8220;\u0160akuntala&#8221;, Gireju &#8220;Bah\u010disarajas str\u016bklak\u0101&#8221;, P\u0113ru Gintu, F\u0113bu &#8220;Par\u012bzes Dievm\u0101tes katedr\u0101l\u0113&#8221;, Franci &#8220;Pie Zil\u0101s Donavas&#8221; un Romeo &#8220;Romeo un D\u017euljet\u0101&#8221;.<\/p>\n<p>Haralda Ritenberga talants spilgti izpaud\u0101s ar\u012b latvie\u0161u sp\u0113les kino. Vi\u0146a atveidot\u0101s galven\u0101s lomas film\u0101s &#8220;\u0160\u0137\u0113ps un roze&#8221;, &#8220;Nauris&#8221;, &#8220;Vella kalpi&#8221; un &#8220;Vella kalpi vella dzirnav\u0101s&#8221; iemantoja pla\u0161u skat\u012bt\u0101ju m\u012blest\u012bbu un k\u013cuva par noz\u012bm\u012bgu Latvijas kino zelta fonda da\u013cu.<\/p>\n<p>Ne maz\u0101k noz\u012bm\u012bgs ir vi\u0146a ieguld\u012bjums pedago\u0123ij\u0101. Haralds Ritenbergs bijis R\u012bgas Horeogr\u0101fijas vidusskolas <a href=\"https:\/\/www.apollo.lv\/term\/565595\/pedagogs\" class=\"topicLink\" target=\"_blank\" rel=\"nofollow noopener\">pedagogs<\/a>, direktors un m\u0101kslinieciskais vad\u012bt\u0101js (1978\u20132017). Vi\u0146a vad\u012bb\u0101 izaugu\u0161i daudzi Latvijas Nacion\u0101l\u0101 baleta solisti un trupas dejot\u0101ji.<\/p>\n<p>Haralda Ritenberga rado\u0161ais m\u016b\u017es ir neat\u0146emama Latvijas baleta un kino v\u0113stures sast\u0101vda\u013ca. Vi\u0146\u0161 paliks atmi\u0146\u0101 k\u0101 izcils m\u0101kslinieks un iedvesmojo\u0161s pedagogs.<\/p>\n<p>Atvad\u012b\u0161an\u0101s no Haralda Ritenberga notiks Latvijas Nacion\u0101l\u0101s operas Belet\u0101\u017eas z\u0101l\u0113 29. decembr\u012b no pulksten 12.00 l\u012bdz 13.00.<\/p>\n","protected":false},"excerpt":{"rendered":"Haralds Ritenbergs baleta trup\u0101 dejoja no 1951. l\u012bdz 1977. gadam un k\u013cuva par vienu no spilgt\u0101kajiem p\u0113ckara paaudzes&hellip;\n","protected":false},"author":2,"featured_media":82160,"comment_status":"","ping_status":"","sticky":false,"template":"","format":"standard","meta":{"footnotes":""},"categories":[5],"tags":[23,4427,28,29,32,33,20739,22,30,31,35,39,38,36,37,34,40,20,20740,26,27,24,25,21],"class_list":{"0":"post-82159","1":"post","2":"type-post","3":"status-publish","4":"format-standard","5":"has-post-thumbnail","7":"category-aktualitates","8":"tag-aktualitates","9":"tag-baletdejotajs","10":"tag-breaking-news","11":"tag-breakingnews","12":"tag-featured-news","13":"tag-featurednews","14":"tag-haralds-ritenbergs","15":"tag-headlines","16":"tag-latest-news","17":"tag-latestnews","18":"tag-latvia","19":"tag-latvian","20":"tag-latviesu","21":"tag-latviesu-valoda","22":"tag-latviesuvaloda","23":"tag-latvija","24":"tag-lv","25":"tag-news","26":"tag-pedagogs","27":"tag-popularakas-zinas","28":"tag-popularakaszinas","29":"tag-top-stories","30":"tag-topstories","31":"tag-zinas"},"share_on_mastodon":{"url":"https:\/\/pubeurope.com\/@lv\/115758874172577589","error":""},"_links":{"self":[{"href":"https:\/\/www.europesays.com\/lv\/wp-json\/wp\/v2\/posts\/82159","targetHints":{"allow":["GET"]}}],"collection":[{"href":"https:\/\/www.europesays.com\/lv\/wp-json\/wp\/v2\/posts"}],"about":[{"href":"https:\/\/www.europesays.com\/lv\/wp-json\/wp\/v2\/types\/post"}],"author":[{"embeddable":true,"href":"https:\/\/www.europesays.com\/lv\/wp-json\/wp\/v2\/users\/2"}],"replies":[{"embeddable":true,"href":"https:\/\/www.europesays.com\/lv\/wp-json\/wp\/v2\/comments?post=82159"}],"version-history":[{"count":0,"href":"https:\/\/www.europesays.com\/lv\/wp-json\/wp\/v2\/posts\/82159\/revisions"}],"wp:featuredmedia":[{"embeddable":true,"href":"https:\/\/www.europesays.com\/lv\/wp-json\/wp\/v2\/media\/82160"}],"wp:attachment":[{"href":"https:\/\/www.europesays.com\/lv\/wp-json\/wp\/v2\/media?parent=82159"}],"wp:term":[{"taxonomy":"category","embeddable":true,"href":"https:\/\/www.europesays.com\/lv\/wp-json\/wp\/v2\/categories?post=82159"},{"taxonomy":"post_tag","embeddable":true,"href":"https:\/\/www.europesays.com\/lv\/wp-json\/wp\/v2\/tags?post=82159"}],"curies":[{"name":"wp","href":"https:\/\/api.w.org\/{rel}","templated":true}]}}