{"id":82174,"date":"2025-12-21T18:32:11","date_gmt":"2025-12-21T18:32:11","guid":{"rendered":"https:\/\/www.europesays.com\/lv\/82174\/"},"modified":"2025-12-21T18:32:11","modified_gmt":"2025-12-21T18:32:11","slug":"putins-joprojam-velas-visu-ukrainu-secina-asv-izlukdienesti-jauns-lv","status":"publish","type":"post","link":"https:\/\/www.europesays.com\/lv\/82174\/","title":{"rendered":"Putins joproj\u0101m v\u0113las visu Ukrainu, secina ASV izl\u016bkdienesti &#8211; Jauns.lv"},"content":{"rendered":"<ol>\n<li><a href=\"https:\/\/news.google.com\/rss\/articles\/CBMinwFBVV95cUxPQmNGZzBXaFZXdjJMTExJYzVXWUdmN2lxRzZfdURjN05iaDA1M3pHQk5SQVhzakhKV1ZBSzlUWHR5NFVNbGZTTThVaDJsYl9FQ0ZmMUEwRUozUHpadkxFS0FLYURQODZ0cVoxUFJKSFRIT3BtTGl0OXQ4NmpBbUR3Ni02SHZHX01oQzRPTDlRR3R3SEtEbHhKOGcxdG1nQWc?oc=5\" target=\"_blank\" rel=\"nofollow noopener\">Putins joproj\u0101m v\u0113las visu Ukrainu, secina ASV izl\u016bkdienesti<\/a>&nbsp;&nbsp;Jauns.lv<\/li>\n<li><a href=\"https:\/\/news.google.com\/rss\/articles\/CBMiuAFBVV95cUxPM2g3SWp0Ml90ajB2QWREVUtRS3RfZ0ZZVGFMR3RwLTY1RHNxYlVwb2otNkw3UEVLeXpPSkFBX1NxT1pJV3FhR2g0bnRRT09SMnZKUlBJbldWWENVMWFLYUlSOGtJcVZGRXQ1SW15Z0JIY3QtRkVsTHAzRzk2dEJuQ3FfaWNVX0ROei1SamlZeHZzYTdRM1R3RXBqeWo5UXRwcWxxalJWRkkzQXQ4S2RZWDBkQlJlQy04?oc=5\" target=\"_blank\" rel=\"nofollow noopener\">ASV izl\u016bkdienests: Putins nav atteicies no idejas okup\u0113t visu Ukrainu un Baltijas valstis<\/a>&nbsp;&nbsp;TVNET<\/li>\n<li><a href=\"https:\/\/news.google.com\/rss\/articles\/CBMiogFBVV95cUxQNjYtR1pHeFMzUnlESHVValByTXhKV1pnNXlxZWktMmZZaDQ5enlFMDFfUks0aVBaei1xblNiY3FCaWx1WmVlU3NLbVJaNm96SVF5LVltS3hMakZLUGpJUldZR1MxRTJWZDZaM0lCZ241Um5pZmVMTWJ3VWs2MTc2M3dzSTdYQkVUcFBsakxTaHBTYUZKZ3NReFRIY0Fzai1Ub0E?oc=5\" target=\"_blank\" rel=\"nofollow noopener\">ASV izl\u016bkdienesti: Putina m\u0113r\u0137i ir nemain\u012bgi \u2013 tie krasi at\u0161\u0137iras no Trampa izsap\u0146ot\u0101<\/a>&nbsp;&nbsp;LA.LV<\/li>\n<li><a href=\"https:\/\/news.google.com\/rss\/articles\/CBMihwFBVV95cUxNU2hGdUs3S1VncGliOHk0T24yNGFXUHdiSWktWXF5c2FvUnFfNE1rcnplSURxVzRwb2d3Vm5nNko3cElSeElEMVRxVFh3ZGxyeFpCSWF3cnVKM2JaMzRYYWxzNFd0OEZRZDUycHlvdXktbkNFNVdCS3dsZ1ZYWVUyRDJzMmd6b00?oc=5\" target=\"_blank\" rel=\"nofollow noopener\">Budanovs: Putina pl\u0101nos ir Baltijas valstu okup\u0101cija<\/a>&nbsp;&nbsp;TVNET<\/li>\n<li><a href=\"https:\/\/news.google.com\/rss\/articles\/CBMi5wFBVV95cUxONzYxem9mNFljX2gyektpUVlIZ2plNU9iQ2tzSzhpLU5BRUpid0RwRUJvcFNuc3hLOF9KNm10WWFXdllzNkktYk9CWDFMZHBIdlhwa0xqcHdrMWxSVEFMRWx3VU9qbGtfNnpoZlVWNmh3LU1tbzUtOVliTjNfTGZ5OG9lQ1F3MWRaNm5fTWp5YWpWYmQ0TTJiRGlpNGVvLTVqYzZtNUk3RzhLaGZGdDJYUlFLVFZkYUI3RXFnbGowTHFyejZYYXhFdFFUVTU1Unc4TUpiSVpncFRzamRfRXZ6NGlTeHB4cjA?oc=5\" target=\"_blank\" rel=\"nofollow noopener\">Bonija Bl\u016b ir lepna par karjeru: Esmu pa\u0161p\u0101rliecin\u0101ta, neatkar\u012bga un esmu sev devusi skaistu dz\u012bvi<\/a>&nbsp;&nbsp;tv3.lv<\/li>\n<\/ol>\n","protected":false},"excerpt":{"rendered":"Putins joproj\u0101m v\u0113las visu Ukrainu, secina ASV izl\u016bkdienesti&nbsp;&nbsp;Jauns.lv ASV izl\u016bkdienests: Putins nav atteicies no idejas okup\u0113t visu Ukrainu&hellip;\n","protected":false},"author":2,"featured_media":82175,"comment_status":"","ping_status":"","sticky":false,"template":"","format":"standard","meta":{"footnotes":""},"categories":[5],"tags":[23,28,29,32,33,22,30,31,35,39,38,36,37,34,40,20,26,27,24,25,21],"class_list":{"0":"post-82174","1":"post","2":"type-post","3":"status-publish","4":"format-standard","5":"has-post-thumbnail","7":"category-aktualitates","8":"tag-aktualitates","9":"tag-breaking-news","10":"tag-breakingnews","11":"tag-featured-news","12":"tag-featurednews","13":"tag-headlines","14":"tag-latest-news","15":"tag-latestnews","16":"tag-latvia","17":"tag-latvian","18":"tag-latviesu","19":"tag-latviesu-valoda","20":"tag-latviesuvaloda","21":"tag-latvija","22":"tag-lv","23":"tag-news","24":"tag-popularakas-zinas","25":"tag-popularakaszinas","26":"tag-top-stories","27":"tag-topstories","28":"tag-zinas"},"share_on_mastodon":{"url":"https:\/\/pubeurope.com\/@lv\/115758992098555162","error":""},"_links":{"self":[{"href":"https:\/\/www.europesays.com\/lv\/wp-json\/wp\/v2\/posts\/82174","targetHints":{"allow":["GET"]}}],"collection":[{"href":"https:\/\/www.europesays.com\/lv\/wp-json\/wp\/v2\/posts"}],"about":[{"href":"https:\/\/www.europesays.com\/lv\/wp-json\/wp\/v2\/types\/post"}],"author":[{"embeddable":true,"href":"https:\/\/www.europesays.com\/lv\/wp-json\/wp\/v2\/users\/2"}],"replies":[{"embeddable":true,"href":"https:\/\/www.europesays.com\/lv\/wp-json\/wp\/v2\/comments?post=82174"}],"version-history":[{"count":0,"href":"https:\/\/www.europesays.com\/lv\/wp-json\/wp\/v2\/posts\/82174\/revisions"}],"wp:featuredmedia":[{"embeddable":true,"href":"https:\/\/www.europesays.com\/lv\/wp-json\/wp\/v2\/media\/82175"}],"wp:attachment":[{"href":"https:\/\/www.europesays.com\/lv\/wp-json\/wp\/v2\/media?parent=82174"}],"wp:term":[{"taxonomy":"category","embeddable":true,"href":"https:\/\/www.europesays.com\/lv\/wp-json\/wp\/v2\/categories?post=82174"},{"taxonomy":"post_tag","embeddable":true,"href":"https:\/\/www.europesays.com\/lv\/wp-json\/wp\/v2\/tags?post=82174"}],"curies":[{"name":"wp","href":"https:\/\/api.w.org\/{rel}","templated":true}]}}