{"id":82193,"date":"2025-12-21T19:01:10","date_gmt":"2025-12-21T19:01:10","guid":{"rendered":"https:\/\/www.europesays.com\/lv\/82193\/"},"modified":"2025-12-21T19:01:10","modified_gmt":"2025-12-21T19:01:10","slug":"noskaties-%e2%9f%a9-brandavs-atzinis-kukula-apsolijumu-vadosai-rd-amatpersonai-usakovs-saistibu-noliedz","status":"publish","type":"post","link":"https:\/\/www.europesays.com\/lv\/82193\/","title":{"rendered":"NOSKATIES \u27e9 Brandavs atzinis kuku\u013ca apsol\u012bjumu vado\u0161ai RD amatpersonai; U\u0161akovs saist\u012bbu noliedz"},"content":{"rendered":"<p>Prokurors Skalbe gan saredz pla\u0161\u0101ku abu aps\u016bdz\u0113to lomu: \u201cNu j\u0101, vi\u0146i, izmantojot savas pilnvaras, uzdeva sev pak\u013cautajiem darbiniekiem s\u0101kotn\u0113ji jau gatavot \u0161os groz\u012bjumus, saska\u0146ot savstarp\u0113ji, virz\u012bt t\u0101l\u0101k izskat\u012b\u0161anai komisij\u0101 un ar\u012b v\u0113l\u0101k domes s\u0113d\u0113.\u201d<\/p>\n<p>Brandavs jau ir piln\u012bb\u0101 samaks\u0101jis sodu, \u201cde facto\u201d apliecin\u0101ja Ekonomisko lietu ties\u0101. Tas noz\u012bm\u0113, ka n\u0101kam\u0101 gada nogal\u0113 vi\u0146a sod\u0101m\u012bba b\u016bs dz\u0113sta. \u0160obr\u012bd gan Brandavs ir iesaist\u012bts ar\u012b citos krimin\u0101lprocesos. Ties\u0101 ir lieta, kur vi\u0146\u0161 l\u012bdz ar v\u0113l vienu biju\u0161o \u201cR\u012bgas kartes\u201d valdes locekli aps\u016bdz\u0113ts par valsts amatpersonas bezdarb\u012bbu, apmaks\u0101jot, iesp\u0113jams, nepamatotus r\u0113\u0137inus par sabiedrisko attiec\u012bbu pakalpojumiem l\u012bdzaps\u016bdz\u0113t\u0101 Ginta Federa uz\u0146\u0113mumam.<\/p>\n<p>Nopietn\u0101kas ba\u017eas gan Brandavam var\u0113tu rad\u012bt lieta, kuru pirms da\u017e\u0101m ned\u0113\u013c\u0101m piemin\u0113ja RS valdes priek\u0161s\u0113d\u0113t\u0101ja D\u017eineta Innusa. Tas notika R\u012bgas domes s\u0113d\u0113, kur\u0101 pa\u0161vald\u012bbas uz\u0146\u0113mumam at\u013c\u0101va par vienu eiro atpirkt \u201cR\u012bgas kartes\u201d akcijas no priv\u0101t\u0101 l\u012bdz\u012bpa\u0161nieka. \u201cOtrs process, kas \u0161obr\u012bd notiek paral\u0113li, ir krimin\u0101lprocess, kuru izmekl\u0113 Eiropas prokurat\u016bra. Un \u201cR\u012bgas karte\u201d \u0161aj\u0101 proces\u0101 ir atz\u012bta par cietu\u0161o personu, piesakot viena miljona eiro zaud\u0113juma kompens\u0101ciju. Ar\u012b RS \u0161aj\u0101 proces\u0101 ir atz\u012bta par cietu\u0161o ar 33 miljonu zaud\u0113jumu kompens\u0101cijas pieteikumu. Un attiec\u012bgi \u0161is process, es nevaru prec\u012bzi, protams, prognoz\u0113t, tas ir prokurora kompetenc\u0113, bet visdr\u012bz\u0101k n\u0101ko\u0161aj\u0101 gad\u0101 ar\u012b non\u0101ks ties\u0101,\u201d domniekiem st\u0101st\u012bja Innusa.<\/p>\n<p>Krimin\u0101lproces\u0101, kura ietvaros 2023. gada vasar\u0101 notika krat\u012b\u0161anas pie \u201cR\u012bgas kartes\u201d pieg\u0101d\u0101t\u0101jiem, bija aizdomas par pa\u0161vald\u012bbas uz\u0146\u0113muma slepenu sadarb\u012bbu ar priv\u0101tiem uz\u0146\u0113mumiem, lai m\u0101ksl\u012bgi palielin\u0101tu pieg\u0101d\u0101to pre\u010du un pakalpojumu cenas. Brandavam \u0161ai proces\u0101 ir ties\u012bbas uz aizst\u0101v\u012bbu.<\/p>\n<p>N\u0101kam\u0101 gada s\u0101kum\u0101 prokurors Skalbe iecer\u0113jis s\u016bt\u012bt uz tiesu ar\u012b lietu par piespiedu ietekm\u0113\u0161anas l\u012bdzekli pret juridisko personu, kuras interes\u0113s Brandavs sol\u012bja kukuli \u2013 RMS. Uz\u0146\u0113mumam \u0161obr\u012bd gan ir maks\u0101tnesp\u0113jas process.<\/p>\n","protected":false},"excerpt":{"rendered":"Prokurors Skalbe gan saredz pla\u0161\u0101ku abu aps\u016bdz\u0113to lomu: \u201cNu j\u0101, vi\u0146i, izmantojot savas pilnvaras, uzdeva sev pak\u013cautajiem darbiniekiem&hellip;\n","protected":false},"author":2,"featured_media":82194,"comment_status":"","ping_status":"","sticky":false,"template":"","format":"standard","meta":{"footnotes":""},"categories":[12],"tags":[20759,20762,23,20761,20760,28,29,685,32,33,22,688,20763,30,31,35,39,38,36,37,34,40,20,20758,26,27,24,25,21],"class_list":{"0":"post-82193","1":"post","2":"type-post","3":"status-publish","4":"format-standard","5":"has-post-thumbnail","7":"category-latvija","8":"tag-gods-kalpot-rigai","9":"tag-rigas-karte","10":"tag-aktualitates","11":"tag-aleksandrs-brandavs","12":"tag-andris-ameriks","13":"tag-breaking-news","14":"tag-breakingnews","15":"tag-de-facto","16":"tag-featured-news","17":"tag-featurednews","18":"tag-headlines","19":"tag-korupcija","20":"tag-korupcija-rigas-dome","21":"tag-latest-news","22":"tag-latestnews","23":"tag-latvia","24":"tag-latvian","25":"tag-latviesu","26":"tag-latviesu-valoda","27":"tag-latviesuvaloda","28":"tag-latvija","29":"tag-lv","30":"tag-news","31":"tag-nils-usakovs","32":"tag-popularakas-zinas","33":"tag-popularakaszinas","34":"tag-top-stories","35":"tag-topstories","36":"tag-zinas"},"share_on_mastodon":{"url":"https:\/\/pubeurope.com\/@lv\/115759106207807456","error":""},"_links":{"self":[{"href":"https:\/\/www.europesays.com\/lv\/wp-json\/wp\/v2\/posts\/82193","targetHints":{"allow":["GET"]}}],"collection":[{"href":"https:\/\/www.europesays.com\/lv\/wp-json\/wp\/v2\/posts"}],"about":[{"href":"https:\/\/www.europesays.com\/lv\/wp-json\/wp\/v2\/types\/post"}],"author":[{"embeddable":true,"href":"https:\/\/www.europesays.com\/lv\/wp-json\/wp\/v2\/users\/2"}],"replies":[{"embeddable":true,"href":"https:\/\/www.europesays.com\/lv\/wp-json\/wp\/v2\/comments?post=82193"}],"version-history":[{"count":0,"href":"https:\/\/www.europesays.com\/lv\/wp-json\/wp\/v2\/posts\/82193\/revisions"}],"wp:featuredmedia":[{"embeddable":true,"href":"https:\/\/www.europesays.com\/lv\/wp-json\/wp\/v2\/media\/82194"}],"wp:attachment":[{"href":"https:\/\/www.europesays.com\/lv\/wp-json\/wp\/v2\/media?parent=82193"}],"wp:term":[{"taxonomy":"category","embeddable":true,"href":"https:\/\/www.europesays.com\/lv\/wp-json\/wp\/v2\/categories?post=82193"},{"taxonomy":"post_tag","embeddable":true,"href":"https:\/\/www.europesays.com\/lv\/wp-json\/wp\/v2\/tags?post=82193"}],"curies":[{"name":"wp","href":"https:\/\/api.w.org\/{rel}","templated":true}]}}