{"id":82214,"date":"2025-12-21T19:24:14","date_gmt":"2025-12-21T19:24:14","guid":{"rendered":"https:\/\/www.europesays.com\/lv\/82214\/"},"modified":"2025-12-21T19:24:14","modified_gmt":"2025-12-21T19:24:14","slug":"orbans-ukrainas-sabrukums-butu-katastrofa-ungarijai","status":"publish","type":"post","link":"https:\/\/www.europesays.com\/lv\/82214\/","title":{"rendered":"Orb\u0101ns: Ukrainas sabrukums b\u016btu katastrofa Ung\u0101rijai"},"content":{"rendered":"<p>\u201cNe\u0161aubieties \u2013 Ukrainas sabrukums b\u016btu katastrofa Ung\u0101rijai. T\u0101p\u0113c Ukrainas sabrukums nav Ung\u0101rijas interes\u0113s, un mums ir j\u0101dara \u013coti daudz, lai to nepie\u013cautu,\u201d sac\u012bja Orb\u0101ns.<\/p>\n<p>Premjers savu domu ilustr\u0113ja ar sal\u012bdzin\u0101jumu, kas, p\u0113c vi\u0146a teikt\u0101, \u012bpa\u0161i labi saprotams lauku iedz\u012bvot\u0101jiem un nekustam\u0101 \u012bpa\u0161uma tirgus dal\u012bbniekiem. \u201cLauku cilv\u0113ki un nekustam\u0101 \u012bpa\u0161uma spekulanti lieliski saprot, ka j\u016bsu zemes gabala v\u0113rt\u012bbu ietekm\u0113 ne tikai tas, k\u0101d\u0101 st\u0101vokl\u012b ir j\u016bsu zeme, bet ar\u012b tas, k\u0101d\u0101 st\u0101vokl\u012b ir kaimi\u0146u zeme un kas taj\u0101 dz\u012bvo,\u201d vi\u0146\u0161 nor\u0101d\u012bja.<\/p>\n<p>Orb\u0101ns sav\u0101 run\u0101 uzsv\u0113ra ar\u012b Ung\u0101rijas lomu Ukrainas energoapg\u0101d\u0113, apgalvojot, ka Ukraina no Ung\u0101rijas sa\u0146em iev\u0113rojamu da\u013cu nepiecie\u0161amo resursu. P\u0113c vi\u0146a teikt\u0101, 44% Ukrainas elektroener\u0123ijas un 56% pat\u0113r\u0113t\u0101s dabasg\u0101zes ir atkar\u012bgi no Ung\u0101rijas pieg\u0101d\u0113m, turkl\u0101t b\u016btiska \u0161o resursu da\u013ca n\u0101k no Krievijas.<\/p>\n<p>Ung\u0101rijas amatpersonas \u0161\u0101dus skait\u013cus iepriek\u0161 izmantoju\u0161as, lai atbild\u0113tu uz kritiku par Budape\u0161tas cie\u0161aj\u0101m attiec\u012bb\u0101m ar Maskavu.<\/p>\n<p>Dienu iepriek\u0161 Orb\u0101ns izpeln\u012bj\u0101s pla\u0161u kritiku, pazi\u0146ojot, ka \u201cir gr\u016bti pateikt, kur\u0161 kuram uzbruka\u201d, run\u0101jot par Krievijas pilna m\u0113roga iebrukumu Ukrain\u0101. \u0160is izteikums ir kras\u0101 pretrun\u0101 ar starptautisko vienpr\u0101t\u012bbu par Krievijas atbild\u012bbu kara s\u0101k\u0161an\u0101.<\/p>\n<p class=\"ad-desc ad-desc-main\">Saturs turpin\u0101s p\u0113c rekl\u0101mas<\/p>\n<p class=\"ad-desc ad-desc-sec\">Rekl\u0101ma<\/p>\n<p>Savuk\u0101rt sestdienas uzrun\u0101 vi\u0146\u0161 atk\u0101rtoja savu poz\u012bciju, ka milit\u0101r\u0101 pal\u012bdz\u012bba Ukrainai pagarina karu un, p\u0113c vi\u0146a dom\u0101m, nen\u0101k par labu pa\u0161ai Ukrainai.<\/p>\n<p class=\"tv3-fw-500\">Zi\u0146o par k\u013c\u016bdu rakst\u0101<\/p>\n<p class=\"d-md-block d-none\">Iez\u012bm\u0113 k\u013c\u016bdaino tekstu un spied Ctrl+Enter.<\/p>\n<p class=\"d-md-none d-block\">Iez\u012bm\u0113 k\u013c\u016bdaino tekstu un zi\u0146o par to!<\/p>\n","protected":false},"excerpt":{"rendered":"\u201cNe\u0161aubieties \u2013 Ukrainas sabrukums b\u016btu katastrofa Ung\u0101rijai. T\u0101p\u0113c Ukrainas sabrukums nav Ung\u0101rijas interes\u0113s, un mums ir j\u0101dara \u013coti&hellip;\n","protected":false},"author":2,"featured_media":82215,"comment_status":"","ping_status":"","sticky":false,"template":"","format":"standard","meta":{"footnotes":""},"categories":[14],"tags":[23,57,28,29,32,33,22,3551,30,31,35,39,38,36,37,34,40,20,26,27,24,25,54,55,56,21,58],"class_list":{"0":"post-82214","1":"post","2":"type-post","3":"status-publish","4":"format-standard","5":"has-post-thumbnail","7":"category-zinas-no-arvalstim","8":"tag-aktualitates","9":"tag-arvalstim","10":"tag-breaking-news","11":"tag-breakingnews","12":"tag-featured-news","13":"tag-featurednews","14":"tag-headlines","15":"tag-kars-ukrainaungarijaviktors-orbans","16":"tag-latest-news","17":"tag-latestnews","18":"tag-latvia","19":"tag-latvian","20":"tag-latviesu","21":"tag-latviesu-valoda","22":"tag-latviesuvaloda","23":"tag-latvija","24":"tag-lv","25":"tag-news","26":"tag-popularakas-zinas","27":"tag-popularakaszinas","28":"tag-top-stories","29":"tag-topstories","30":"tag-world","31":"tag-world-news","32":"tag-worldnews","33":"tag-zinas","34":"tag-zinas-no-arvalstim"},"share_on_mastodon":{"url":"https:\/\/pubeurope.com\/@lv\/115759196631745682","error":""},"_links":{"self":[{"href":"https:\/\/www.europesays.com\/lv\/wp-json\/wp\/v2\/posts\/82214","targetHints":{"allow":["GET"]}}],"collection":[{"href":"https:\/\/www.europesays.com\/lv\/wp-json\/wp\/v2\/posts"}],"about":[{"href":"https:\/\/www.europesays.com\/lv\/wp-json\/wp\/v2\/types\/post"}],"author":[{"embeddable":true,"href":"https:\/\/www.europesays.com\/lv\/wp-json\/wp\/v2\/users\/2"}],"replies":[{"embeddable":true,"href":"https:\/\/www.europesays.com\/lv\/wp-json\/wp\/v2\/comments?post=82214"}],"version-history":[{"count":0,"href":"https:\/\/www.europesays.com\/lv\/wp-json\/wp\/v2\/posts\/82214\/revisions"}],"wp:featuredmedia":[{"embeddable":true,"href":"https:\/\/www.europesays.com\/lv\/wp-json\/wp\/v2\/media\/82215"}],"wp:attachment":[{"href":"https:\/\/www.europesays.com\/lv\/wp-json\/wp\/v2\/media?parent=82214"}],"wp:term":[{"taxonomy":"category","embeddable":true,"href":"https:\/\/www.europesays.com\/lv\/wp-json\/wp\/v2\/categories?post=82214"},{"taxonomy":"post_tag","embeddable":true,"href":"https:\/\/www.europesays.com\/lv\/wp-json\/wp\/v2\/tags?post=82214"}],"curies":[{"name":"wp","href":"https:\/\/api.w.org\/{rel}","templated":true}]}}