{"id":82216,"date":"2025-12-21T19:25:09","date_gmt":"2025-12-21T19:25:09","guid":{"rendered":"https:\/\/www.europesays.com\/lv\/82216\/"},"modified":"2025-12-21T19:25:09","modified_gmt":"2025-12-21T19:25:09","slug":"kuldiga-aizvadits-labdaribas-diennakts-skrejiens-raksts","status":"publish","type":"post","link":"https:\/\/www.europesays.com\/lv\/82216\/","title":{"rendered":"Kuld\u012bg\u0101 aizvad\u012bts labdar\u012bbas diennakts skr\u0113jiens \/ Raksts"},"content":{"rendered":"<p>Ka\u013c\u0137u ielas kvart\u0101ls Kuld\u012bg\u0101 ar\u012b \u0161ogad Ziemassv\u0113tku gaid\u012b\u0161anas laik\u0101 bija k\u013cuvis par m\u0101jvietu kuld\u012bdznieka, ultra rite\u0146brauc\u0113ja, Ginesa pasaules rekorda \u012bpa\u0161nieka un iniciat\u012bvas &#8220;Esi Piem\u0113rs!&#8221; autora Arvja Sprudes r\u012bkotajai labdar\u012bbas akcijai \u2013 24 stundu skr\u0113jienam. Arvim \u0161ai laik\u0101 izdev\u0101s aiz sevis atst\u0101t 173 kilometrus, bet vi\u0146am, katrs p\u0113c sav\u0101m sp\u0113j\u0101m, pievienoj\u0101s ar\u012b citi dal\u012bbnieki.<\/p>\n<p>Ir pieci vakar\u0101, 24 stundu labdar\u012bbas skr\u0113jiens &#8220;Esi piem\u0113rs&#8221; ir s\u0101cies. Tas ved apk\u0101rt Kuld\u012bgas Ka\u013c\u0137u ielas kvart\u0101lam, aplis ir 1,3 kilometru gar\u0161. \u0160ai reiz\u0113 iniciat\u012bvas autors ultra rite\u0146brauc\u0113js Arvis Sprude pats \u013c\u0101vies izaicin\u0101jumam \u2013 nevis braukt ar velosip\u0113du, bet gan skriet.<\/p>\n<blockquote>\n<p>Katru pieveikto kilometru uz\u0146\u0113m\u0113ji apsol\u012bju\u0161i p\u0101rv\u0113rst par vienu eiro. Vi\u0146u saziedot\u0101 nauda pal\u012bdz\u0113tu b\u0113rniem, kuriem nepiecie\u0161ama ABA terapija.\u00a0\u00a0<\/p>\n<\/blockquote>\n<p>&#8220;Ziedot.lv es atradu puis\u012bti v\u0101rd\u0101 Arvis, kuram bija nepiecie\u0161ama ABA terapija. Tas mani aizkustin\u0101ja, un tad m\u0113s saprat\u0101m, ka ir daudz t\u0101du b\u0113rnu, kuriem nepiecie\u0161ama ABA terapija,&#8221; atzina\u00a0Sprude.<\/p>\n<p>Arvis neskr\u0113ja viens, vi\u0146\u0161 aicin\u0101ja ikvienu re\u0123istr\u0113ties mobilaj\u0101 lietotn\u0113, kur\u0101 uzskait\u012bts katra pieveiktais att\u0101lums, t\u0101 dodot iesp\u0113ju skr\u0113jienam pievienoties ne tikai kl\u0101tien\u0113, bet jebkur\u0101 cit\u0101 viet\u0101. Pavisam akcij\u0101 iesaist\u012bj\u0101s 1073 cilv\u0113ki, ar\u012b no \u0101rvalst\u012bm. Katram sava motiv\u0101cija.<\/p>\n<blockquote>\n<p>&#8220;For\u0161i, ka ir t\u0101di, k\u0101 saka, d\u017eeki, kas uz\u0146emas caur sportu, ka var ar\u012b t\u0101 ziedot tiem, kam visvair\u0101k tas ir vajadz\u012bgs,&#8221; teica\u00a0skr\u0113jiena dal\u012bbnieks\u00a0Aigars Matisons.<\/p>\n<\/blockquote>\n<p>Ar neliel\u0101m atp\u016btas pauz\u0113m Arvis apl\u012b ap Ka\u013c\u0137u ielas kvart\u0101lu bija redzams visu diennakti, vi\u0146am pievienoj\u0101s ne tikai labi sagatavoti skr\u0113j\u0113ji, bet ar\u012b t\u0101di, kuriem skrie\u0161ana nav ikdiena, un neiztr\u016bksto\u0161i \u2013 jau izt\u0101l\u0113m paman\u0101mi vi\u0146a vad\u012bt\u0101 deju kolekt\u012bva dal\u012bbnieki.<\/p>\n<p>&#8220;Braukt ir viegl\u0101k,\u00a0bet es j\u016btos fantastiski, varb\u016bt tr\u012bs stundas l\u012bdz beig\u0101m es g\u0101ju \u0101r\u0101, es netic\u0113ju, kas es iztur\u0113\u0161u, t\u0101 bija kritiska robe\u017ea, bet robe\u017eas ir tikai galv\u0101,&#8221; piebilda\u00a0Sprude.<\/p>\n<p>Skr\u0113jiens nosl\u0113dzies ar kop\u012bgi noskrietiem 10 056 kilometriem, var teikt eiro, kas non\u0101ks &#8220;Ziedot.lv&#8221; ABA terapijai b\u0113rniem.<\/p>\n<p>                    Valodas k\u013c\u016bda rakst\u0101?<\/p>\n<p class=\"d-none d-md-block\">Iez\u012bm\u0113jiet tekstu un spiediet Ctrl+Enter, lai nos\u016bt\u012btu labojamo teksta fragmentu redaktoram! Par faktu k\u013c\u016bd\u0101m l\u016bdzam zi\u0146ot e-past\u0101 <a href=\"https:\/\/www.lsm.lv\/cdn-cgi\/l\/email-protection\" class=\"__cf_email__\" data-cfemail=\"394b5c5d58525a50535879554a5417554f\" rel=\"nofollow noopener\" target=\"_blank\">[email\u00a0protected]<\/a>.<\/p>\n<p class=\"d-md-none\">Iez\u012bm\u0113jiet tekstu un spiediet uz Zi\u0146ot par k\u013c\u016bdu pogas, lai nos\u016bt\u012btu labojamo teksta fragmentu redaktoram!<\/p>\n<p>\n                    Zi\u0146ot par k\u013c\u016bdu\n                <\/p>\n","protected":false},"excerpt":{"rendered":"Ka\u013c\u0137u ielas kvart\u0101ls Kuld\u012bg\u0101 ar\u012b \u0161ogad Ziemassv\u0113tku gaid\u012b\u0161anas laik\u0101 bija k\u013cuvis par m\u0101jvietu kuld\u012bdznieka, ultra rite\u0146brauc\u0113ja, Ginesa pasaules&hellip;\n","protected":false},"author":2,"featured_media":82217,"comment_status":"","ping_status":"","sticky":false,"template":"","format":"standard","meta":{"footnotes":""},"categories":[12],"tags":[23,28,29,32,33,22,30,31,35,39,38,36,37,34,40,20,26,27,24,25,21],"class_list":{"0":"post-82216","1":"post","2":"type-post","3":"status-publish","4":"format-standard","5":"has-post-thumbnail","7":"category-latvija","8":"tag-aktualitates","9":"tag-breaking-news","10":"tag-breakingnews","11":"tag-featured-news","12":"tag-featurednews","13":"tag-headlines","14":"tag-latest-news","15":"tag-latestnews","16":"tag-latvia","17":"tag-latvian","18":"tag-latviesu","19":"tag-latviesu-valoda","20":"tag-latviesuvaloda","21":"tag-latvija","22":"tag-lv","23":"tag-news","24":"tag-popularakas-zinas","25":"tag-popularakaszinas","26":"tag-top-stories","27":"tag-topstories","28":"tag-zinas"},"share_on_mastodon":{"url":"https:\/\/pubeurope.com\/@lv\/115759200555553007","error":""},"_links":{"self":[{"href":"https:\/\/www.europesays.com\/lv\/wp-json\/wp\/v2\/posts\/82216","targetHints":{"allow":["GET"]}}],"collection":[{"href":"https:\/\/www.europesays.com\/lv\/wp-json\/wp\/v2\/posts"}],"about":[{"href":"https:\/\/www.europesays.com\/lv\/wp-json\/wp\/v2\/types\/post"}],"author":[{"embeddable":true,"href":"https:\/\/www.europesays.com\/lv\/wp-json\/wp\/v2\/users\/2"}],"replies":[{"embeddable":true,"href":"https:\/\/www.europesays.com\/lv\/wp-json\/wp\/v2\/comments?post=82216"}],"version-history":[{"count":0,"href":"https:\/\/www.europesays.com\/lv\/wp-json\/wp\/v2\/posts\/82216\/revisions"}],"wp:featuredmedia":[{"embeddable":true,"href":"https:\/\/www.europesays.com\/lv\/wp-json\/wp\/v2\/media\/82217"}],"wp:attachment":[{"href":"https:\/\/www.europesays.com\/lv\/wp-json\/wp\/v2\/media?parent=82216"}],"wp:term":[{"taxonomy":"category","embeddable":true,"href":"https:\/\/www.europesays.com\/lv\/wp-json\/wp\/v2\/categories?post=82216"},{"taxonomy":"post_tag","embeddable":true,"href":"https:\/\/www.europesays.com\/lv\/wp-json\/wp\/v2\/tags?post=82216"}],"curies":[{"name":"wp","href":"https:\/\/api.w.org\/{rel}","templated":true}]}}