{"id":82224,"date":"2025-12-21T19:31:14","date_gmt":"2025-12-21T19:31:14","guid":{"rendered":"https:\/\/www.europesays.com\/lv\/82224\/"},"modified":"2025-12-21T19:31:14","modified_gmt":"2025-12-21T19:31:14","slug":"janis-jenzis-sveic-ilzi-aizsilnieci-59-dzimsanas-diena-mums-tevis-pietrukst-lente-lv","status":"publish","type":"post","link":"https:\/\/www.europesays.com\/lv\/82224\/","title":{"rendered":"J\u0101nis Jenzis sveic Ilzi Aizsilnieci 59. dzim\u0161anas dien\u0101: \u00abMums tevis pietr\u016bkst&#8230;\u00bb\u00a0\u2014\u00a0Lente.lv"},"content":{"rendered":"<p>Sirsn\u012bgs velt\u012bjums m\u012b\u013cajai sievai<\/p>\n<p>Sv\u0113tdien, 21. decembr\u012b, Latvijas sabiedr\u012bba un jo \u012bpa\u0161i medic\u012bnas aprindas piemin izcil\u0101s \u0101rstes, homeop\u0101tes un ilggad\u0113j\u0101s Latvijas \u0100rstu biedr\u012bbas (L\u0100B) prezidentes Ilzes Aizsilnieces 59. dzim\u0161anas dienu. \u0160is gads ir \u012bpa\u0161i smags, jo \u0101rste m\u016b\u017e\u012bb\u0101 dev\u0101s \u0161\u012b gada 11. maij\u0101, p\u0113c smagas slim\u012bbas. \u0160ai noz\u012bm\u012bgaj\u0101 datum\u0101 Ilzes dz\u012bvesbiedrs, Latvijas Restor\u0101nu biedr\u012bbas prezidents J\u0101nis Jenzis, velt\u012bjis sievai publisku, sirsn\u012bgu atceres v\u0101rdu pl\u016bsmu. K\u0101 inform\u0113 port\u0101ls jauns.lv, J\u0101\u0146a Jenzis caur sav\u0101m p\u0101rdom\u0101m atkl\u0101j zaud\u0113juma dzi\u013cumu un Ilzes Aizsilnieces neizdz\u0113\u0161amo ietekmi uz vi\u0146u dz\u012bvi un apk\u0101rt\u0113jo pasauli.<\/p>\n<p>Atceres v\u0101rdi, kas nes s\u0101pes un m\u012blest\u012bbu<\/p>\n<p>Dzim\u0161anas dien\u0101s, kas p\u0101rtop atceres dien\u0101s, zaud\u0113juma \u012bgnums k\u013c\u016bst \u012bpa\u0161i j\u016btams. J\u0101nis Jenzis soci\u0101lajos t\u012bklos dal\u012bjies ar emocij\u0101m pies\u0101tin\u0101tu ierakstu, kur\u0101 vi\u0146\u0161 m\u012b\u013cotajai sievai adres\u0113 dzi\u013cas ilgas. Atsaucoties uz sievas person\u012bbu un ieguld\u012bjumu, Jenzis raksta, ka vi\u0146ai piemita sp\u0113c\u012bga v\u012bzija, kas pal\u012bdz\u0113ja iekustin\u0101t b\u016btiskus procesus sabiedr\u012bb\u0101 un medic\u012bnas nozar\u0113. Vi\u0146\u0161 atz\u012bst Ilzes sp\u0113ju b\u016bt gan atbalstam, gan padomdev\u0113jai, k\u0101 ar\u012b vi\u0146as lomu meitas Annas audzin\u0101\u0161an\u0101, m\u0101cot tai dz\u012bves paties\u012bbas un ce\u013cu pie labiem cilv\u0113kiem.<\/p>\n<blockquote>\n<p>\u201eM\u012b\u013co Ilz\u012bt, Tu biji lab\u0101kais draugs un \u012bsts ce\u013ca biedrs, atbalsts un padomdev\u0113js. Tu m\u0101c\u012bjii Anni\u0146ai b\u016bt par labu cilv\u0113ku un st\u0101st\u012bji liel\u0101s dz\u012bves paties\u012bbas. Tu \u0101rst\u0113ji, mekl\u0113ji atbildes, iekustin\u0101ji lielus procesus, Tev bija v\u012bzija. Tavi darbi run\u0101ja par Tevi, jo Tu nekad nelepojies. Tu paliksi draugu, \u0123imenes locek\u013cu, savu pacientu un kol\u0113\u0123u atmi\u0146\u0101. Tu biji \u012bpa\u0161a un mums Tevis \u013coti pietr\u016bks!\u201d<\/p>\n<\/blockquote>\n<p>\u0160ie v\u0101rdi uzsver ne tikai personisk\u0101s attiec\u012bbas, bet ar\u012b Ilzes Aizsilnieces noz\u012bmi pla\u0161\u0101k\u0101 kontekst\u0101 \u2013 k\u0101 profesion\u0101li neatlaid\u012bgu medi\u0137i un akt\u012bvu sabiedrisko darbinieci.<\/p>\n<p>Ilze Aizsilniece: \u0101rste ar v\u012bziju un drosmi<\/p>\n<p>Ilze Aizsilniece (1966\u20142025) bija daudzpus\u012bga person\u012bba Latvijas medic\u012bn\u0101. Vi\u0146a vad\u012bja L\u0100B kop\u0161 2018. gada un bija paz\u012bstama ar savu akt\u012bvo nost\u0101ju da\u017e\u0101dos ar vesel\u012bbas apr\u016bpi saist\u012btos jaut\u0101jumos, tostarp iest\u0101joties par \u0101rstu darba apst\u0101k\u013cu uzlabo\u0161anu. Vi\u0146as profesion\u0101l\u0101 karjera s\u0101k\u0101s ar studij\u0101m Latvijas Medic\u012bnas akad\u0113mij\u0101, ta\u010du zin\u0101\u0161anas tika papildin\u0101tas ar\u012b jurisprudenc\u0113 Latvijas Universit\u0101t\u0113 un vesel\u012bbas sist\u0113mas vad\u012bb\u0101 London\u0101. Vi\u0146a ieguva ma\u0123istra gr\u0101du vesel\u012bbas apr\u016bpes zin\u0101tn\u0113s un piedal\u012bj\u0101s Pasaules Vesel\u012bbas organiz\u0101cijas projektos, pal\u012bdzot veidot \u0123imenes \u0101rstu dienestu Kirg\u012bzij\u0101.<\/p>\n<p>K\u0101 \u0123imenes \u0101rste kop\u0161 1993. gada, Aizsilniece bija iem\u012b\u013cota ar savu holistisko pieeju, kas ietv\u0113ra gan tradicion\u0101lo medic\u012bnu, gan homeop\u0101tijas un akupunkt\u016bras metodes. Vi\u0146as ieguld\u012bjums ir nov\u0113rt\u0113ts ar\u012b ar L\u0100B apbalvojumu par m\u016b\u017ea ieguld\u012bjumu 2016. gad\u0101. L\u012bdz\u0101s medic\u012bnai, Aizsilniece akt\u012bvi iesaist\u012bj\u0101s ar\u012b vides jaut\u0101jumos, piem\u0113ram, k\u0101 Liel\u0101s talkas idejas autore un virz\u012bt\u0101ja.<\/p>\n<p>Zaud\u0113juma sekas un kopienas atbalsts<\/p>\n<p>Ilzes Aizsilnieces p\u0101ragr\u0101 aizie\u0161ana M\u0101mi\u0146dien\u0101, 2025. gada 11. maij\u0101, bija \u0161oks daudziem, \u012bpa\u0161i t\u0101d\u0113\u013c, ka, lai gan da\u017ei bija inform\u0113ti par vi\u0146as vesel\u012bbas st\u0101vokli, tik \u0101tra aizie\u0161ana bija s\u0101p\u012bgs trieciens. Vi\u0146as aizie\u0161ana rais\u012bja pla\u0161u l\u012bdzj\u016bt\u012bbas vilni gan no pacientu, gan kol\u0113\u0123u, gan sabiedr\u012bbas l\u012bdera vidus, tostarp Valsts prezidents Edgars Rink\u0113vi\u010ds izteica l\u012bdzj\u016bt\u012bbu. J\u0101\u0146a Jen\u017ea v\u0101rdi \u0161aj\u0101 dzim\u0161anas dien\u0101 ilustr\u0113, ka zaud\u0113jums skar dzi\u013ci personisk\u0101 l\u012bmen\u012b, ta\u010du vienlaikus apliecina, ka Ilzes idejas un cent\u012bba turpin\u0101s dz\u012bvot caur tiem, kas vi\u0146u pazina un cien\u012bja. Vi\u0146as dz\u012bvesbiedrs Jenzis sav\u0101 atmi\u0146u velt\u012bjum\u0101 ar\u012b apsola turpin\u0101t ies\u0101ktos darbus, zinot, ka Ilze b\u016bs l\u012bdz\u0101s gar\u012bgi.<\/p>\n<p>K\u0101 piemin\u0113t un saglab\u0101t atmi\u0146\u0101<\/p>\n<p>\u0160is gads iez\u012bm\u0113 pirm\u0101s apa\u013c\u0101s dzim\u0161anas dienas atz\u012bm\u0113\u0161anu bez Ilzes Aizsilnieces kl\u0101tb\u016btnes. Atmi\u0146as par vi\u0146u k\u0101 par drosm\u012bgu profesion\u0101li, kas nekad nebija kautr\u012bga paust savu paties\u012bbu un iest\u0101v\u0113ties par saviem uzskatiem, dz\u012bvos ilgi. J\u0101\u0146a Jen\u017ea publiskais sveiciens kalpo k\u0101 emocion\u0101ls tilts, kas savieno pag\u0101tni ar tagadni, atg\u0101dinot par Ilzes Aizsilnieces sniegto ieguld\u012bjumu Latvijas medic\u012bnas un sabiedr\u012bbas stiprin\u0101\u0161an\u0101. Vi\u0146as v\u0101rds un darbi k\u013cuvu\u0161i par noz\u012bm\u012bgu atmi\u0146as da\u013cu Latvijas medic\u012bnas v\u0113stur\u0113.<\/p>\n","protected":false},"excerpt":{"rendered":"Sirsn\u012bgs velt\u012bjums m\u012b\u013cajai sievai Sv\u0113tdien, 21. decembr\u012b, Latvijas sabiedr\u012bba un jo \u012bpa\u0161i medic\u012bnas aprindas piemin izcil\u0101s \u0101rstes, homeop\u0101tes&hellip;\n","protected":false},"author":2,"featured_media":82225,"comment_status":"","ping_status":"","sticky":false,"template":"","format":"standard","meta":{"footnotes":""},"categories":[12],"tags":[23,20769,3321,28,29,32,33,22,20767,8688,30,31,35,39,38,36,37,34,20768,40,20,26,27,24,25,21],"class_list":{"0":"post-82224","1":"post","2":"type-post","3":"status-publish","4":"format-standard","5":"has-post-thumbnail","7":"category-latvija","8":"tag-aktualitates","9":"tag-arstes-dzimsanas-diena","10":"tag-atminas","11":"tag-breaking-news","12":"tag-breakingnews","13":"tag-featured-news","14":"tag-featurednews","15":"tag-headlines","16":"tag-ilze-aizsilniece","17":"tag-janis-jenzis","18":"tag-latest-news","19":"tag-latestnews","20":"tag-latvia","21":"tag-latvian","22":"tag-latviesu","23":"tag-latviesu-valoda","24":"tag-latviesuvaloda","25":"tag-latvija","26":"tag-latvijas-arstu-biedriba","27":"tag-lv","28":"tag-news","29":"tag-popularakas-zinas","30":"tag-popularakaszinas","31":"tag-top-stories","32":"tag-topstories","33":"tag-zinas"},"share_on_mastodon":{"url":"https:\/\/pubeurope.com\/@lv\/115759224314271951","error":""},"_links":{"self":[{"href":"https:\/\/www.europesays.com\/lv\/wp-json\/wp\/v2\/posts\/82224","targetHints":{"allow":["GET"]}}],"collection":[{"href":"https:\/\/www.europesays.com\/lv\/wp-json\/wp\/v2\/posts"}],"about":[{"href":"https:\/\/www.europesays.com\/lv\/wp-json\/wp\/v2\/types\/post"}],"author":[{"embeddable":true,"href":"https:\/\/www.europesays.com\/lv\/wp-json\/wp\/v2\/users\/2"}],"replies":[{"embeddable":true,"href":"https:\/\/www.europesays.com\/lv\/wp-json\/wp\/v2\/comments?post=82224"}],"version-history":[{"count":0,"href":"https:\/\/www.europesays.com\/lv\/wp-json\/wp\/v2\/posts\/82224\/revisions"}],"wp:featuredmedia":[{"embeddable":true,"href":"https:\/\/www.europesays.com\/lv\/wp-json\/wp\/v2\/media\/82225"}],"wp:attachment":[{"href":"https:\/\/www.europesays.com\/lv\/wp-json\/wp\/v2\/media?parent=82224"}],"wp:term":[{"taxonomy":"category","embeddable":true,"href":"https:\/\/www.europesays.com\/lv\/wp-json\/wp\/v2\/categories?post=82224"},{"taxonomy":"post_tag","embeddable":true,"href":"https:\/\/www.europesays.com\/lv\/wp-json\/wp\/v2\/tags?post=82224"}],"curies":[{"name":"wp","href":"https:\/\/api.w.org\/{rel}","templated":true}]}}