{"id":82226,"date":"2025-12-21T19:32:12","date_gmt":"2025-12-21T19:32:12","guid":{"rendered":"https:\/\/www.europesays.com\/lv\/82226\/"},"modified":"2025-12-21T19:32:12","modified_gmt":"2025-12-21T19:32:12","slug":"latvijas-florbola-savieniba-lv-2025-2026-jaunumi-cesu-lekrings-sakauj-tartu-florbolistes","status":"publish","type":"post","link":"https:\/\/www.europesays.com\/lv\/82226\/","title":{"rendered":"Latvijas Florbola savien\u012bba \u00bb LV \u00bb 2025\/2026 \u00bb Jaunumi \u00bb C\u0113su &#8220;Lekrings&#8221; sakauj Tartu florbolistes"},"content":{"rendered":"<p>C\u0113su &#8220;Lekrings&#8221; sakauj Tartu florbolistes<\/p>\n<p><\/p>\n<p>\t\t\t\t\t<img decoding=\"async\" src=\"https:\/\/www.europesays.com\/lv\/wp-content\/uploads\/2025\/11\/lekrings_m_025.jpg\" class=\"news-title-image\" width=\"292.5\" alt=\"lekrings_m_025.jpg\" title=\"C\u0113su &quot;Lekrings&quot; sakauj Tartu florbolistes\" \/><\/p>\n<p style=\"text-align: justify;\">ELVI florbola l\u012bg\u0101 sieviet\u0113m pie otr\u0101s uzvaras, turkl\u0101t \u013coti p\u0101rliecino\u0161as, tiku\u0161as C\u0113su komandas &#8220;Lekrings&#8221; sp\u0113l\u0113t\u0101jas, kas \u0161odien sav\u0101 laukum\u0101 ar <a href=\"https:\/\/www.floorball.lv\/lv\/2025\/proto\/52337-lek-emu\" rel=\"nofollow noopener\" target=\"_blank\">11:5<\/a> sak\u0101va Tartu &#8220;EMU SK&#8221;. Pa \u010detriem rezultativit\u0101tes punktiem uzvar\u0113t\u0101ju rind\u0101s sakr\u0101ja Rebeka Laure un Elizabete Malna\u010da.<\/p>\n<p>\u00a0<\/p>\n<p style=\"text-align: justify;\">C\u0113su komandas &#8220;Lekrings&#8221; meitenes sp\u0113li pret Tallinas florbolist\u0113m s\u0101ka vareni, ja pirmo desmit min\u016b\u0161u laik\u0101 izvirzoties vad\u012bb\u0101 ar 4:0. Pa bumbi\u0146ai vie\u0161\u0146u v\u0101rtos ieraid\u012bja Adrija Krievi\u0146a, Rebeka Laure, D\u0101rta Malkava un Elizabete Malna\u010da. 11. min\u016bt\u0113 ar v\u0101rtu guvumu atbild\u0113ja igauniete Stella Starkopfa &#8211; 1:4. Ar\u012b p\u0113c pirm\u0101 perioda c\u0113sniec\u0113m bija triju punktu p\u0101rsvars &#8211; 5:2. Otraj\u0101 tre\u0161da\u013c\u0101 laukuma saimnieces savu handikapu nedaudz palielin\u0101ja (7:3), bet vis\u0101 sp\u0113l\u0113 C\u0113su &#8220;Lekrings&#8221; svin\u0113ja p\u0101rliecino\u0161u uzvaru ar se\u0161u v\u0101rtu p\u0101rsvaru &#8211; 11:5.<\/p>\n<p style=\"text-align: justify;\">\u00a0<\/p>\n<p style=\"text-align: justify;\">&#8220;Lekrings&#8221;\u00a0\u2013 &#8220;EMU SK&#8221; &#8211; 11:5\u00a0(5:2, 2:1, 4:2)<\/p>\n<p style=\"text-align: justify;\">Metienu attiec\u012bba:<\/p>\n<p style=\"text-align: justify;\">35:35\u00a0(12:8; 8:11; 15:16)<\/p>\n<p style=\"text-align: justify;\">Rezultat\u012bv\u0101k\u0101s:<\/p>\n<p style=\"text-align: justify;\">&#8220;Lekrings&#8221;\u00a0\u2013 Rebeka Laure 4 (2+2), Elizabete Malna\u010da 4 (1+3), Nikola Laure 3 (3+0), D\u0101rta Malkava 3 (2+1) Ol\u012bvija Jarohovi\u010da 2 (1+1), Adrija Krievi\u0146a 2 (1+1), Evel\u012bna Barka 2 (1+1), Elena Klaviniusa 1 (0+1).<\/p>\n<p style=\"text-align: justify;\">&#8220;EMU SK&#8221;\u00a0\u2013 Reti V\u0101rta-Moldere 3 (1+2), Emma Ubalehta 2 (2+0), Kati Kolsare 2 (0+2), Stella Starkopfa 1 (1+0), Kirke Polisinski 1 (1+0), Marilina R\u012bvesa 1 (0+1).<\/p>\n<tr>\n<td style=\"text-align:center;\"><a href=\"https:\/\/www.floorball.lv\/out.php?id=229&amp;url=http%3A%2F%2Felvi.lv\" target=\"_blank\" title=\"ELVI\" rel=\"nofollow noopener\"><br \/>\n\t\t\t\t\t<img loading=\"lazy\" decoding=\"async\" class=\"banner_news_bottom\" src=\"https:\/\/www.europesays.com\/lv\/wp-content\/uploads\/2025\/11\/1537294665.jpg\" width=\"233\" height=\"66\" alt=\"ELVI\" \/><br \/>\n\t\t\t\t<\/a><\/td>\n<td style=\"text-align:center;\"><a href=\"https:\/\/www.floorball.lv\/out.php?id=334&amp;url=http%3A%2F%2Flino.lv\" target=\"_blank\" title=\"OXDOG\" rel=\"nofollow noopener\"><br \/>\n\t\t\t\t\t<img loading=\"lazy\" decoding=\"async\" class=\"banner_news_bottom\" src=\"https:\/\/www.europesays.com\/lv\/wp-content\/uploads\/2025\/09\/1531398467.jpg\" width=\"233\" height=\"66\" alt=\"OXDOG\" \/><br \/>\n\t\t\t\t<\/a><\/td>\n<\/tr>\n","protected":false},"excerpt":{"rendered":"C\u0113su &#8220;Lekrings&#8221; sakauj Tartu florbolistes ELVI florbola l\u012bg\u0101 sieviet\u0113m pie otr\u0101s uzvaras, turkl\u0101t \u013coti p\u0101rliecino\u0161as, tiku\u0161as C\u0113su komandas&hellip;\n","protected":false},"author":2,"featured_media":82227,"comment_status":"","ping_status":"","sticky":false,"template":"","format":"standard","meta":{"footnotes":""},"categories":[5],"tags":[405,23,28,29,20772,32,33,22,30,31,35,39,38,36,37,34,15691,571,40,20771,20,26,27,20770,20773,24,25,400,21],"class_list":{"0":"post-82226","1":"post","2":"type-post","3":"status-publish","4":"format-standard","5":"has-post-thumbnail","7":"category-aktualitates","8":"tag-405","9":"tag-aktualitates","10":"tag-breaking-news","11":"tag-breakingnews","12":"tag-elizabete","13":"tag-featured-news","14":"tag-featurednews","15":"tag-headlines","16":"tag-latest-news","17":"tag-latestnews","18":"tag-latvia","19":"tag-latvian","20":"tag-latviesu","21":"tag-latviesu-valoda","22":"tag-latviesuvaloda","23":"tag-latvija","24":"tag-laure","25":"tag-lekrings","26":"tag-lv","27":"tag-malnaca","28":"tag-news","29":"tag-popularakas-zinas","30":"tag-popularakaszinas","31":"tag-rebeka","32":"tag-stella","33":"tag-top-stories","34":"tag-topstories","35":"tag-vartu","36":"tag-zinas"},"share_on_mastodon":{"url":"https:\/\/pubeurope.com\/@lv\/115759228192851004","error":""},"_links":{"self":[{"href":"https:\/\/www.europesays.com\/lv\/wp-json\/wp\/v2\/posts\/82226","targetHints":{"allow":["GET"]}}],"collection":[{"href":"https:\/\/www.europesays.com\/lv\/wp-json\/wp\/v2\/posts"}],"about":[{"href":"https:\/\/www.europesays.com\/lv\/wp-json\/wp\/v2\/types\/post"}],"author":[{"embeddable":true,"href":"https:\/\/www.europesays.com\/lv\/wp-json\/wp\/v2\/users\/2"}],"replies":[{"embeddable":true,"href":"https:\/\/www.europesays.com\/lv\/wp-json\/wp\/v2\/comments?post=82226"}],"version-history":[{"count":0,"href":"https:\/\/www.europesays.com\/lv\/wp-json\/wp\/v2\/posts\/82226\/revisions"}],"wp:featuredmedia":[{"embeddable":true,"href":"https:\/\/www.europesays.com\/lv\/wp-json\/wp\/v2\/media\/82227"}],"wp:attachment":[{"href":"https:\/\/www.europesays.com\/lv\/wp-json\/wp\/v2\/media?parent=82226"}],"wp:term":[{"taxonomy":"category","embeddable":true,"href":"https:\/\/www.europesays.com\/lv\/wp-json\/wp\/v2\/categories?post=82226"},{"taxonomy":"post_tag","embeddable":true,"href":"https:\/\/www.europesays.com\/lv\/wp-json\/wp\/v2\/tags?post=82226"}],"curies":[{"name":"wp","href":"https:\/\/api.w.org\/{rel}","templated":true}]}}