{"id":82230,"date":"2025-12-21T19:37:08","date_gmt":"2025-12-21T19:37:08","guid":{"rendered":"https:\/\/www.europesays.com\/lv\/82230\/"},"modified":"2025-12-21T19:37:08","modified_gmt":"2025-12-21T19:37:08","slug":"video-%e2%9f%a9-raidijums-vesta-ka-tiesnesu-noslodzes-del-kriminallietas-iztiesa-ilgak-apollo-lv","status":"publish","type":"post","link":"https:\/\/www.europesays.com\/lv\/82230\/","title":{"rendered":"VIDEO \u27e9 Raid\u012bjums v\u0113sta, ka tiesne\u0161u noslodzes d\u0113\u013c krimin\u0101llietas izties\u0101 ilg\u0101k &#8211; Apollo.lv"},"content":{"rendered":"<ol>\n<li><a href=\"https:\/\/news.google.com\/rss\/articles\/CBMiqgFBVV95cUxQV3llMFFZSXdnS3FaWUdGd3JDc28zWFRIWl8zTU01YjVFTHRJNF9zcXhQYXJYZktPOW9TUnU1cnpFalp2blEwTEVTeUxUZnlKOEx5RWxHTHRZX0J1Y0RFTDJnbmtfQnJqUXdBYmwwU1hOblZUYUtnbG55TEFCZ1lSQlVCQ3lKdllVOWhZbUd3OW4wTWNBR2d5TWxhZVVmSnJSOUR4aGk3Z3M0dw?oc=5\" target=\"_blank\" rel=\"nofollow noopener\">VIDEO \u27e9 Raid\u012bjums v\u0113sta, ka tiesne\u0161u noslodzes d\u0113\u013c krimin\u0101llietas izties\u0101 ilg\u0101k<\/a>&nbsp;&nbsp;Apollo.lv<\/li>\n<li><a href=\"https:\/\/news.google.com\/rss\/articles\/CBMi7AFBVV95cUxPMVRDV0s0MFZ2MU1tMWFSaHBTVmlZZWE5LTFoa3RWVElSVmEzczN1OFQ0OTlKSXFIVUZPNTZOWWhnYnNOQ0dJRHYzX1BwLU8xUTdXWk9JMXhvWHVRYXpmZ1dOVVBKNWtVRGlja0VXZFBfREc2YjBQUUFkTkNhczV1dXhRYm5zY0E3RWNob0pneFJvei0tMUVfQXhtSVliQlh6M2d5cU00SEQyOGhjRXV6T2VSYk5YTW5UV29mMGhvVzQ0UzFIYmZtNklYVTVPRjFCeXZ4Njk4UDh3NEp1WHd3VS1UTkx4b014UGo1Qw?oc=5\" target=\"_blank\" rel=\"nofollow noopener\">Apgabaltiesa kuku\u013co\u0161an\u0101 aps\u016bdz\u0113tajam Magonim piem\u0113ro cietumsodu, Osinovskim \u2013 naudas sodu (preciz\u0113ts)<\/a>&nbsp;&nbsp;LSM<\/li>\n<li><a href=\"https:\/\/news.google.com\/rss\/articles\/CBMi0gFBVV95cUxPcWlwenVubGRtVlFrcmZNRERWTDhFZTRpTjVhM3FTNG1SUzBzSXdLREQzNlpFOTdESm9iLWh0WldCVjE1TlZlQUhJQjF3NnZfcDNCYURrNUJuNXllTG1paGNYZFV0YXkxLWdVVDhBRUVOUGE0V2I2ZWd6M2wzOFk3bUlFeGlNcGlNd2xwanJvXzNDN285V0ZNUzF0NXJmd21WNjFFbEIxSVNsUUozNkFUVFlTdjFOVjBsN1NTUU5YemNDOEtHQU1ZZzlpUDJSbmgxdWc?oc=5\" target=\"_blank\" rel=\"nofollow noopener\">Lato Lapsa: \u201eUr\u0101, taisn\u012bgums Mago\u0146a un Osinovska liet\u0101 triumf\u0113!!! Tiesa, ir da\u017ei nepat\u012bkami s\u012bkumi&#8230;<\/a>&nbsp;&nbsp;Pietiek.com<\/li>\n<li><a href=\"https:\/\/news.google.com\/rss\/articles\/CBMiuAFBVV95cUxQMUZRT0RIc2tHT0VWNGZtR0JvM3JuRjEzczVlc1Q5cVBEU3JaOUl0a0l6SzZRNmdCN2drenoxUFYzUzZoWjl1Q3BtSk1YTXdTR3RCRGY3RzNYUUdLS2VacjRNeVZTcGJUeXN5UGt4ekdhRGxSaGphSnNxZHg1RmRpU0J0M3BRSEZTYm1JelRLc0I3ZWVEMF9tWXJ6UGVuLUJVRElJWjZpRXc3NkF0Qm0wRHhVSk1INDZi?oc=5\" target=\"_blank\" rel=\"nofollow noopener\">\u201cCer\u0113ju, ka b\u016bs attaisnojo\u0161s spriedums,\u201d teic kuku\u013co\u0161an\u0101 par vain\u012bgu atz\u012btais Magonis<\/a>&nbsp;&nbsp;tv3.lv<\/li>\n<li><a href=\"https:\/\/news.google.com\/rss\/articles\/CBMiygFBVV95cUxOeTJuZHlBTm95azYxNjBGY2I3Z2Vtc2xBVlA1b2ZlSHlSeTFKUmwySElrNTV4SzY3RGV3NjRiQzJUTmRYMjM0N0dsODFVcTA2aUZzbDhWaklLMkF3WUtsbmdEUzNzMWtDcEVqNWhjT2NNMkJSb3VURXk2QjJvekUzc0dUdDNHYUZRak5qNXB6OWxtRnh0RER0XzU3elFIbUpoX1MzMzNRZDNXUnZDNW1ySzlIVF85d25VRUh0RXgzcjR2dGxVVTFyb3Rn?oc=5\" target=\"_blank\" rel=\"nofollow noopener\">Magoni un Osinovski atz\u012bst par vain\u012bgiem kuku\u013co\u0161anas liet\u0101 un piesprie\u017e naudas un cietumsodus<\/a>&nbsp;&nbsp;Jauns.lv<\/li>\n<\/ol>\n","protected":false},"excerpt":{"rendered":"VIDEO \u27e9 Raid\u012bjums v\u0113sta, ka tiesne\u0161u noslodzes d\u0113\u013c krimin\u0101llietas izties\u0101 ilg\u0101k&nbsp;&nbsp;Apollo.lv Apgabaltiesa kuku\u013co\u0161an\u0101 aps\u016bdz\u0113tajam Magonim piem\u0113ro cietumsodu, Osinovskim&hellip;\n","protected":false},"author":2,"featured_media":82231,"comment_status":"","ping_status":"","sticky":false,"template":"","format":"standard","meta":{"footnotes":""},"categories":[12],"tags":[23,28,29,32,33,22,573,30,31,35,39,38,36,37,34,40,20,16382,26,27,375,24,25,19194,21],"class_list":{"0":"post-82230","1":"post","2":"type-post","3":"status-publish","4":"format-standard","5":"has-post-thumbnail","7":"category-latvija","8":"tag-aktualitates","9":"tag-breaking-news","10":"tag-breakingnews","11":"tag-featured-news","12":"tag-featurednews","13":"tag-headlines","14":"tag-kriminallieta","15":"tag-latest-news","16":"tag-latestnews","17":"tag-latvia","18":"tag-latvian","19":"tag-latviesu","20":"tag-latviesu-valoda","21":"tag-latviesuvaloda","22":"tag-latvija","23":"tag-lv","24":"tag-news","25":"tag-olegs-osinovskis","26":"tag-popularakas-zinas","27":"tag-popularakaszinas","28":"tag-tiesa","29":"tag-top-stories","30":"tag-topstories","31":"tag-ugis-magonis","32":"tag-zinas"},"share_on_mastodon":{"url":"https:\/\/pubeurope.com\/@lv\/115759247758748498","error":""},"_links":{"self":[{"href":"https:\/\/www.europesays.com\/lv\/wp-json\/wp\/v2\/posts\/82230","targetHints":{"allow":["GET"]}}],"collection":[{"href":"https:\/\/www.europesays.com\/lv\/wp-json\/wp\/v2\/posts"}],"about":[{"href":"https:\/\/www.europesays.com\/lv\/wp-json\/wp\/v2\/types\/post"}],"author":[{"embeddable":true,"href":"https:\/\/www.europesays.com\/lv\/wp-json\/wp\/v2\/users\/2"}],"replies":[{"embeddable":true,"href":"https:\/\/www.europesays.com\/lv\/wp-json\/wp\/v2\/comments?post=82230"}],"version-history":[{"count":0,"href":"https:\/\/www.europesays.com\/lv\/wp-json\/wp\/v2\/posts\/82230\/revisions"}],"wp:featuredmedia":[{"embeddable":true,"href":"https:\/\/www.europesays.com\/lv\/wp-json\/wp\/v2\/media\/82231"}],"wp:attachment":[{"href":"https:\/\/www.europesays.com\/lv\/wp-json\/wp\/v2\/media?parent=82230"}],"wp:term":[{"taxonomy":"category","embeddable":true,"href":"https:\/\/www.europesays.com\/lv\/wp-json\/wp\/v2\/categories?post=82230"},{"taxonomy":"post_tag","embeddable":true,"href":"https:\/\/www.europesays.com\/lv\/wp-json\/wp\/v2\/tags?post=82230"}],"curies":[{"name":"wp","href":"https:\/\/api.w.org\/{rel}","templated":true}]}}