{"id":82232,"date":"2025-12-21T19:38:07","date_gmt":"2025-12-21T19:38:07","guid":{"rendered":"https:\/\/www.europesays.com\/lv\/82232\/"},"modified":"2025-12-21T19:38:07","modified_gmt":"2025-12-21T19:38:07","slug":"leons-xiv-sasauc-arkartas-konsistoriju","status":"publish","type":"post","link":"https:\/\/www.europesays.com\/lv\/82232\/","title":{"rendered":"Leons XIV sasauc \u0101rk\u0101rtas konsistoriju"},"content":{"rendered":"<p>Pirmais \u0101rk\u0101rtas konsistorijs p\u0101vesta Leona XIV pontifik\u0101ta laik\u0101 notiks 2026. gada 7. un 8. janv\u0101r\u012b.<\/p>\n<p>J\u0101nis Evertovskis \u2013 Vatik\u0101ns<\/p>\n<p>\u0100rk\u0101rtas konsistorijs, ko sasauca p\u0101vests, tiek pl\u0101nots k\u0101 br\u012bdis, kas b\u016bs velt\u012bts \u201cvienot\u012bbai un br\u0101l\u012bbai, k\u0101 ar\u012b p\u0101rdom\u0101m, sarun\u0101m un l\u016bg\u0161anai\u201d, teikts 20. decembra Vatik\u0101na preses dienesta pazi\u0146ojum\u0101. Kardin\u0101lu tik\u0161an\u0101s m\u0113r\u0137is ir veicin\u0101t \u201ckop\u012bgu iz\u0161\u0137ir\u0161anu\u201d un \u201csniegt Sv\u0113tajam T\u0113vam atbalstu un padomu vi\u0146a augsto un svar\u012bgo pien\u0101kumu pild\u012b\u0161an\u0101, vadot univers\u0101lo Bazn\u012bcu\u201d.<\/p>\n<p>Vatik\u0101na preses dienests skaidro, ka konsistorijs tiek sasaukts t\u0101d\u0113\u013c, \u201clai stiprin\u0101tu vienot\u012bbu starp Romas b\u012bskapu un kardin\u0101liem\u201d. Vi\u0146u uzdevums ir kalpot univers\u0101lajai Bazn\u012bcai, t\u0101p\u0113c ir \u013coti svar\u012bga vi\u0146u savstarp\u0113j\u0101 sadarb\u012bba.<\/p>\n<p>P\u0101vests Leons XIV jau vad\u012bja pirmo k\u0101rt\u0113jo publisko konsistoriju 13. j\u016bnij\u0101, ta\u010du to bija sasaucis v\u0113l p\u0101vests Francisks pirms savas n\u0101ves. Toreiz kardin\u0101li apstiprin\u0101ja asto\u0146u sv\u0113t\u012bgo kanoniz\u0101ciju. K\u0101rt\u0113jo konsistoriju p\u0101vests br\u012bvi sasauc, lai nomin\u0113tu jaunus kardin\u0101lus, izskat\u012btu ikdienas jaut\u0101jumus vai apstiprin\u0101tu dekr\u0113tus par beatifik\u0101cij\u0101m vai kanoniz\u0101cij\u0101m. Lai izskat\u012btu steidzamus vai nopietnus jaut\u0101jumus, p\u0101vests var konsult\u0113ties ar kardin\u0101liem \u0101rk\u0101rtas konsistoriju laik\u0101, kuri notiek aiz sl\u0113gt\u0101m durv\u012bm.<\/p>\n","protected":false},"excerpt":{"rendered":"Pirmais \u0101rk\u0101rtas konsistorijs p\u0101vesta Leona XIV pontifik\u0101ta laik\u0101 notiks 2026. gada 7. un 8. janv\u0101r\u012b. J\u0101nis Evertovskis \u2013&hellip;\n","protected":false},"author":2,"featured_media":82233,"comment_status":"","ping_status":"","sticky":false,"template":"","format":"standard","meta":{"footnotes":""},"categories":[5],"tags":[23,28,29,32,33,22,30,31,35,39,38,36,37,34,40,20,26,27,24,25,21],"class_list":{"0":"post-82232","1":"post","2":"type-post","3":"status-publish","4":"format-standard","5":"has-post-thumbnail","7":"category-aktualitates","8":"tag-aktualitates","9":"tag-breaking-news","10":"tag-breakingnews","11":"tag-featured-news","12":"tag-featurednews","13":"tag-headlines","14":"tag-latest-news","15":"tag-latestnews","16":"tag-latvia","17":"tag-latvian","18":"tag-latviesu","19":"tag-latviesu-valoda","20":"tag-latviesuvaloda","21":"tag-latvija","22":"tag-lv","23":"tag-news","24":"tag-popularakas-zinas","25":"tag-popularakaszinas","26":"tag-top-stories","27":"tag-topstories","28":"tag-zinas"},"share_on_mastodon":{"url":"https:\/\/pubeurope.com\/@lv\/115759251655617398","error":""},"_links":{"self":[{"href":"https:\/\/www.europesays.com\/lv\/wp-json\/wp\/v2\/posts\/82232","targetHints":{"allow":["GET"]}}],"collection":[{"href":"https:\/\/www.europesays.com\/lv\/wp-json\/wp\/v2\/posts"}],"about":[{"href":"https:\/\/www.europesays.com\/lv\/wp-json\/wp\/v2\/types\/post"}],"author":[{"embeddable":true,"href":"https:\/\/www.europesays.com\/lv\/wp-json\/wp\/v2\/users\/2"}],"replies":[{"embeddable":true,"href":"https:\/\/www.europesays.com\/lv\/wp-json\/wp\/v2\/comments?post=82232"}],"version-history":[{"count":0,"href":"https:\/\/www.europesays.com\/lv\/wp-json\/wp\/v2\/posts\/82232\/revisions"}],"wp:featuredmedia":[{"embeddable":true,"href":"https:\/\/www.europesays.com\/lv\/wp-json\/wp\/v2\/media\/82233"}],"wp:attachment":[{"href":"https:\/\/www.europesays.com\/lv\/wp-json\/wp\/v2\/media?parent=82232"}],"wp:term":[{"taxonomy":"category","embeddable":true,"href":"https:\/\/www.europesays.com\/lv\/wp-json\/wp\/v2\/categories?post=82232"},{"taxonomy":"post_tag","embeddable":true,"href":"https:\/\/www.europesays.com\/lv\/wp-json\/wp\/v2\/tags?post=82232"}],"curies":[{"name":"wp","href":"https:\/\/api.w.org\/{rel}","templated":true}]}}