{"id":82238,"date":"2025-12-21T19:43:08","date_gmt":"2025-12-21T19:43:08","guid":{"rendered":"https:\/\/www.europesays.com\/lv\/82238\/"},"modified":"2025-12-21T19:43:08","modified_gmt":"2025-12-21T19:43:08","slug":"brandavs-atzinies-kukula-apsolisana-usakovam-apsudzibas-ir-ari-citos-kriminalprocesos","status":"publish","type":"post","link":"https:\/\/www.europesays.com\/lv\/82238\/","title":{"rendered":"Brandavs atzinies kuku\u013ca apsol\u012b\u0161an\u0101 U\u0161akovam; aps\u016bdz\u012bbas ir ar\u012b citos krimin\u0101lprocesos"},"content":{"rendered":"<p>    <img decoding=\"async\" src=\"https:\/\/www.europesays.com\/lv\/wp-content\/uploads\/2025\/12\/LET_147836781-800x544.jpg\" alt=\"&#10;Aleksandrs Brandavs&#10;\"\/><\/p>\n<p>Aleksandrs Brandavs<\/p>\n<p>Foto: Sintija Zandersone\/LETA\n<\/p>\n<p>21:30, 21. decembris 2025<\/p>\n<p>Biju\u0161ais pasa\u017eieru p\u0101rvad\u0101t\u0101ja \u201cR\u012bgas mikroautobusu satiksme\u201d (RMS) pastarpin\u0101tais \u012bpa\u0161nieks Aleksandrs Brandavs \u0161oruden samaks\u0101jis 73 000 eiro naudas sodu, jo atzinies regul\u0101ru kuku\u013cu apsol\u012b\u0161an\u0101 k\u0101dai savulaik vado\u0161ai R\u012bgas domes amatpersonai, kas var\u0113tu b\u016bt toreiz\u0113jais R\u012bgas m\u0113rs Nils U\u0161akovs (S), v\u0113st\u012bja Latvijas Telev\u012bzijas (LTV) raid\u012bjums \u201cDe facto\u201d.<\/p>\n<p>        Las\u012bt\u0101kie<br \/>\n        <a data-imagesrc=\"{&quot;300&quot;:&quot;https:\\\/\\\/lastatic.ams3.cdn.digitaloceanspaces.com\\\/2024\\\/12\\\/pexels-markoklaric-6159299-300x211.jpg&quot;,&quot;1024&quot;:&quot;https:\\\/\\\/lastatic.ams3.cdn.digitaloceanspaces.com\\\/2024\\\/12\\\/pexels-markoklaric-6159299-1024x720.jpg&quot;,&quot;768&quot;:&quot;https:\\\/\\\/lastatic.ams3.cdn.digitaloceanspaces.com\\\/2024\\\/12\\\/pexels-markoklaric-6159299-768x540.jpg&quot;,&quot;1536&quot;:&quot;https:\\\/\\\/lastatic.ams3.cdn.digitaloceanspaces.com\\\/2024\\\/12\\\/pexels-markoklaric-6159299-1536x1079.jpg&quot;,&quot;2048&quot;:&quot;https:\\\/\\\/lastatic.ams3.cdn.digitaloceanspaces.com\\\/2024\\\/12\\\/pexels-markoklaric-6159299-2048x1439.jpg&quot;,&quot;200&quot;:&quot;https:\\\/\\\/lastatic.ams3.cdn.digitaloceanspaces.com\\\/2024\\\/12\\\/pexels-markoklaric-6159299-200x141.jpg&quot;,&quot;400&quot;:&quot;https:\\\/\\\/lastatic.ams3.cdn.digitaloceanspaces.com\\\/2024\\\/12\\\/pexels-markoklaric-6159299-400x281.jpg&quot;,&quot;500&quot;:&quot;https:\\\/\\\/lastatic.ams3.cdn.digitaloceanspaces.com\\\/2024\\\/12\\\/pexels-markoklaric-6159299-500x351.jpg&quot;,&quot;800&quot;:&quot;https:\\\/\\\/lastatic.ams3.cdn.digitaloceanspaces.com\\\/2024\\\/12\\\/pexels-markoklaric-6159299-800x562.jpg&quot;,&quot;1000&quot;:&quot;https:\\\/\\\/lastatic.ams3.cdn.digitaloceanspaces.com\\\/2024\\\/12\\\/pexels-markoklaric-6159299-1000x703.jpg&quot;,&quot;2560&quot;:&quot;https:\\\/\\\/lastatic.ams3.cdn.digitaloceanspaces.com\\\/2024\\\/12\\\/pexels-markoklaric-6159299-scaled.jpg&quot;}\" data-focuspoint=\"&quot;&quot;\" data-p=\"2297374\" href=\"https:\/\/www.la.lv\/luk-ka-izskatas-nekopta-sieviete-7-pazimes-kas-par-to-liecina\" class=\"content-item lazy-load\" wp_automatic_readability=\"27\" rel=\"nofollow noopener\" target=\"_blank\"><\/p>\n<p>                                <img decoding=\"async\" src=\"\" alt=\"\" style=\"\" data-imageid=\"\"\/><\/p>\n<p>                                Veselam<\/p>\n<p>\n                                                L\u016bk, k\u0101 izskat\u0101s nekopta sieviete: 7 paz\u012bmes, kas par to liecina\n                            <\/p>\n<p><\/a><a data-imagesrc=\"{&quot;300&quot;:&quot;https:\\\/\\\/lastatic.ams3.cdn.digitaloceanspaces.com\\\/2021\\\/12\\\/sieviete4-300x200.jpg&quot;,&quot;1024&quot;:&quot;https:\\\/\\\/lastatic.ams3.cdn.digitaloceanspaces.com\\\/2021\\\/12\\\/sieviete4-1024x684.jpg&quot;,&quot;768&quot;:&quot;https:\\\/\\\/lastatic.ams3.cdn.digitaloceanspaces.com\\\/2021\\\/12\\\/sieviete4-768x513.jpg&quot;,&quot;200&quot;:&quot;https:\\\/\\\/lastatic.ams3.cdn.digitaloceanspaces.com\\\/2021\\\/12\\\/sieviete4-200x134.jpg&quot;,&quot;400&quot;:&quot;https:\\\/\\\/lastatic.ams3.cdn.digitaloceanspaces.com\\\/2021\\\/12\\\/sieviete4-400x267.jpg&quot;,&quot;500&quot;:&quot;https:\\\/\\\/lastatic.ams3.cdn.digitaloceanspaces.com\\\/2021\\\/12\\\/sieviete4-500x334.jpg&quot;,&quot;800&quot;:&quot;https:\\\/\\\/lastatic.ams3.cdn.digitaloceanspaces.com\\\/2021\\\/12\\\/sieviete4-800x535.jpg&quot;,&quot;1000&quot;:&quot;https:\\\/\\\/lastatic.ams3.cdn.digitaloceanspaces.com\\\/2021\\\/12\\\/sieviete4-1000x668.jpg&quot;,&quot;1233&quot;:&quot;https:\\\/\\\/lastatic.ams3.cdn.digitaloceanspaces.com\\\/2021\\\/12\\\/sieviete4.jpg&quot;}\" data-focuspoint=\"&quot;&quot;\" data-p=\"2458684\" href=\"https:\/\/www.la.lv\/gatavojies-laimes-piepludumam-sos-tris-zodiaka-zimju-parstavjus-sajos-ziemaasvetkos-piemekles-ists-brinums\" class=\"content-item lazy-load\" wp_automatic_readability=\"26\" rel=\"nofollow noopener\" target=\"_blank\"><\/p>\n<p>                                <img decoding=\"async\" src=\"\" alt=\"\" style=\"\" data-imageid=\"\"\/><\/p>\n<p>                                Kokteilis<\/p>\n<p>\n                                                Gatavojies laimes piepl\u016bdumam! \u0160\u012bs tr\u012bs zodiaka z\u012bmes Ziemassv\u0113tkos piemekl\u0113s \u012bsts br\u012bnums<\/p>\n<p><\/a><a data-imagesrc=\"{&quot;300&quot;:&quot;https:\\\/\\\/lastatic.ams3.cdn.digitaloceanspaces.com\\\/2025\\\/12\\\/pexels-cottonbro-3171815-300x200.jpg&quot;,&quot;1024&quot;:&quot;https:\\\/\\\/lastatic.ams3.cdn.digitaloceanspaces.com\\\/2025\\\/12\\\/pexels-cottonbro-3171815-1024x684.jpg&quot;,&quot;1536&quot;:&quot;https:\\\/\\\/lastatic.ams3.cdn.digitaloceanspaces.com\\\/2025\\\/12\\\/pexels-cottonbro-3171815-1536x1026.jpg&quot;,&quot;500&quot;:&quot;https:\\\/\\\/lastatic.ams3.cdn.digitaloceanspaces.com\\\/2025\\\/12\\\/pexels-cottonbro-3171815-500x334.jpg&quot;,&quot;800&quot;:&quot;https:\\\/\\\/lastatic.ams3.cdn.digitaloceanspaces.com\\\/2025\\\/12\\\/pexels-cottonbro-3171815-800x534.jpg&quot;,&quot;2560&quot;:&quot;https:\\\/\\\/lastatic.ams3.cdn.digitaloceanspaces.com\\\/2025\\\/12\\\/pexels-cottonbro-3171815-scaled.jpg&quot;}\" data-focuspoint=\"&quot;&quot;\" data-p=\"2484502\" href=\"https:\/\/www.la.lv\/tikai-sis-cetras-zodiaka-zimes-mirdzes-visu-2026-gadu-kas-tas-sagaida\" class=\"content-item lazy-load\" wp_automatic_readability=\"26\" rel=\"nofollow noopener\" target=\"_blank\"><\/p>\n<p>                                <img decoding=\"async\" src=\"\" alt=\"\" style=\"\" data-imageid=\"\"\/><\/p>\n<p>                                Kokteilis<\/p>\n<p>\n                                                Tikai \u0161\u012bs \u010detras zodiaka z\u012bmes mirdz\u0113s visu 2026. gadu: kas t\u0101s sagaida\n                            <\/p>\n<p><\/a><br \/>\n        <a class=\"read-more\" href=\"https:\/\/www.la.lv\/top\" rel=\"nofollow noopener\" target=\"_blank\">Las\u012bt citas zi\u0146as<\/a><\/p>\n<p>K\u0101 liecina a\u0123ent\u016bras LETA arh\u012bvs, 2023. gada pavasar\u012b Korupcijas nov\u0113r\u0161anas un apkaro\u0161anas birojs (KNAB) rosin\u0101ja par aptuveni desmit miljonu eiro zaud\u0113jumu rad\u012b\u0161anu R\u012bgas pa\u0161vald\u012bbai un t\u0101s kapit\u0101lsabiedr\u012bbai aps\u016bdz\u0113t biju\u0161o R\u012bgas m\u0113ru U\u0161akovu, vi\u0146a toreiz\u0113jo vietnieku Andri Ameriku (toreiz \u2013 GKR) un v\u0113l vair\u0101kas personas, tostarp Brandavu. KNAB izmekl\u0113t\u0101ji uzskat\u012bja, ka U\u0161akovs un Ameriks piepras\u012bja no Brandava kukuli liel\u0101 apm\u0113r\u0101.<\/p>\n<p>LTV raid\u012bjumam \u201cDe facto\u201d prokurors Ando Skalbe past\u0101st\u012bja, ka Brandavs bijis gatavs atz\u012bties kuku\u013ca apsol\u012b\u0161an\u0101 tikai vienai amatpersonai, nevis div\u0101m. T\u0101p\u0113c nol\u016bk\u0101 pan\u0101kt \u0101tr\u0101ku krimin\u0101ltiesisko attiec\u012bbu taisn\u012bgu noregul\u0113jumu krimin\u0101lprocess sadal\u012bts. Atsevi\u0161\u0137i izdal\u012bta aps\u016bdz\u012bbas da\u013ca, kur\u0101 Brandavs bijis gatavs atz\u012bties. Liet\u0101 pan\u0101kta vieno\u0161an\u0101s starp Brandavu un prokuroru Skalbi. P\u0113c tam \u0161o vieno\u0161anos skat\u012bjusi Ekonomisko lietu tiesa, kura to apstiprin\u0101jusi. Oktobr\u012b spriedums st\u0101jies sp\u0113k\u0101.<\/p>\n<p>    CITI \u0160OBR\u012aD LASA<\/p>\n<p>No vieno\u0161an\u0101s un lietas materi\u0101liem izriet, ka kop\u012bgas tik\u0161an\u0101s laik\u0101 2017. gada septembr\u012b Brandavam k\u0101du priek\u0161likumu izteikusi R\u012bgas domes amatpersona, kas ie\u0146\u0113musi atbild\u012bgu st\u0101vokli. Saska\u0146\u0101 ar Krimin\u0101llikumu \u0161\u0101ds statuss R\u012bg\u0101 ir tikai m\u0113ram, vicem\u0113ram un izpilddirektoram, nor\u0101d\u012bja \u201cDe facto\u201d. Amatpersona Brandavam pied\u0101v\u0101jusi pan\u0101kt groz\u012bjumus normat\u012bvos, lai atlaides vair\u0101k\u0101m pasa\u017eieru kategorij\u0101m R\u012bg\u0101 var\u0113tu izmantot ar\u012b Brandavam pastarpin\u0101ti piedero\u0161\u0101s RMS transportl\u012bdzek\u013cos. \u0160\u0101di groz\u012bjumi Brandava firmai nodro\u0161in\u0101tu liel\u0101ku pasa\u017eieru skaitu un t\u0101d\u0113j\u0101di palielin\u0101tu apgroz\u012bjumu un pe\u013c\u0146u.<\/p>\n<p>To apzinoties, R\u012bgas domes amatpersona piepras\u012bjusi Brandavam dot tai kukuli 50% apm\u0113r\u0101 no R\u012bgas domes finans\u0113juma, kas tiks pie\u0161\u0137irts atkar\u012bb\u0101 no p\u0101rvad\u0101to, atlaides izmantoju\u0161o pasa\u017eieru skaita, izriet no lietas materi\u0101liem. Kad Brandavs izv\u0113rt\u0113jis kuku\u013ca do\u0161anas ekonomisko izdev\u012bgumu, vi\u0146\u0161 amatpersonai apliecin\u0101jis gatav\u012bbu dot kukuli un pied\u0101v\u0101jis variantus \u2013 ar p\u0101rskait\u012bjumiem vi\u0146\u0161 maks\u0101tu 45%, bet skaidr\u0101 naud\u0101 \u2013 30% no sa\u0146emt\u0101 R\u012bgas domes finans\u0113juma. Rezult\u0101t\u0101 abi vienoju\u0161ies, ka kuku\u013ca apm\u0113rs b\u016bs 30% skaidr\u0101 naud\u0101.<\/p>\n<p>Spriedum\u0101 ar\u012b nor\u0101d\u012bts, ka Brandavs un R\u012bgas domes amatpersona, b\u016bdami inform\u0113ti par pasa\u017eieru skaitu, kuri izmantoja brauk\u0161anas maksas atvieglojumus, var\u0113ja paredz\u0113t, ka kukulis b\u016btu vismaz 19 000 eiro m\u0113nes\u012b, v\u0113st\u012bja raid\u012bjums.<\/p>\n<p>Neesot gan skaidrs, vai sol\u012bjums maks\u0101t negod\u012bgo naudu \u012bstenots ar\u012b dz\u012bv\u0113, jo attiec\u012bgi pier\u0101d\u012bjumi neesot ieg\u016bti. \u201cTika m\u0113\u0123in\u0101ts ieg\u016bt pier\u0101d\u012bjumus, bet diem\u017e\u0113l neveiksm\u012bgi. T\u0101 k\u0101 m\u0113s \u0161aj\u0101 gad\u012bjum\u0101 varam run\u0101t tikai par kuku\u013ca piepras\u012b\u0161anu un kuku\u013ca apsol\u012bjumu,\u201d st\u0101st\u012bja prokurors Skalbe.<\/p>\n<p>Brandavs ar sava advok\u0101ta Normunda Du\u013cevska starpniec\u012bbu \u201cDe facto\u201d spriedumu koment\u0113t atteic\u0101s. Tom\u0113r raid\u012bjumam esot zin\u0101ms, ka vi\u0146a liec\u012bbas attiecas uz U\u0161akovu, kur\u0161 patlaban turpina baud\u012bt Eiropas Parlamenta (EP) imunit\u0101ti. Savulaik EP atteica imunit\u0101tes atcel\u0161anu U\u0161akovam un toreiz\u0113jam eiroparlament\u0101rietim Amerikam. P\u0113c tam U\u0161akovs tika p\u0101rv\u0113l\u0113ts EP deput\u0101ta amat\u0101 uz v\u0113l vienu termi\u0146u, bet Ameriks karjeru EP beidza. P\u0113rn vi\u0146\u0161 s\u0101ka darbu R\u012bgas br\u012bvostas p\u0101rvald\u0113 eksperta status\u0101.<\/p>\n<p>K\u0101 prognoz\u0113ja prokurors Skalbe, izdal\u012btais krimin\u0101lprocess, kur\u0101 figur\u0113 Ameriks, jau tuv\u0101kaj\u0101 laik\u0101 var\u0113tu tikt nos\u016bt\u012bts tiesai. Ar pa\u0161u Ameriku gan raid\u012bjumam sazin\u0101ties neizdev\u0101s.<\/p>\n<p>U\u0161akovs, l\u016bgts koment\u0113t Brandava spriedum\u0101 atz\u012bto un pret vi\u0146u v\u0113rst\u0101s aizdomas par kuku\u013ca piepras\u012b\u0161anu, rakstisk\u0101 atbild\u0113 \u201cDe facto\u201d pauda, ka ir r\u012bkojies stingr\u0101 saska\u0146\u0101 ar visiem sp\u0113k\u0101 eso\u0161ajiem likumiem un normat\u012bvajiem aktiem. \u201cAtturos koment\u0113t procesus, kuru deta\u013cas un apst\u0101k\u013ci man nav zin\u0101mi, ta\u010du kategoriski noliedzu jebk\u0101du saist\u012bbu ar jebk\u0101diem iesp\u0113jamiem pretlikum\u012bgiem nodar\u012bjumiem,\u201d raid\u012bjumam rakst\u012bja biju\u0161ais R\u012bgas m\u0113rs.<\/p>\n<p>U\u0161akovs ar\u012b neatbild\u0113ja, k\u0101 r\u012bkotos tagad, ja prokurat\u016bra atkal l\u016bgtu EP vi\u0146am atcelt imunit\u0101ti. Patlaban ir gan cits EP sasaukums, gan cits procesa virz\u012bt\u0101js un \u0123ener\u0101lprokurors, turkl\u0101t nu ir ar\u012b Latvijas tiesas spriedum\u0101 fiks\u0113ts kuku\u013ca pied\u0101v\u0101juma fakts.<\/p>\n<p>\u0122ener\u0101lprokurors Arm\u012bns Meisters sarun\u0101 ar \u201cDe facto\u201d \u0161\u0101du iesp\u0113ju \u2013 atk\u0101rtotu v\u0113r\u0161anos pie EP \u2013 neizsl\u0113dza, piebilstot, ka neb\u016btu pareizi \u201cvienk\u0101r\u0161i s\u0113d\u0113t un gaid\u012bt, kad [U\u0161akova EP deput\u0101ta pilnvaru] termi\u0146\u0161 beigsies\u201d.<\/p>\n<p>No pamata lietas izdal\u012btais process pret U\u0161akovu patlaban ir aptur\u0113ts. Pret vi\u0146u aizdomas izvirz\u012btas ne vien par kuku\u013ca pras\u012b\u0161anu, bet ar\u012b par dienesta st\u0101vok\u013ca \u013caunpr\u0101t\u012bgu izmanto\u0161anu.<\/p>\n<p>P\u0113c panta par dienesta st\u0101vok\u013ca \u013caunpr\u0101t\u012bgu izmanto\u0161anu saist\u012bb\u0101 ar \u0161o nodar\u012bjumu aps\u016bdz\u0113ti v\u0113l divi cilv\u0113ki. Tie ir biju\u0161ais \u201cR\u012bgas satiksmes\u201d (RS) valdes priek\u0161s\u0113d\u0113t\u0101js Leons Bemhens un k\u0101dreiz\u0113jais R\u012bgas domes Satiksmes departamenta direktora pien\u0101kumu pild\u012bt\u0101js Em\u012bls Jakrins, v\u0113st\u012bja raid\u012bjums. Lieta pret vi\u0146iem \u0161oned\u0113\u013c nos\u016bt\u012bta uz tiesu. RS un R\u012bgas pa\u0161vald\u012bba tur piedal\u012bsies k\u0101 cietu\u0161ie, jo \u0161o iest\u0101\u017eu skat\u012bjum\u0101 t\u0101m ir nodar\u012bts desmit miljonu eiro liels kait\u0113jums.<\/p>\n<p>Bemhenu raid\u012bjumam sazvan\u012bt neizdev\u0101s, bet vi\u0146a advok\u0101ts Varis Kloti\u0146\u0161 koment\u0101rus sniegt atteic\u0101s. Savuk\u0101rt Jakrins aps\u016bdz\u012bbai nepiekr\u012bt. \u201cVien\u012bg\u0101 poz\u012bcija, ka lieta ir absurda, nesaprotama un piln\u012bgs no mana skatu punkta p\u0101rpratums. Manas aps\u016bdz\u012bbas b\u016bt\u012bba ir t\u0101, ka es esmu refer\u0113jis domes s\u0113d\u0113 par l\u0113mumu, ko es pats neesmu pie\u0146\u0113mis. Punkts. (..) Faktiski vien\u012bgais, ko es esmu dar\u012bjis, ir uzst\u0101jies k\u0101 referents, kur var\u0113ja jebkur\u0161 cits domes darbinieks b\u016bt man\u0101 viet\u0101,\u201d telefonsarun\u0101 \u201cDe facto\u201d pauda Jakrins.<\/p>\n<p>Prokurors Skalbe gan saredz pla\u0161\u0101ku abu aps\u016bdz\u0113to lomu. Valsts aps\u016bdz\u012bbas skat\u012bjum\u0101 vi\u0146i, izmantojot savas pilnvaras, uzdeva sev pak\u013cautajiem darbiniekiem sagatavot, saska\u0146ot un virz\u012bt Brandava uz\u0146\u0113mumam labv\u0113l\u012bgos groz\u012bjumus.<\/p>\n<p>N\u0101kam\u0101 gada s\u0101kum\u0101 prokurors Skalbe iecer\u0113jis s\u016bt\u012bt uz tiesu ar\u012b lietu par piespiedu ietekm\u0113\u0161anas l\u012bdzekli pret juridisko personu, kuras interes\u0113s Brandavs sol\u012bja kukuli \u2013 RMS. Uz\u0146\u0113mumam gan patlaban norit maks\u0101tnesp\u0113jas process.<\/p>\n<p>K\u0101 liecina a\u0123ent\u016bras LETA arh\u012bvs, Brandavs ir aps\u016bdz\u0113ts ar\u012b citos krimin\u0101lprocesos.<\/p>\n<p>T\u0113mas<\/p>\n<p>    SAIST\u012aTIE RAKSTI<\/p>\n","protected":false},"excerpt":{"rendered":"Aleksandrs Brandavs Foto: Sintija Zandersone\/LETA 21:30, 21. decembris 2025 Biju\u0161ais pasa\u017eieru p\u0101rvad\u0101t\u0101ja \u201cR\u012bgas mikroautobusu satiksme\u201d (RMS) pastarpin\u0101tais \u012bpa\u0161nieks&hellip;\n","protected":false},"author":2,"featured_media":82239,"comment_status":"","ping_status":"","sticky":false,"template":"","format":"standard","meta":{"footnotes":""},"categories":[12],"tags":[23,28,29,32,33,22,30,31,35,39,38,36,37,34,40,20,26,27,24,25,21],"class_list":{"0":"post-82238","1":"post","2":"type-post","3":"status-publish","4":"format-standard","5":"has-post-thumbnail","7":"category-latvija","8":"tag-aktualitates","9":"tag-breaking-news","10":"tag-breakingnews","11":"tag-featured-news","12":"tag-featurednews","13":"tag-headlines","14":"tag-latest-news","15":"tag-latestnews","16":"tag-latvia","17":"tag-latvian","18":"tag-latviesu","19":"tag-latviesu-valoda","20":"tag-latviesuvaloda","21":"tag-latvija","22":"tag-lv","23":"tag-news","24":"tag-popularakas-zinas","25":"tag-popularakaszinas","26":"tag-top-stories","27":"tag-topstories","28":"tag-zinas"},"share_on_mastodon":{"url":"https:\/\/pubeurope.com\/@lv\/115759271634975575","error":""},"_links":{"self":[{"href":"https:\/\/www.europesays.com\/lv\/wp-json\/wp\/v2\/posts\/82238","targetHints":{"allow":["GET"]}}],"collection":[{"href":"https:\/\/www.europesays.com\/lv\/wp-json\/wp\/v2\/posts"}],"about":[{"href":"https:\/\/www.europesays.com\/lv\/wp-json\/wp\/v2\/types\/post"}],"author":[{"embeddable":true,"href":"https:\/\/www.europesays.com\/lv\/wp-json\/wp\/v2\/users\/2"}],"replies":[{"embeddable":true,"href":"https:\/\/www.europesays.com\/lv\/wp-json\/wp\/v2\/comments?post=82238"}],"version-history":[{"count":0,"href":"https:\/\/www.europesays.com\/lv\/wp-json\/wp\/v2\/posts\/82238\/revisions"}],"wp:featuredmedia":[{"embeddable":true,"href":"https:\/\/www.europesays.com\/lv\/wp-json\/wp\/v2\/media\/82239"}],"wp:attachment":[{"href":"https:\/\/www.europesays.com\/lv\/wp-json\/wp\/v2\/media?parent=82238"}],"wp:term":[{"taxonomy":"category","embeddable":true,"href":"https:\/\/www.europesays.com\/lv\/wp-json\/wp\/v2\/categories?post=82238"},{"taxonomy":"post_tag","embeddable":true,"href":"https:\/\/www.europesays.com\/lv\/wp-json\/wp\/v2\/tags?post=82238"}],"curies":[{"name":"wp","href":"https:\/\/api.w.org\/{rel}","templated":true}]}}