{"id":82252,"date":"2025-12-21T20:01:12","date_gmt":"2025-12-21T20:01:12","guid":{"rendered":"https:\/\/www.europesays.com\/lv\/82252\/"},"modified":"2025-12-21T20:01:12","modified_gmt":"2025-12-21T20:01:12","slug":"latgales-zoodarza-apmeklejums-klus-dargaks-zinamas-jaunas-cenas","status":"publish","type":"post","link":"https:\/\/www.europesays.com\/lv\/82252\/","title":{"rendered":"Latgales zood\u0101rza apmekl\u0113jums k\u013c\u016bs d\u0101rg\u0101ks: zin\u0101mas jaun\u0101s cenas"},"content":{"rendered":"<p>Pa\u0161vald\u012bb\u0101 uzsver, ka Latgales zood\u0101rzs jau daudzus gadus ir viens no apmekl\u0113t\u0101kajiem atp\u016btas un t\u016brisma objektiem Daugavpil\u012b, piesaistot gan viet\u0113jos iedz\u012bvot\u0101jus, gan pils\u0113tas viesus. T\u0101 ekspoz\u012bcij\u0101s un laboratorij\u0101 apskat\u0101ms daudzveid\u012bgs eksotisko sugu kl\u0101sts &#8211; p\u0113rti\u0137i, \u017e\u0146audz\u0113j\u010d\u016bskas, krokodili, bru\u0146urupu\u010di, igu\u0101nas, skorpioni un citi tropu un Latvijas dabas p\u0101rst\u0101vji.<\/p>\n","protected":false},"excerpt":{"rendered":"Pa\u0161vald\u012bb\u0101 uzsver, ka Latgales zood\u0101rzs jau daudzus gadus ir viens no apmekl\u0113t\u0101kajiem atp\u016btas un t\u016brisma objektiem Daugavpil\u012b, piesaistot&hellip;\n","protected":false},"author":2,"featured_media":82253,"comment_status":"","ping_status":"","sticky":false,"template":"","format":"standard","meta":{"footnotes":""},"categories":[12],"tags":[23,28,29,32,33,22,30,31,35,39,38,36,37,34,40,20,26,27,24,25,21],"class_list":{"0":"post-82252","1":"post","2":"type-post","3":"status-publish","4":"format-standard","5":"has-post-thumbnail","7":"category-latvija","8":"tag-aktualitates","9":"tag-breaking-news","10":"tag-breakingnews","11":"tag-featured-news","12":"tag-featurednews","13":"tag-headlines","14":"tag-latest-news","15":"tag-latestnews","16":"tag-latvia","17":"tag-latvian","18":"tag-latviesu","19":"tag-latviesu-valoda","20":"tag-latviesuvaloda","21":"tag-latvija","22":"tag-lv","23":"tag-news","24":"tag-popularakas-zinas","25":"tag-popularakaszinas","26":"tag-top-stories","27":"tag-topstories","28":"tag-zinas"},"share_on_mastodon":{"url":"https:\/\/pubeurope.com\/@lv\/115759342122720570","error":""},"_links":{"self":[{"href":"https:\/\/www.europesays.com\/lv\/wp-json\/wp\/v2\/posts\/82252","targetHints":{"allow":["GET"]}}],"collection":[{"href":"https:\/\/www.europesays.com\/lv\/wp-json\/wp\/v2\/posts"}],"about":[{"href":"https:\/\/www.europesays.com\/lv\/wp-json\/wp\/v2\/types\/post"}],"author":[{"embeddable":true,"href":"https:\/\/www.europesays.com\/lv\/wp-json\/wp\/v2\/users\/2"}],"replies":[{"embeddable":true,"href":"https:\/\/www.europesays.com\/lv\/wp-json\/wp\/v2\/comments?post=82252"}],"version-history":[{"count":0,"href":"https:\/\/www.europesays.com\/lv\/wp-json\/wp\/v2\/posts\/82252\/revisions"}],"wp:featuredmedia":[{"embeddable":true,"href":"https:\/\/www.europesays.com\/lv\/wp-json\/wp\/v2\/media\/82253"}],"wp:attachment":[{"href":"https:\/\/www.europesays.com\/lv\/wp-json\/wp\/v2\/media?parent=82252"}],"wp:term":[{"taxonomy":"category","embeddable":true,"href":"https:\/\/www.europesays.com\/lv\/wp-json\/wp\/v2\/categories?post=82252"},{"taxonomy":"post_tag","embeddable":true,"href":"https:\/\/www.europesays.com\/lv\/wp-json\/wp\/v2\/tags?post=82252"}],"curies":[{"name":"wp","href":"https:\/\/api.w.org\/{rel}","templated":true}]}}