{"id":82260,"date":"2025-12-21T20:15:09","date_gmt":"2025-12-21T20:15:09","guid":{"rendered":"https:\/\/www.europesays.com\/lv\/82260\/"},"modified":"2025-12-21T20:15:09","modified_gmt":"2025-12-21T20:15:09","slug":"metalmuzikas-gada-balva-aicina-pieteikties-skyforger-bus-atseviska-liga","status":"publish","type":"post","link":"https:\/\/www.europesays.com\/lv\/82260\/","title":{"rendered":"Met\u0101lm\u016bzikas Gada balva aicina pieteikties, \u201cSkyforger\u201d b\u016bs atsevi\u0161\u0137\u0101 l\u012bg\u0101"},"content":{"rendered":"<p class=\"descr\">Klub\u0101 \u201cMeln\u0101 Piektdiena\u201d piektdienas vakar\u0101 pulc\u0113j\u0101s Latvijas Met\u0101lm\u016bzikas Gada balvas \u017e\u016brija un organizatori, lai p\u0101rrun\u0101tu \u0161\u012b pas\u0101kuma v\u0113rt\u0113\u0161anas pamatnosac\u012bjumus. Ir pan\u0101kta provizoriska vieno\u0161an\u0101s, kas \u013caus konkurenci met\u0101lm\u016bzikas grupu starp\u0101 padar\u012bt daudz interesant\u0101ku.<\/p>\n<p>Latvijas Met\u0101lm\u016bzikas Gada balvas organizatori jau pag\u0101ju\u0161aj\u0101 ned\u0113\u013c\u0101 izplat\u012bja pirmo aicin\u0101jumu smag\u0101s m\u016bzikas grupas un izdev\u0113jiem iesniegt 2025. gad\u0101 izdotus ierakstus \u017e\u016brijas un klaus\u012bt\u0101ju v\u0113rt\u0113jumam. Atsauc\u012bba ir v\u0113r\u0101 \u0146emama &#8211; kopum\u0101 iesniegts jau ducis smagm\u016bzikas ierakstu. Ta\u010du dro\u0161i vien atsauc\u012bba b\u016btu pat v\u0113l liel\u0101ka, ja ne t\u0101 saucamais \u201c\u201c<a href=\"https:\/\/nra.lv\/birka\/skyforger\/\" target=\"_blank\" rel=\"noopener nofollow\">Skyforger<\/a>\u201d faktors\u201d.<\/p>\n<p>\u0160is gads latvju smagaj\u0101 m\u016bzik\u0101 pag\u0101jis izteikt\u0101 \u017eanra l\u012bderu \u201cSkyforger\u201d z\u012bm\u0113 &#8211; izdots jauns un teicams studijas albums \u201cTeikas\u201d, kura atr\u0101d\u012b\u0161anai, un pie viena atz\u012bm\u0113jot grupas rado\u0161\u0101s darb\u012bbas 30. gadadienu, sar\u012bkots lielkoncerts R\u012bgas ar\u0113n\u0101, turkl\u0101t gads nosl\u0113gts ar ne maz\u0101k v\u0113rien\u012bgu pas\u0101kumu koncertz\u0101l\u0113 \u201cPalladium\u201d. Lai gan \u201cdebesukal\u0113ji\u201d p\u0113d\u0113jos gados savus garadarbus Met\u0101lm\u016bzikas Gada balvai vairs neiesniedza, t\u0101 dodot iesp\u0113ju tikt pie balvas citiem, ir skaidrs, ka 2025. gada smag\u0101s m\u016bzikas notikumu v\u0113rt\u0113jum\u0101 ir tikai divi iesp\u0113jamie scen\u0101riji: 1\/ \u201cSkyforger\u201d tiek apbalvoti nomin\u0101cij\u0101s \u201cGada albums\u201d un \u201cGada koncertgrupa\u201d vai \u201cGada notikums\u201d, p\u0101r\u0113jos atst\u0101jot be\u0161\u0101; 2\/ tiek ap\u0161aub\u012bts (un pamatoti) \u017e\u016brijas veselais un\/vai skaidrais sapr\u0101ts, ja gad\u012bjum\u0101 \u201cSkyforger\u201d veikums paliek bez balvas. L\u012bdz ar to \u017e\u016brija jau savlaic\u012bgi l\u0113musi \u201cSkyforger\u201d devumu atz\u012bm\u0113t atsevi\u0161\u0137\u0101 nomin\u0101cij\u0101, bet p\u0101r\u0113jiem met\u0101lm\u016bzi\u0137iem \u013caut sacensties sav\u0101 starp\u0101 bez \u201cdebesukal\u0113ju\u201d kl\u0101tb\u016btnes.<\/p>\n<p>Pieteikumi Met\u0101lm\u016bzikas Gada balvai tiks pie\u0146emti l\u012bdz 2026. gada 11. janv\u0101rim. Pieteikt var ierakstus albuma vai minialbuma (EP) form\u0101t\u0101, kas izdoti laika posm\u0101 no \u0161\u0101 gada 1. janv\u0101rim l\u012bdz 31. decembrim, turkl\u0101t tiek gaid\u012bti ieraksti vispla\u0161\u0101kaj\u0101 smag\u0101s m\u016bzikas stilistiskaj\u0101 amplit\u016bd\u0101 &#8211; h\u0101rdroks, met\u0101ls, postmet\u0101ls utt., k\u0101 ar\u012b jebkuri to apak\u0161\u017eanri un hibr\u012bdi. Atkar\u012bb\u0101 no pieteikumu skaita un to stilistisk\u0101s pieder\u012bbas, tiks noteiktas ar\u012b nomin\u0101cijas un to skaits, piem\u0113ram, p\u0113d\u0113jos gados tiek no\u0161\u0137irts t.s. tradicion\u0101lais met\u0101ls no alternat\u012bv\u0101 jeb modern\u0101 met\u0101la. Noteikti tiks atz\u012bm\u0113ts ar\u012b gada lab\u0101kais debitants.<\/p>\n<p>Pieteikumi tiks pie\u0146emti, tos ies\u016btot uz e-pastu latmetgadabalva@gmail.com. Pieteikum\u0101 j\u0101nor\u0101da grupas\/izpild\u012bt\u0101ja nosaukums, ieraksta nosaukums, saite uz interneta vietni vai straum\u0113\u0161anas servisu, kur pieejama ieraksta digit\u0101l\u0101 versija, k\u0101 ar\u012b grupas kontaktinform\u0101cija. Pieteik\u0161an\u0101s Latvijas Met\u0101lm\u016bzikas Gada balvai ir bez maksas.<\/p>\n<p>Uzvar\u0113t\u0101jus, l\u012bdz\u012bgi k\u0101 iepriek\u0161\u0113jos gados, noteiks \u017e\u016brija un interneta balsojums. \u017d\u016brija atlas\u012bs nominantus, kurus izvirz\u012bt interneta balsojumam.<\/p>\n<p>Interneta balso\u0161anas s\u0101kums tiks izzi\u0146ots 19. janv\u0101r\u012b, balsot var\u0113s l\u012bdz 1. febru\u0101rim. Apbalvo\u0161anas ceremonija un koncerts norisin\u0101sies 13. febru\u0101r\u012b klub\u0101 \u201cMeln\u0101 Piektdiena\u201d, pas\u0101kuma programma un koncerta dal\u012bbnieki tiks izzi\u0146oti v\u0113l\u0101k.<\/p>\n","protected":false},"excerpt":{"rendered":"Klub\u0101 \u201cMeln\u0101 Piektdiena\u201d piektdienas vakar\u0101 pulc\u0113j\u0101s Latvijas Met\u0101lm\u016bzikas Gada balvas \u017e\u016brija un organizatori, lai p\u0101rrun\u0101tu \u0161\u012b pas\u0101kuma v\u0113rt\u0113\u0161anas&hellip;\n","protected":false},"author":2,"featured_media":82261,"comment_status":"","ping_status":"","sticky":false,"template":"","format":"standard","meta":{"footnotes":""},"categories":[19],"tags":[89,90,35,39,38,36,37,34,40],"class_list":{"0":"post-82260","1":"post","2":"type-post","3":"status-publish","4":"format-standard","5":"has-post-thumbnail","7":"category-izklaide","8":"tag-entertainment","9":"tag-izklaide","10":"tag-latvia","11":"tag-latvian","12":"tag-latviesu","13":"tag-latviesu-valoda","14":"tag-latviesuvaloda","15":"tag-latvija","16":"tag-lv"},"share_on_mastodon":{"url":"https:\/\/pubeurope.com\/@lv\/115759397128215288","error":""},"_links":{"self":[{"href":"https:\/\/www.europesays.com\/lv\/wp-json\/wp\/v2\/posts\/82260","targetHints":{"allow":["GET"]}}],"collection":[{"href":"https:\/\/www.europesays.com\/lv\/wp-json\/wp\/v2\/posts"}],"about":[{"href":"https:\/\/www.europesays.com\/lv\/wp-json\/wp\/v2\/types\/post"}],"author":[{"embeddable":true,"href":"https:\/\/www.europesays.com\/lv\/wp-json\/wp\/v2\/users\/2"}],"replies":[{"embeddable":true,"href":"https:\/\/www.europesays.com\/lv\/wp-json\/wp\/v2\/comments?post=82260"}],"version-history":[{"count":0,"href":"https:\/\/www.europesays.com\/lv\/wp-json\/wp\/v2\/posts\/82260\/revisions"}],"wp:featuredmedia":[{"embeddable":true,"href":"https:\/\/www.europesays.com\/lv\/wp-json\/wp\/v2\/media\/82261"}],"wp:attachment":[{"href":"https:\/\/www.europesays.com\/lv\/wp-json\/wp\/v2\/media?parent=82260"}],"wp:term":[{"taxonomy":"category","embeddable":true,"href":"https:\/\/www.europesays.com\/lv\/wp-json\/wp\/v2\/categories?post=82260"},{"taxonomy":"post_tag","embeddable":true,"href":"https:\/\/www.europesays.com\/lv\/wp-json\/wp\/v2\/tags?post=82260"}],"curies":[{"name":"wp","href":"https:\/\/api.w.org\/{rel}","templated":true}]}}