{"id":82266,"date":"2025-12-21T20:25:14","date_gmt":"2025-12-21T20:25:14","guid":{"rendered":"https:\/\/www.europesays.com\/lv\/82266\/"},"modified":"2025-12-21T20:25:14","modified_gmt":"2025-12-21T20:25:14","slug":"noskaties-%e2%9f%a9-par-apmacisanos-terorismam-un-trotila-glabasanu-jaunietim-piespriez-bargu-sodu","status":"publish","type":"post","link":"https:\/\/www.europesays.com\/lv\/82266\/","title":{"rendered":"NOSKATIES \u27e9 Par apm\u0101c\u012b\u0161anos terorismam un trotila glab\u0101\u0161anu jaunietim piesprie\u017e bargu sodu"},"content":{"rendered":"<p>Sav\u0101 mobilaj\u0101 telefon\u0101 laika posm\u0101 no 2023. gada beig\u0101m l\u012bdz 2024. gada pavasarim vi\u0146\u0161 lejupiel\u0101d\u0113ja vismaz se\u0161us materi\u0101lus ar detaliz\u0113t\u0101m pam\u0101c\u012bb\u0101m teroristisku aktu veik\u0161anai. Telefon\u0101 un portat\u012bvaj\u0101 dator\u0101 glab\u0101ja simtiem att\u0113lu un video ar isl\u0101mistu kaujiniekiem un propagandu.<\/p>\n<p>Aps\u016bdz\u0113tais akt\u012bvi sarakst\u012bj\u0101s ekstr\u0113mistu grup\u0101s \u201cTelegram\u201d platform\u0101. \u201cP\u0113c min\u0113taj\u0101m sarakst\u0113m ir redzams, ka Marats Aitullins ir sp\u0113j\u012bgs sniegt padomu, ka k\u0101ds nev\u0113lams cilv\u0113ks ir nogalin\u0101ms. Marats Aitullins kontakt\u0113jies ar bru\u0146ota grup\u0113juma p\u0101rst\u0101vi \u0100frik\u0101, Mali, mudinot \u0161o grup\u0113jumu pievienoties d\u017eih\u0101distiem, Isl\u0101ma valstij,\u201d ties\u0101 kl\u0101st\u012bja \u0122ener\u0101lprokurat\u016bras prokurors M\u0101rti\u0146\u0161 Jansons.<\/p>\n<p>Aps\u016bdz\u012bba argument\u0113ja, ka Aitullins, visticam\u0101k, esot nodarbojies ar t\u0101 d\u0113v\u0113to \u201cinform\u0101cijas d\u017eih\u0101du\u201d: m\u0113\u0123in\u0101jis pierun\u0101t sarunu biedrus pievienoties \u201ckalif\u0101tam\u201d, bied\u0113jis ar All\u0101ha dusm\u0101m un sniedzis padomus, k\u0101 konspirat\u012bvi r\u012bkoties pils\u0113tvid\u0113 un sl\u0113pt p\u0113das internet\u0101.<\/p>\n<p>Aizst\u0101vis Ingus Strautmanis ties\u0101 uzsv\u0113ra, ka vainas pier\u0101d\u012bjumus neuzskata par pietiekamiem: \u201cSod\u012bt par interesi tie\u0161i par isl\u0101mu, uzskatu, ka nav demokr\u0101tiski un tiesiski.\u201d Aps\u016bdz\u0113tais, piesl\u0113dzies no R\u012bgas Centr\u0101lcietuma, ties\u012bbas liecin\u0101t neizmantoja. P\u0113d\u0113j\u0101 v\u0101rd\u0101 vi\u0146\u0161 atk\u0101rtoti l\u016bdza m\u012bkstin\u0101t sodu par spr\u0101gstvielu glab\u0101\u0161anu un attaisnot par apm\u0101c\u012b\u0161anos terorismam, ta\u010du skaidri no\u017e\u0113las v\u0101rdi neizskan\u0113ja.<\/p>\n","protected":false},"excerpt":{"rendered":"Sav\u0101 mobilaj\u0101 telefon\u0101 laika posm\u0101 no 2023. gada beig\u0101m l\u012bdz 2024. gada pavasarim vi\u0146\u0161 lejupiel\u0101d\u0113ja vismaz se\u0161us materi\u0101lus&hellip;\n","protected":false},"author":2,"featured_media":82267,"comment_status":"","ping_status":"","sticky":false,"template":"","format":"standard","meta":{"footnotes":""},"categories":[12],"tags":[23,28,29,685,32,33,22,18712,30,31,35,39,38,36,37,34,40,20,26,27,4282,375,18411,24,25,21],"class_list":{"0":"post-82266","1":"post","2":"type-post","3":"status-publish","4":"format-standard","5":"has-post-thumbnail","7":"category-latvija","8":"tag-aktualitates","9":"tag-breaking-news","10":"tag-breakingnews","11":"tag-de-facto","12":"tag-featured-news","13":"tag-featurednews","14":"tag-headlines","15":"tag-islama-valsts","16":"tag-latest-news","17":"tag-latestnews","18":"tag-latvia","19":"tag-latvian","20":"tag-latviesu","21":"tag-latviesu-valoda","22":"tag-latviesuvaloda","23":"tag-latvija","24":"tag-lv","25":"tag-news","26":"tag-popularakas-zinas","27":"tag-popularakaszinas","28":"tag-terorisms","29":"tag-tiesa","30":"tag-tiesas","31":"tag-top-stories","32":"tag-topstories","33":"tag-zinas"},"share_on_mastodon":{"url":"https:\/\/pubeurope.com\/@lv\/115759436451172032","error":""},"_links":{"self":[{"href":"https:\/\/www.europesays.com\/lv\/wp-json\/wp\/v2\/posts\/82266","targetHints":{"allow":["GET"]}}],"collection":[{"href":"https:\/\/www.europesays.com\/lv\/wp-json\/wp\/v2\/posts"}],"about":[{"href":"https:\/\/www.europesays.com\/lv\/wp-json\/wp\/v2\/types\/post"}],"author":[{"embeddable":true,"href":"https:\/\/www.europesays.com\/lv\/wp-json\/wp\/v2\/users\/2"}],"replies":[{"embeddable":true,"href":"https:\/\/www.europesays.com\/lv\/wp-json\/wp\/v2\/comments?post=82266"}],"version-history":[{"count":0,"href":"https:\/\/www.europesays.com\/lv\/wp-json\/wp\/v2\/posts\/82266\/revisions"}],"wp:featuredmedia":[{"embeddable":true,"href":"https:\/\/www.europesays.com\/lv\/wp-json\/wp\/v2\/media\/82267"}],"wp:attachment":[{"href":"https:\/\/www.europesays.com\/lv\/wp-json\/wp\/v2\/media?parent=82266"}],"wp:term":[{"taxonomy":"category","embeddable":true,"href":"https:\/\/www.europesays.com\/lv\/wp-json\/wp\/v2\/categories?post=82266"},{"taxonomy":"post_tag","embeddable":true,"href":"https:\/\/www.europesays.com\/lv\/wp-json\/wp\/v2\/tags?post=82266"}],"curies":[{"name":"wp","href":"https:\/\/api.w.org\/{rel}","templated":true}]}}