{"id":82275,"date":"2025-12-21T20:36:07","date_gmt":"2025-12-21T20:36:07","guid":{"rendered":"https:\/\/www.europesays.com\/lv\/82275\/"},"modified":"2025-12-21T20:36:07","modified_gmt":"2025-12-21T20:36:07","slug":"putins-gatavs-tikties-ar-makronu","status":"publish","type":"post","link":"https:\/\/www.europesays.com\/lv\/82275\/","title":{"rendered":"Putins gatavs tikties ar Makronu"},"content":{"rendered":"<p class=\"descr\">Kremlis pazi\u0146ojis, ka Krievijas diktators Vladimirs Putins ir gatavs tikties ar Francijas prezidentu Emanuelu Makronu.<\/p>\n<p>Krem\u013ca preses sekret\u0101rs Dmitrijs Peskovs ar \u0161\u0101du pazi\u0146ojumu n\u0101ca klaj\u0101 sv\u0113tdien public\u0113t\u0101 intervij\u0101 Krievijas propagandas medijam &#8220;RIA Novosti&#8221;.<\/p>\n<p><a href=\"https:\/\/nra.lv\/birka\/emanuels-makrons\/\" target=\"_blank\" rel=\"noopener nofollow\">Makrona<\/a> birojs atzin\u012bgi nov\u0113rt\u0113ja Krem\u013ca pazi\u0146ojumu.<\/p>\n<p>Francijas prezidents piektdien izteic\u0101s, ka Eiropai un Ukrainai var\u0113tu b\u016bt lietder\u012bgi atkal s\u0101kt run\u0101t ar Putinu, lai tie\u0161\u0101 veid\u0101 iesaist\u012btos sarun\u0101s ar Maskavu par Krievijas uzs\u0101kt\u0101 kara Ukrain\u0101 izbeig\u0161anu.<\/p>\n<p>&#8220;Apsveicami, ka Kremlis ir publiski piekritis \u0161\u0101dai pieejai. Tuv\u0101kaj\u0101s dien\u0101s m\u0113s pie\u0146emsim l\u0113mumu, k\u0101 lab\u0101k virz\u012bties uz priek\u0161u,&#8221; pazi\u0146oja Elizejas pils.<\/p>\n<p>Vienlaikus Francijas prezidenta birojs uzsv\u0113ra, ka Ukrainas prezidents Volodimirs Zelenskis un Eiropas partneri tiks piln\u012bb\u0101 inform\u0113ti par jebkur\u0101m sarun\u0101m ar Maskavu.<\/p>\n<p>\t\t\t\t\t\tinfo<\/p>\n<p>Uzzini pirmais<br \/>kas interesants noticis Latvij\u0101 un pasaul\u0113,<br \/>pievienojoties mums <a href=\"https:\/\/t.me\/neatkariga\" rel=\"nofollow\">Telegram<\/a> vai <a href=\"https:\/\/whatsapp.com\/channel\/0029VaMLFUH5K3zLU5s4wm3y\" rel=\"nofollow noopener\" target=\"_blank\">Whatsapp<\/a> kan\u0101l\u0101<\/p>\n","protected":false},"excerpt":{"rendered":"Kremlis pazi\u0146ojis, ka Krievijas diktators Vladimirs Putins ir gatavs tikties ar Francijas prezidentu Emanuelu Makronu. Krem\u013ca preses sekret\u0101rs&hellip;\n","protected":false},"author":2,"featured_media":82276,"comment_status":"","ping_status":"","sticky":false,"template":"","format":"standard","meta":{"footnotes":""},"categories":[14],"tags":[23,57,28,29,32,33,22,30,31,35,39,38,36,37,34,40,20,26,27,24,25,54,55,56,21,58],"class_list":{"0":"post-82275","1":"post","2":"type-post","3":"status-publish","4":"format-standard","5":"has-post-thumbnail","7":"category-zinas-no-arvalstim","8":"tag-aktualitates","9":"tag-arvalstim","10":"tag-breaking-news","11":"tag-breakingnews","12":"tag-featured-news","13":"tag-featurednews","14":"tag-headlines","15":"tag-latest-news","16":"tag-latestnews","17":"tag-latvia","18":"tag-latvian","19":"tag-latviesu","20":"tag-latviesu-valoda","21":"tag-latviesuvaloda","22":"tag-latvija","23":"tag-lv","24":"tag-news","25":"tag-popularakas-zinas","26":"tag-popularakaszinas","27":"tag-top-stories","28":"tag-topstories","29":"tag-world","30":"tag-world-news","31":"tag-worldnews","32":"tag-zinas","33":"tag-zinas-no-arvalstim"},"share_on_mastodon":{"url":"https:\/\/pubeurope.com\/@lv\/115759479706168984","error":""},"_links":{"self":[{"href":"https:\/\/www.europesays.com\/lv\/wp-json\/wp\/v2\/posts\/82275","targetHints":{"allow":["GET"]}}],"collection":[{"href":"https:\/\/www.europesays.com\/lv\/wp-json\/wp\/v2\/posts"}],"about":[{"href":"https:\/\/www.europesays.com\/lv\/wp-json\/wp\/v2\/types\/post"}],"author":[{"embeddable":true,"href":"https:\/\/www.europesays.com\/lv\/wp-json\/wp\/v2\/users\/2"}],"replies":[{"embeddable":true,"href":"https:\/\/www.europesays.com\/lv\/wp-json\/wp\/v2\/comments?post=82275"}],"version-history":[{"count":0,"href":"https:\/\/www.europesays.com\/lv\/wp-json\/wp\/v2\/posts\/82275\/revisions"}],"wp:featuredmedia":[{"embeddable":true,"href":"https:\/\/www.europesays.com\/lv\/wp-json\/wp\/v2\/media\/82276"}],"wp:attachment":[{"href":"https:\/\/www.europesays.com\/lv\/wp-json\/wp\/v2\/media?parent=82275"}],"wp:term":[{"taxonomy":"category","embeddable":true,"href":"https:\/\/www.europesays.com\/lv\/wp-json\/wp\/v2\/categories?post=82275"},{"taxonomy":"post_tag","embeddable":true,"href":"https:\/\/www.europesays.com\/lv\/wp-json\/wp\/v2\/tags?post=82275"}],"curies":[{"name":"wp","href":"https:\/\/api.w.org\/{rel}","templated":true}]}}