{"id":82278,"date":"2025-12-21T20:42:09","date_gmt":"2025-12-21T20:42:09","guid":{"rendered":"https:\/\/www.europesays.com\/lv\/82278\/"},"modified":"2025-12-21T20:42:09","modified_gmt":"2025-12-21T20:42:09","slug":"krievija-piespiedu-karta-aizved-seniorus-no-sumu-apgabala","status":"publish","type":"post","link":"https:\/\/www.europesays.com\/lv\/82278\/","title":{"rendered":"Krievija piespiedu k\u0101rt\u0101 aizved seniorus no Sumu apgabala"},"content":{"rendered":"<p class=\"descr\">Krievijas karav\u012bri \u0161\u0137\u0113rsoju\u0161i Ukrainas robe\u017eu net\u0101lu no Grabovskas ciema Sumu apgabal\u0101 un no turienes piespiedu k\u0101rt\u0101 aizvedu\u0161i uz Krieviju aptuveni 50 civiliedz\u012bvot\u0101jus, p\u0101rsvar\u0101 vecus cilv\u0113kus, pazi\u0146oju\u0161i Ukrainas Bru\u0146otie sp\u0113k<\/p>\n<p>Krievijas ofens\u012bvas rezult\u0101t\u0101 Ukrainas aizsardz\u012bbas sp\u0113ki atk\u0101p\u0101s no vair\u0101k\u0101m poz\u012bcij\u0101m pie Grabovskas, un patlaban \u0161aj\u0101 re\u0123ion\u0101 tiek veikti stabiliz\u0101cijas pas\u0101kumi, pav\u0113st\u012bja Ukrainas Bru\u0146oto sp\u0113ku \u0123ener\u0101l\u0161t\u0101ba preses p\u0101rst\u0101vis.<\/p>\n<blockquote><p>Vi\u0146\u0161 atkl\u0101ja, ka liel\u0101k\u0101 da\u013ca cilv\u0113ku, kurus krievi aizveda p\u0101ri robe\u017eai uz Krievijas teritoriju, ir seniori. Viena no sieviet\u0113m ir 89 gadus veca. Gandr\u012bz visi vi\u0146i iepriek\u0161 bija atteiku\u0161ies evaku\u0113ties dzi\u013c\u0101k Ukrainas kontrol\u0113taj\u0101 teritorij\u0101.<\/p><\/blockquote>\n<p>Ukrainas ties\u012bbsarg\u0101jo\u0161\u0101s iest\u0101des s\u0101ku\u0161as izmekl\u0113\u0161anu par civiliedz\u012bvot\u0101ju piespiedu <a href=\"https:\/\/nra.lv\/birka\/deportacija\/\" target=\"_blank\" rel=\"noopener nofollow\">deport\u0101ciju<\/a>. Ukrainas Bru\u0146otie sp\u0113ki to uzskata par \u017den\u0113vas konvenciju p\u0101rk\u0101pumu.<\/p>\n<p>Bru\u0146otie sp\u0113ki aicin\u0101ja pierobe\u017eas apgabalu iedz\u012bvot\u0101jus evaku\u0113ties. Sumu apgabala varasiest\u0101des organiz\u0113 evaku\u0101cijas procesu, un vair\u0101k nek\u0101 30 000 cilv\u0113ku jau ir evaku\u0113ti, bet gandr\u012bz 5700 citi ir atteiku\u0161ies doties prom, atkl\u0101ja amatpersonas.<\/p>\n<p>Ukrainas mediji iepriek\u0161 zi\u0146oja, ka nakt\u012b uz sestdienu Krievijas bru\u0146otie sp\u0113ki iebruka Grabovskas ciem\u0101.<\/p>\n<p>\t\t\t\t\t\tinfo<\/p>\n<p>Uzzini pirmais<br \/>kas interesants noticis Latvij\u0101 un pasaul\u0113,<br \/>pievienojoties mums <a href=\"https:\/\/t.me\/neatkariga\" rel=\"nofollow\">Telegram<\/a> vai <a href=\"https:\/\/whatsapp.com\/channel\/0029VaMLFUH5K3zLU5s4wm3y\" rel=\"nofollow noopener\" target=\"_blank\">Whatsapp<\/a> kan\u0101l\u0101<\/p>\n","protected":false},"excerpt":{"rendered":"Krievijas karav\u012bri \u0161\u0137\u0113rsoju\u0161i Ukrainas robe\u017eu net\u0101lu no Grabovskas ciema Sumu apgabal\u0101 un no turienes piespiedu k\u0101rt\u0101 aizvedu\u0161i uz&hellip;\n","protected":false},"author":2,"featured_media":82279,"comment_status":"","ping_status":"","sticky":false,"template":"","format":"standard","meta":{"footnotes":""},"categories":[14],"tags":[23,57,28,29,32,33,22,30,31,35,39,38,36,37,34,40,20,26,27,24,25,54,55,56,21,58],"class_list":{"0":"post-82278","1":"post","2":"type-post","3":"status-publish","4":"format-standard","5":"has-post-thumbnail","7":"category-zinas-no-arvalstim","8":"tag-aktualitates","9":"tag-arvalstim","10":"tag-breaking-news","11":"tag-breakingnews","12":"tag-featured-news","13":"tag-featurednews","14":"tag-headlines","15":"tag-latest-news","16":"tag-latestnews","17":"tag-latvia","18":"tag-latvian","19":"tag-latviesu","20":"tag-latviesu-valoda","21":"tag-latviesuvaloda","22":"tag-latvija","23":"tag-lv","24":"tag-news","25":"tag-popularakas-zinas","26":"tag-popularakaszinas","27":"tag-top-stories","28":"tag-topstories","29":"tag-world","30":"tag-world-news","31":"tag-worldnews","32":"tag-zinas","33":"tag-zinas-no-arvalstim"},"share_on_mastodon":{"url":"https:\/\/pubeurope.com\/@lv\/115759503310762274","error":""},"_links":{"self":[{"href":"https:\/\/www.europesays.com\/lv\/wp-json\/wp\/v2\/posts\/82278","targetHints":{"allow":["GET"]}}],"collection":[{"href":"https:\/\/www.europesays.com\/lv\/wp-json\/wp\/v2\/posts"}],"about":[{"href":"https:\/\/www.europesays.com\/lv\/wp-json\/wp\/v2\/types\/post"}],"author":[{"embeddable":true,"href":"https:\/\/www.europesays.com\/lv\/wp-json\/wp\/v2\/users\/2"}],"replies":[{"embeddable":true,"href":"https:\/\/www.europesays.com\/lv\/wp-json\/wp\/v2\/comments?post=82278"}],"version-history":[{"count":0,"href":"https:\/\/www.europesays.com\/lv\/wp-json\/wp\/v2\/posts\/82278\/revisions"}],"wp:featuredmedia":[{"embeddable":true,"href":"https:\/\/www.europesays.com\/lv\/wp-json\/wp\/v2\/media\/82279"}],"wp:attachment":[{"href":"https:\/\/www.europesays.com\/lv\/wp-json\/wp\/v2\/media?parent=82278"}],"wp:term":[{"taxonomy":"category","embeddable":true,"href":"https:\/\/www.europesays.com\/lv\/wp-json\/wp\/v2\/categories?post=82278"},{"taxonomy":"post_tag","embeddable":true,"href":"https:\/\/www.europesays.com\/lv\/wp-json\/wp\/v2\/tags?post=82278"}],"curies":[{"name":"wp","href":"https:\/\/api.w.org\/{rel}","templated":true}]}}