{"id":82284,"date":"2025-12-21T20:49:10","date_gmt":"2025-12-21T20:49:10","guid":{"rendered":"https:\/\/www.europesays.com\/lv\/82284\/"},"modified":"2025-12-21T20:49:10","modified_gmt":"2025-12-21T20:49:10","slug":"kad-labestiba-partop-palidziba-labdaribas-akcija-engeli-par-latviju-saziedoti-730-841-eiro","status":"publish","type":"post","link":"https:\/\/www.europesays.com\/lv\/82284\/","title":{"rendered":"Kad labest\u012bba p\u0101rtop pal\u012bdz\u012bb\u0101 \u2013 labdar\u012bbas akcij\u0101 \u201cE\u0146\u0123e\u013ci p\u0101r Latviju\u201d saziedoti 730 841 eiro"},"content":{"rendered":"<p>\u201cE\u0146\u0123e\u013ci p\u0101r Latviju\u201d ir labdar\u012bbas akcija, ko jau 18. reizi \u012bsteno \u201cTV3 Group Latvija\u201d. T\u0101 turpina piepild\u012bt b\u0113rnu tic\u012bbu br\u012bnumam un sniedz iesp\u0113ju laim\u012bg\u0101kai, iesp\u0113j\u0101m bag\u0101t\u0101kai b\u0113rn\u012bbai, nodro\u0161inot medic\u012bnisko atbalstu b\u0113rniem vis\u0101 Latvij\u0101.<\/p>\n<p>\u201cKam\u0113r m\u0113s viens otram esam, kam\u0113r m\u0113s neesam vienaldz\u012bgi un nepametam otru nelaim\u0113, bet n\u0101kam pal\u012bg\u0101, mums viss b\u016bs labi! Sirsn\u012bgs paldies ikvienam ziedot\u0101jam!\u201d pateic\u012bbu koncerta nosl\u0113guma uzrun\u0101 izteica B\u0113rnu slimn\u012bcas fonda vad\u012bt\u0101ja Liene Dambi\u0146a.<\/p>\n<p>Koncertu \u0161ogad vad\u012bja TV3 person\u012bbas Krist\u012bne Garkl\u0101va un M\u0101rti\u0146\u0161 Spuris \u2013 kop\u0101 vi\u0146i rad\u012bja siltu un iedvesmojo\u0161u noska\u0146u gan kl\u0101teso\u0161ajiem R\u0101tslaukum\u0101, gan telev\u012bzijas skat\u012bt\u0101jiem. Par koncerta muzik\u0101lo piepild\u012bjumu r\u016bp\u0113j\u0101s iem\u012b\u013coti Latvijas m\u0101kslinieki. Uz skatuves k\u0101pa \u201cTautumeitas\u201d, \u201cCarnival Youth\u201d un Evija V\u0113bere, Dons, \u201cLabv\u0113l\u012bgais tips\u201d, Fi\u0146\u0137is, Intars Busulis un \u201cAbonementa or\u0137estris\u201d, Paula Saija un Viktors Buntovskis, Might Delete Later, Uldis Marhilevi\u010d\u0161 un Agnese Budovska, Ance Krauze un Rom\u0101ns Vendi\u0146\u0161, Ivo Fomins, \u201cX Faktors\u201d fin\u0101listi Lotte Egl\u012bte, Dagm\u0101ra Laic\u0101ne Jur\u0123is Namejs Zvejnieks. Koncertu bag\u0101tin\u0101ja ar\u012b Zigfr\u012bds Muktup\u0101vels, JMMS z\u0113nu koris diri\u0123enta Rom\u0101na Vanaga vad\u012bb\u0101, radot patiesi aizkustino\u0161u un cer\u012bbas pilnu gaisotni.<\/p>\n<p>Ziedot grib\u0113t\u0101ji ar\u012b \u0161ogad visu koncerta laiku apmai\u0146\u0101 pret ziedojumu var\u0113ja \u013cauties sirsn\u012bg\u0101m sarun\u0101m ar k\u0101du no iem\u012b\u013cot\u0101m person\u012bb\u0101m, kas zvanus pie\u0146\u0113ma omul\u012bgaj\u0101 \u201cDeko\u201d zvanu centra nami\u0146\u0101. \u0160ogad klausul\u0113m otrpus s\u0113d\u0101s TV sejas Jana Du\u013cevska un Valters Krauze, aktrise Evija Kr\u016bze un visu iem\u012b\u013cot\u0101 TUTA (Liene Sebre) , dzied\u0101t\u0101js Intars Busulis, \u201cX Faktors\u201d zvaigzne Emilija B\u0113rzi\u0146a, k\u0101 ar\u012b sportisti Dairis Bert\u0101ns un M\u0101rti\u0146\u0161 Sesks.<\/p>\n<p>Akcijai \u201cE\u0146\u0123e\u013ci p\u0101r Latviju\u201d \u0161ogad pievienoj\u0101s ar\u012b \u201cX Faktors\u201d, sniedzot atbalstu no bi\u013ce\u0161u tirdzniec\u012bbas un telefonbalsojuma \u2013 kopum\u0101 saziedoti. Koncerta nosl\u0113gum\u0101 uz skatuves k\u0101pa \u0161ova fin\u0101listi Dagm\u0101ra Laic\u0101ne, Lotte Egl\u012bte un Jur\u0123is Namejs Zvejnieks, atkl\u0101jot, ka labdar\u012bbai novirz\u012bti 39 232,96 eiro.<\/p>\n<p>            <img loading=\"lazy\" decoding=\"async\" class=\"size-full wp-image-3705460 skaties-content-image\" src=\"https:\/\/www.europesays.com\/lv\/wp-content\/uploads\/2025\/12\/808b-6948575de7fab.jpg\" alt=\"\" width=\"1920\" height=\"1080\"  \/><\/p>\n<p>                FOTO: EKR\u0100NTV\u0112RUMS<\/p>\n<p>Jau vair\u0101kus gadus labdar\u012bbas akcijai plecu pie pleca st\u0101v \u201cRimi\u201d, kas visos Latvijas veikalos izvieto ziedojumu kast\u012btes, dod iesp\u0113ju ziedot ar\u012b \u201cMans Rimi\u201d uzkr\u0101tos l\u012bdzek\u013cus un aicina pal\u012bdz\u0113t, ieg\u0101d\u0101joties \u012bpa\u0161as akcijas preces, no kuru ieg\u0101des da\u013ca summas tiek novirz\u012bta labdar\u012bbai.<\/p>\n<p>\u0160ogad \u201cRimi\u201d veikalos kop\u012bgiem sp\u0113kiem saziedoti vair\u0101k nek\u0101 135 664, 15 eiro. Ziedojumu kast\u012btes veikalos b\u016bs pieejamas v\u0113l l\u012bdz 31. janv\u0101rim, dodot iesp\u0113ju labest\u012bbai turpin\u0101ties.<\/p>\n<p>            <img loading=\"lazy\" decoding=\"async\" class=\"size-full wp-image-3705463 skaties-content-image\" src=\"https:\/\/www.europesays.com\/lv\/wp-content\/uploads\/2025\/12\/cc8b-6948586074155.jpg\" alt=\"\" width=\"1920\" height=\"1080\"  \/><\/p>\n<p>                FOTO: EKR\u0100NTV\u0112RUMS<\/p>\n<p>Ar 15 000 eiro ziedojumu akciju jau ceturto gadu atbalsta ar\u012b \u201cJYSK\u201d. Labdar\u012bbas st\u0101st\u0101 akt\u012bvi iesaist\u012bj\u0101s ar\u012b pirc\u0113ji \u2013 visos \u201cJYSK\u201d veikalos Latvij\u0101 izvietotaj\u0101s ziedojumu kast\u012bt\u0113s ziedojumus iesp\u0113jams veikt v\u0113l l\u012bdz 31. janv\u0101rim.<\/p>\n","protected":false},"excerpt":{"rendered":"\u201cE\u0146\u0123e\u013ci p\u0101r Latviju\u201d ir labdar\u012bbas akcija, ko jau 18. reizi \u012bsteno \u201cTV3 Group Latvija\u201d. T\u0101 turpina piepild\u012bt b\u0113rnu&hellip;\n","protected":false},"author":2,"featured_media":82285,"comment_status":"","ping_status":"","sticky":false,"template":"","format":"standard","meta":{"footnotes":""},"categories":[12],"tags":[23,20791,28,29,32,33,22,30,31,35,39,38,36,37,34,40,20,26,27,24,25,21],"class_list":{"0":"post-82284","1":"post","2":"type-post","3":"status-publish","4":"format-standard","5":"has-post-thumbnail","7":"category-latvija","8":"tag-aktualitates","9":"tag-bernu-slimnicas-fondsengeli-par-latviju","10":"tag-breaking-news","11":"tag-breakingnews","12":"tag-featured-news","13":"tag-featurednews","14":"tag-headlines","15":"tag-latest-news","16":"tag-latestnews","17":"tag-latvia","18":"tag-latvian","19":"tag-latviesu","20":"tag-latviesu-valoda","21":"tag-latviesuvaloda","22":"tag-latvija","23":"tag-lv","24":"tag-news","25":"tag-popularakas-zinas","26":"tag-popularakaszinas","27":"tag-top-stories","28":"tag-topstories","29":"tag-zinas"},"share_on_mastodon":{"url":"https:\/\/pubeurope.com\/@lv\/115759531024145810","error":""},"_links":{"self":[{"href":"https:\/\/www.europesays.com\/lv\/wp-json\/wp\/v2\/posts\/82284","targetHints":{"allow":["GET"]}}],"collection":[{"href":"https:\/\/www.europesays.com\/lv\/wp-json\/wp\/v2\/posts"}],"about":[{"href":"https:\/\/www.europesays.com\/lv\/wp-json\/wp\/v2\/types\/post"}],"author":[{"embeddable":true,"href":"https:\/\/www.europesays.com\/lv\/wp-json\/wp\/v2\/users\/2"}],"replies":[{"embeddable":true,"href":"https:\/\/www.europesays.com\/lv\/wp-json\/wp\/v2\/comments?post=82284"}],"version-history":[{"count":0,"href":"https:\/\/www.europesays.com\/lv\/wp-json\/wp\/v2\/posts\/82284\/revisions"}],"wp:featuredmedia":[{"embeddable":true,"href":"https:\/\/www.europesays.com\/lv\/wp-json\/wp\/v2\/media\/82285"}],"wp:attachment":[{"href":"https:\/\/www.europesays.com\/lv\/wp-json\/wp\/v2\/media?parent=82284"}],"wp:term":[{"taxonomy":"category","embeddable":true,"href":"https:\/\/www.europesays.com\/lv\/wp-json\/wp\/v2\/categories?post=82284"},{"taxonomy":"post_tag","embeddable":true,"href":"https:\/\/www.europesays.com\/lv\/wp-json\/wp\/v2\/tags?post=82284"}],"curies":[{"name":"wp","href":"https:\/\/api.w.org\/{rel}","templated":true}]}}