{"id":82312,"date":"2025-12-21T21:27:08","date_gmt":"2025-12-21T21:27:08","guid":{"rendered":"https:\/\/www.europesays.com\/lv\/82312\/"},"modified":"2025-12-21T21:27:08","modified_gmt":"2025-12-21T21:27:08","slug":"sanfrancisko-skarusi-plasi-elektroapgades-traucejumi","status":"publish","type":"post","link":"https:\/\/www.europesays.com\/lv\/82312\/","title":{"rendered":"Sanfrancisko sk\u0101ru\u0161i pla\u0161i elektroapg\u0101des trauc\u0113jumi"},"content":{"rendered":"<p>Sv\u0113tdienas r\u012bt\u0101, aptuveni 16 stundas p\u0113c probl\u0113mu s\u0101kuma, bez elektroapg\u0101des v\u0113l bija aptuveni 25 000 cilv\u0113ku, zi\u0146oja PG&amp;E. Kas izrais\u012bja pla\u0161os elektroapg\u0101des trauc\u0113jumus, v\u0113l nav zin\u0101ms.<\/p>\n<p>Elektroapg\u0101des trauc\u0113jumu d\u0113\u013c bija iev\u0113rojami trauc\u0113ts ar\u012b sabiedriskais transports. Vair\u0101k\u0101s dzelzce\u013ca l\u012bnij\u0101s nekurs\u0113ja vilcieni, un uz\u0146\u0113mums \u201cWaymo\u201d aptur\u0113ja savu robotak\u0161u pakalpojumu.<\/p>\n<p class=\"tv3-fw-500\">Zi\u0146o par k\u013c\u016bdu rakst\u0101<\/p>\n<p class=\"d-md-block d-none\">Iez\u012bm\u0113 k\u013c\u016bdaino tekstu un spied Ctrl+Enter.<\/p>\n<p class=\"d-md-none d-block\">Iez\u012bm\u0113 k\u013c\u016bdaino tekstu un zi\u0146o par to!<\/p>\n","protected":false},"excerpt":{"rendered":"Sv\u0113tdienas r\u012bt\u0101, aptuveni 16 stundas p\u0113c probl\u0113mu s\u0101kuma, bez elektroapg\u0101des v\u0113l bija aptuveni 25 000 cilv\u0113ku, zi\u0146oja PG&amp;E.&hellip;\n","protected":false},"author":2,"featured_media":82313,"comment_status":"","ping_status":"","sticky":false,"template":"","format":"standard","meta":{"footnotes":""},"categories":[19],"tags":[292,89,90,35,39,38,36,37,34,40],"class_list":{"0":"post-82312","1":"post","2":"type-post","3":"status-publish","4":"format-standard","5":"has-post-thumbnail","7":"category-izklaide","8":"tag-asv","9":"tag-entertainment","10":"tag-izklaide","11":"tag-latvia","12":"tag-latvian","13":"tag-latviesu","14":"tag-latviesu-valoda","15":"tag-latviesuvaloda","16":"tag-latvija","17":"tag-lv"},"share_on_mastodon":{"url":"https:\/\/pubeurope.com\/@lv\/115759680258684324","error":""},"_links":{"self":[{"href":"https:\/\/www.europesays.com\/lv\/wp-json\/wp\/v2\/posts\/82312","targetHints":{"allow":["GET"]}}],"collection":[{"href":"https:\/\/www.europesays.com\/lv\/wp-json\/wp\/v2\/posts"}],"about":[{"href":"https:\/\/www.europesays.com\/lv\/wp-json\/wp\/v2\/types\/post"}],"author":[{"embeddable":true,"href":"https:\/\/www.europesays.com\/lv\/wp-json\/wp\/v2\/users\/2"}],"replies":[{"embeddable":true,"href":"https:\/\/www.europesays.com\/lv\/wp-json\/wp\/v2\/comments?post=82312"}],"version-history":[{"count":0,"href":"https:\/\/www.europesays.com\/lv\/wp-json\/wp\/v2\/posts\/82312\/revisions"}],"wp:featuredmedia":[{"embeddable":true,"href":"https:\/\/www.europesays.com\/lv\/wp-json\/wp\/v2\/media\/82313"}],"wp:attachment":[{"href":"https:\/\/www.europesays.com\/lv\/wp-json\/wp\/v2\/media?parent=82312"}],"wp:term":[{"taxonomy":"category","embeddable":true,"href":"https:\/\/www.europesays.com\/lv\/wp-json\/wp\/v2\/categories?post=82312"},{"taxonomy":"post_tag","embeddable":true,"href":"https:\/\/www.europesays.com\/lv\/wp-json\/wp\/v2\/tags?post=82312"}],"curies":[{"name":"wp","href":"https:\/\/api.w.org\/{rel}","templated":true}]}}