{"id":82314,"date":"2025-12-21T21:39:09","date_gmt":"2025-12-21T21:39:09","guid":{"rendered":"https:\/\/www.europesays.com\/lv\/82314\/"},"modified":"2025-12-21T21:39:09","modified_gmt":"2025-12-21T21:39:09","slug":"miris-aktieris-dzeimss-rensons","status":"publish","type":"post","link":"https:\/\/www.europesays.com\/lv\/82314\/","title":{"rendered":"Miris aktieris D\u017eeimss Rensons"},"content":{"rendered":"<p>Ransons pla\u0161\u0101ku atpaz\u012bstam\u012bbu ieguva 2003. gad\u0101, atveidojot Zigiju Sobotku HBO seri\u0101la \u201cThe Wire\u201d otraj\u0101 sezon\u0101. Piecus gadus v\u0113l\u0101k vi\u0146\u0161 piedal\u012bj\u0101s miniseri\u0101l\u0101 \u201cGeneration Kill\u201d, kur\u0101 atveidoja re\u0101lu ASV j\u016bras k\u0101jnieku \u2013 kapr\u0101li D\u017eo\u0161u Reju Personu.\u00a0<br \/>&#13;<br \/>\nBaltimor\u0101 dzimu\u0161ais aktieris bija paz\u012bstams ar\u012b ar lom\u0101m \u0161ausmu film\u0101s \u201cSinister\u201d, \u201cSinister 2\u201d, \u201cIn a Valley of Violence\u201d, \u201cThe Black Phone\u201d un \u201cThe Black Phone 2\u201d, kas k\u013cuva par vi\u0146a p\u0113d\u0113jo projektu.<\/p>\n","protected":false},"excerpt":{"rendered":"Ransons pla\u0161\u0101ku atpaz\u012bstam\u012bbu ieguva 2003. gad\u0101, atveidojot Zigiju Sobotku HBO seri\u0101la \u201cThe Wire\u201d otraj\u0101 sezon\u0101. Piecus gadus v\u0113l\u0101k&hellip;\n","protected":false},"author":2,"featured_media":82315,"comment_status":"","ping_status":"","sticky":false,"template":"","format":"standard","meta":{"footnotes":""},"categories":[19],"tags":[89,90,35,39,38,36,37,34,40],"class_list":{"0":"post-82314","1":"post","2":"type-post","3":"status-publish","4":"format-standard","5":"has-post-thumbnail","7":"category-izklaide","8":"tag-entertainment","9":"tag-izklaide","10":"tag-latvia","11":"tag-latvian","12":"tag-latviesu","13":"tag-latviesu-valoda","14":"tag-latviesuvaloda","15":"tag-latvija","16":"tag-lv"},"share_on_mastodon":{"url":"https:\/\/pubeurope.com\/@lv\/115759727458005899","error":""},"_links":{"self":[{"href":"https:\/\/www.europesays.com\/lv\/wp-json\/wp\/v2\/posts\/82314","targetHints":{"allow":["GET"]}}],"collection":[{"href":"https:\/\/www.europesays.com\/lv\/wp-json\/wp\/v2\/posts"}],"about":[{"href":"https:\/\/www.europesays.com\/lv\/wp-json\/wp\/v2\/types\/post"}],"author":[{"embeddable":true,"href":"https:\/\/www.europesays.com\/lv\/wp-json\/wp\/v2\/users\/2"}],"replies":[{"embeddable":true,"href":"https:\/\/www.europesays.com\/lv\/wp-json\/wp\/v2\/comments?post=82314"}],"version-history":[{"count":0,"href":"https:\/\/www.europesays.com\/lv\/wp-json\/wp\/v2\/posts\/82314\/revisions"}],"wp:featuredmedia":[{"embeddable":true,"href":"https:\/\/www.europesays.com\/lv\/wp-json\/wp\/v2\/media\/82315"}],"wp:attachment":[{"href":"https:\/\/www.europesays.com\/lv\/wp-json\/wp\/v2\/media?parent=82314"}],"wp:term":[{"taxonomy":"category","embeddable":true,"href":"https:\/\/www.europesays.com\/lv\/wp-json\/wp\/v2\/categories?post=82314"},{"taxonomy":"post_tag","embeddable":true,"href":"https:\/\/www.europesays.com\/lv\/wp-json\/wp\/v2\/tags?post=82314"}],"curies":[{"name":"wp","href":"https:\/\/api.w.org\/{rel}","templated":true}]}}