{"id":82316,"date":"2025-12-21T21:44:21","date_gmt":"2025-12-21T21:44:21","guid":{"rendered":"https:\/\/www.europesays.com\/lv\/82316\/"},"modified":"2025-12-21T21:44:21","modified_gmt":"2025-12-21T21:44:21","slug":"sestdien-celu-satiksmes-negadijumos-gajusi-boja-divi-cilveki-3","status":"publish","type":"post","link":"https:\/\/www.europesays.com\/lv\/82316\/","title":{"rendered":"Sestdien ce\u013cu satiksmes negad\u012bjumos g\u0101ju\u0161i boj\u0101 divi cilv\u0113ki"},"content":{"rendered":"<p>Sestdien Latvij\u0101 ce\u013cu satiksmes negad\u012bjumos g\u0101ju\u0161i boj\u0101 divi cilv\u0113ki, a\u0123ent\u016bru LETA inform\u0113ja Valsts policijas Sabiedrisko attiec\u012bbu noda\u013c\u0101.<\/p>\n<p>Ap plkst. 12.20 Liep\u0101j\u0101, Klaip\u0113das iel\u0101, automa\u0161\u012bna &#8220;Renault&#8221; nobrauca no ce\u013ca braucam\u0101s da\u013cas un uzbrauca ce\u013ca no\u017eogojumam. Transportl\u012bdzek\u013ca vad\u012bt\u0101js notikuma viet\u0101 g\u0101ja boj\u0101. Valsts\u00a0policija\u00a0izmekl\u0113 negad\u012bjuma apst\u0101k\u013cus.<\/p>\n<p>Savuk\u0101rt ap plkst. 18.10 citviet Kurzem\u0113, Kuld\u012bgas novada Kurm\u0101les pagast\u0101, automa\u0161\u012bnas &#8220;BMW&#8221; vad\u012bt\u0101js uzbrauca g\u0101j\u0113jam, kur\u0161, p\u0113c policijas r\u012bc\u012bb\u0101 eso\u0161\u0101s s\u0101kotn\u0113j\u0101s inform\u0101cijas, atrad\u0101s uz ce\u013ca braucam\u0101s da\u013cas bez gaismu atstarojo\u0161iem elementiem. Negad\u012bjum\u0101 g\u0101j\u0113js zaud\u0113ja dz\u012bv\u012bbu.\u00a0Policija\u00a0izmekl\u0113 notiku\u0161\u0101 apst\u0101k\u013cus.<\/p>\n<p>Stingri aizliegts iAuto.lv public\u0113tos materi\u0101lus izmantot, kop\u0113t vai reproduc\u0113t citos interneta port\u0101los, masu inform\u0101cijas l\u012bdzek\u013cos vai k\u0101 cit\u0101di r\u012bkoties ar iAuto.lv public\u0113tajiem materi\u0101liem bez rakstiskas EON SIA at\u013caujas sa\u0146em\u0161anas.<\/p>\n","protected":false},"excerpt":{"rendered":"Sestdien Latvij\u0101 ce\u013cu satiksmes negad\u012bjumos g\u0101ju\u0161i boj\u0101 divi cilv\u0113ki, a\u0123ent\u016bru LETA inform\u0113ja Valsts policijas Sabiedrisko attiec\u012bbu noda\u013c\u0101. Ap&hellip;\n","protected":false},"author":2,"featured_media":82317,"comment_status":"","ping_status":"","sticky":false,"template":"","format":"standard","meta":{"footnotes":""},"categories":[5],"tags":[23,28,29,32,33,22,30,31,35,39,38,36,37,34,40,20,26,27,20799,24,25,21],"class_list":{"0":"post-82316","1":"post","2":"type-post","3":"status-publish","4":"format-standard","5":"has-post-thumbnail","7":"category-aktualitates","8":"tag-aktualitates","9":"tag-breaking-news","10":"tag-breakingnews","11":"tag-featured-news","12":"tag-featurednews","13":"tag-headlines","14":"tag-latest-news","15":"tag-latestnews","16":"tag-latvia","17":"tag-latvian","18":"tag-latviesu","19":"tag-latviesu-valoda","20":"tag-latviesuvaloda","21":"tag-latvija","22":"tag-lv","23":"tag-news","24":"tag-popularakas-zinas","25":"tag-popularakaszinas","26":"tag-sestdien-celu-satiksmes-negadijumos-gajusi-boja-divi-cilveki","27":"tag-top-stories","28":"tag-topstories","29":"tag-zinas"},"share_on_mastodon":{"url":"https:\/\/pubeurope.com\/@lv\/115759747079692419","error":""},"_links":{"self":[{"href":"https:\/\/www.europesays.com\/lv\/wp-json\/wp\/v2\/posts\/82316","targetHints":{"allow":["GET"]}}],"collection":[{"href":"https:\/\/www.europesays.com\/lv\/wp-json\/wp\/v2\/posts"}],"about":[{"href":"https:\/\/www.europesays.com\/lv\/wp-json\/wp\/v2\/types\/post"}],"author":[{"embeddable":true,"href":"https:\/\/www.europesays.com\/lv\/wp-json\/wp\/v2\/users\/2"}],"replies":[{"embeddable":true,"href":"https:\/\/www.europesays.com\/lv\/wp-json\/wp\/v2\/comments?post=82316"}],"version-history":[{"count":0,"href":"https:\/\/www.europesays.com\/lv\/wp-json\/wp\/v2\/posts\/82316\/revisions"}],"wp:featuredmedia":[{"embeddable":true,"href":"https:\/\/www.europesays.com\/lv\/wp-json\/wp\/v2\/media\/82317"}],"wp:attachment":[{"href":"https:\/\/www.europesays.com\/lv\/wp-json\/wp\/v2\/media?parent=82316"}],"wp:term":[{"taxonomy":"category","embeddable":true,"href":"https:\/\/www.europesays.com\/lv\/wp-json\/wp\/v2\/categories?post=82316"},{"taxonomy":"post_tag","embeddable":true,"href":"https:\/\/www.europesays.com\/lv\/wp-json\/wp\/v2\/tags?post=82316"}],"curies":[{"name":"wp","href":"https:\/\/api.w.org\/{rel}","templated":true}]}}