{"id":82318,"date":"2025-12-21T21:53:07","date_gmt":"2025-12-21T21:53:07","guid":{"rendered":"https:\/\/www.europesays.com\/lv\/82318\/"},"modified":"2025-12-21T21:53:07","modified_gmt":"2025-12-21T21:53:07","slug":"apsudzibas-par-mikroshemu-nonaksanu-krievijas-dronos-un-raketes-lente-lv","status":"publish","type":"post","link":"https:\/\/www.europesays.com\/lv\/82318\/","title":{"rendered":"aps\u016bdz\u012bbas par mikrosh\u0113mu non\u0101k\u0161anu Krievijas dronos un ra\u0137et\u0113s\u00a0\u2014\u00a0Lente.lv"},"content":{"rendered":"<p>Desmitiem ukrai\u0146u iesniedz pr\u0101v\u012bbas pret tehnolo\u0123iju gigantiem<\/p>\n<p>ASV ties\u0101 ierosin\u0101tas vair\u0101kas tiesas pr\u0101vas pret pasaules vado\u0161ajiem mikrosh\u0113mu ra\u017eot\u0101jiem \u2013 Intel, AMD un Texas Instruments. Pr\u0101v\u012bbas, kas iesniegtas desmitiem Ukrainas civiliedz\u012bvot\u0101ju v\u0101rd\u0101, aps\u016bdz uz\u0146\u0113mumus par pas\u012bvu l\u012bdzdal\u012bbu vi\u0146u produkcijas non\u0101k\u0161an\u0101 Krievijas milit\u0101raj\u0101 apr\u012bkojum\u0101, tostarp bezpilota lidapar\u0101tos (dronos) un ra\u0137et\u0113s, kas tiek izmantotas pret Ukrainu.<\/p>\n<p>K\u0101 zi\u0146o izdevums Bloomberg, kopum\u0101 iesniegtas piecas atsevi\u0161\u0137as pras\u012bbas. T\u0101s izvirz\u012bjis advok\u0101ts Mikals Votss kop\u0101 ar ietekm\u012bgo juridisko firmu Baker &amp; Hostetler. Aps\u016bdz\u012bbas v\u0113rstas pret mikrosh\u0113mu ra\u017eot\u0101jiem un citiem uz\u0146\u0113mumiem par \u201capzin\u0101tu nezin\u0101\u0161anu\u201d attiec\u012bb\u0101 uz vi\u0146u komponentu novirz\u012b\u0161anu uz Krieviju, kur tos izmanto, lai komplekt\u0113tu iero\u010dus, kas izn\u012bcina Ukrainas pils\u0113tas un nogalina civiliedz\u012bvot\u0101jus.<\/p>\n<p>Aps\u016bdz\u012bbas par \u201cn\u0101ves tirgo\u0161anu\u201d un sankciju apie\u0161anu<\/p>\n<p>Tre\u0161dien Mikals Votss publiski nosaucis ASV tehnolo\u0123iju uz\u0146\u0113mumus par \u201cn\u0101ves tirgo\u0146iem\u201d, kuri padara par farsu ASV noteikto sankciju likumus. Pras\u012bb\u0101s ir min\u0113ti pieci Krievijas uzbrukumi, kas notiku\u0161i laik\u0101 no 2023. l\u012bdz 2025. gadam un kuru rezult\u0101t\u0101 g\u0101ju\u0161i boj\u0101 desmitiem cilv\u0113ku.<\/p>\n<blockquote>\n<p>Pras\u012bt\u0101ji apgalvo, ka uz\u0146\u0113mumi esot \u201c\u013c\u0101vu\u0161i pretlikum\u012bgu pusvad\u012bt\u0101ju komponentu p\u0101rvirz\u012b\u0161anu, ko veic atbild\u0113t\u0101ji, tai skait\u0101, iesp\u0113jams, tre\u0161\u0101s puses, uz Krieviju un Ir\u0101nu, k\u0101 ar\u012b to izmanto\u0161anu pret civiliedz\u012bvot\u0101jiem v\u0113rst\u0101s prec\u012bz\u0101s mun\u012bcij\u0101 un bezpilota lidapar\u0101tos.\u201d<\/p>\n<\/blockquote>\n<p>Vien\u0101 no gad\u012bjumiem tika konstat\u0113ts, ka triecienbumbved\u0113ju \u201c\u0160ahed\u201d (Shahed) dronos atrasti komponenti, kas saist\u012bti ar Intel un AMD tehnolo\u0123ij\u0101m. Citi gad\u012bjumi attiecas uz Krievijas ra\u017eotaj\u0101m sp\u0101rnotaj\u0101m ra\u0137et\u0113m H-101 un ballistiskaj\u0101m ra\u0137et\u0113m \u201cIskander\u201d.<\/p>\n<p>\u201cIek\u0161\u0113ja korporat\u012bv\u0101 nolaid\u012bba\u201d<\/p>\n<p>Da\u017e\u0101s no iesniegtaj\u0101m pr\u0101v\u0101m uz\u0146\u0113mumi tiek aps\u016bdz\u0113ti par \u201ciek\u0161\u0113ju korporat\u012bvu nolaid\u012bbu\u201d. \u0160\u012b nolaid\u012bba, p\u0113c pras\u012bt\u0101ju dom\u0101m, izriet no iesp\u0113jamiem tr\u016bkumiem vi\u0146u pa\u0161u eksporta kontroles un novirz\u012b\u0161anas nov\u0113r\u0161anas sist\u0113m\u0101s. Uz\u0146\u0113mumi, iesp\u0113jams, nav pien\u0101c\u012bgi uzraudz\u012bju\u0161i savu produktu ce\u013cu.<\/p>\n<p>Dustins Dows no Baker &amp; Hostetler juristu komandas uzsv\u0113ra: \u201c\u0160ie atbild\u0113t\u0101ji zin\u0101ja par \u0161o p\u0101rvirz\u012b\u0161anu, ta\u010du neko nedar\u012bja, lai to aptur\u0113tu. T\u0101 ir apzin\u0101ta ignor\u0113\u0161ana.\u201d<\/p>\n<p>Roberts D\u017eulians, cits \u0161\u012bs firmas jurists, piesaucot iev\u0113rojamu finan\u0161u skand\u0101lu, teicis: \u201cM\u016bsu firma uzskata \u0161o lietu par tikpat noz\u012bm\u012bgu un svar\u012bgu, k\u0101 atg\u016btie l\u012bdzek\u013ci, ko m\u0113s pan\u0101c\u0101m Madoffa investoru lab\u0101.\u201d<\/p>\n<p>Atbildes no tehnolo\u0123iju gigantiem<\/p>\n<p>Rea\u0123\u0113jot uz \u0161\u012bm aps\u016bdz\u012bb\u0101m, uz\u0146\u0113mumi sniegu\u0161i ofici\u0101lus pazi\u0146ojumus, uzsverot savu atbilst\u012bbu starptautiskajiem noteikumiem. Intel p\u0101rst\u0101vis nor\u0101d\u012bja, ka uz\u0146\u0113mums neuztur nek\u0101das biznesa attiec\u012bbas Krievij\u0101. P\u0113c kara s\u0101kuma Intel nekav\u0113joties aptur\u0113ja visas pieg\u0101des klientiem gan Krievij\u0101, gan Baltkrievij\u0101.<\/p>\n<p>\u201cIntel str\u0101d\u0101 stingr\u0101 saska\u0146\u0101 ar eksporta likumiem, sankcij\u0101m un noteikumiem gan ASV, gan katr\u0101 tirg\u016b, kur m\u0113s darbojamies,\u201d teikts uz\u0146\u0113muma pazi\u0146ojum\u0101. \u201cM\u0113s piepras\u0101m m\u016bsu pieg\u0101d\u0101t\u0101jiem, klientiem un izplat\u012bt\u0101jiem iev\u0113rot \u0161os pa\u0161us standartus.\u201d<\/p>\n<p>Tikm\u0113r pag\u0101ju\u0161aj\u0101 gad\u0101 ASV Kongres\u0101 sniegtaj\u0101s liec\u012bb\u0101s Texas Instruments galven\u0101 juridisk\u0101 padomnieka pal\u012bdze \u0160enona Tompsone pauda, ka uz\u0146\u0113mums \u201cstingri iebilst pret m\u016bsu mikrosh\u0113mu izmanto\u0161anu Krievijas milit\u0101raj\u0101 tehnik\u0101\u201d. Vi\u0146a ar\u012b uzsv\u0113ra, ka jebk\u0101das pieg\u0101des \u0161\u0101dam nol\u016bkam ir nelikum\u012bgas un nesankcion\u0113tas.<\/p>\n","protected":false},"excerpt":{"rendered":"Desmitiem ukrai\u0146u iesniedz pr\u0101v\u012bbas pret tehnolo\u0123iju gigantiem ASV ties\u0101 ierosin\u0101tas vair\u0101kas tiesas pr\u0101vas pret pasaules vado\u0161ajiem mikrosh\u0113mu ra\u017eot\u0101jiem&hellip;\n","protected":false},"author":2,"featured_media":82319,"comment_status":"","ping_status":"","sticky":false,"template":"","format":"standard","meta":{"footnotes":""},"categories":[16],"tags":[5089,77,76,196,20800,35,39,38,36,37,34,40,20801,5889],"class_list":{"0":"post-82318","1":"post","2":"type-post","3":"status-publish","4":"format-standard","5":"has-post-thumbnail","7":"category-bizness","8":"tag-amd","9":"tag-bizness","10":"tag-business","11":"tag-intel","12":"tag-krievijas-ieroci","13":"tag-latvia","14":"tag-latvian","15":"tag-latviesu","16":"tag-latviesu-valoda","17":"tag-latviesuvaloda","18":"tag-latvija","19":"tag-lv","20":"tag-mikroshemu-eksports","21":"tag-tiesas-prava"},"share_on_mastodon":{"url":"https:\/\/pubeurope.com\/@lv\/115759782531948881","error":""},"_links":{"self":[{"href":"https:\/\/www.europesays.com\/lv\/wp-json\/wp\/v2\/posts\/82318","targetHints":{"allow":["GET"]}}],"collection":[{"href":"https:\/\/www.europesays.com\/lv\/wp-json\/wp\/v2\/posts"}],"about":[{"href":"https:\/\/www.europesays.com\/lv\/wp-json\/wp\/v2\/types\/post"}],"author":[{"embeddable":true,"href":"https:\/\/www.europesays.com\/lv\/wp-json\/wp\/v2\/users\/2"}],"replies":[{"embeddable":true,"href":"https:\/\/www.europesays.com\/lv\/wp-json\/wp\/v2\/comments?post=82318"}],"version-history":[{"count":0,"href":"https:\/\/www.europesays.com\/lv\/wp-json\/wp\/v2\/posts\/82318\/revisions"}],"wp:featuredmedia":[{"embeddable":true,"href":"https:\/\/www.europesays.com\/lv\/wp-json\/wp\/v2\/media\/82319"}],"wp:attachment":[{"href":"https:\/\/www.europesays.com\/lv\/wp-json\/wp\/v2\/media?parent=82318"}],"wp:term":[{"taxonomy":"category","embeddable":true,"href":"https:\/\/www.europesays.com\/lv\/wp-json\/wp\/v2\/categories?post=82318"},{"taxonomy":"post_tag","embeddable":true,"href":"https:\/\/www.europesays.com\/lv\/wp-json\/wp\/v2\/tags?post=82318"}],"curies":[{"name":"wp","href":"https:\/\/api.w.org\/{rel}","templated":true}]}}