{"id":82322,"date":"2025-12-21T21:59:07","date_gmt":"2025-12-21T21:59:07","guid":{"rendered":"https:\/\/www.europesays.com\/lv\/82322\/"},"modified":"2025-12-21T21:59:07","modified_gmt":"2025-12-21T21:59:07","slug":"beigas-pazinots-par-letas-elektronikas-laikmeta-krahu-tagad-tehnika-klus-ieverojami-dargaka","status":"publish","type":"post","link":"https:\/\/www.europesays.com\/lv\/82322\/","title":{"rendered":"Beigas? Pazi\u0146ots par l\u0113tas elektronikas laikmeta krahu \u2014 tagad tehnika k\u013c\u016bs iev\u0113rojami d\u0101rg\u0101ka"},"content":{"rendered":"<p>L\u0113tas elektronikas laikmets tuvojas beig\u0101m. Tuv\u0101kaj\u0101 n\u0101kotn\u0113 viedt\u0101lru\u0146i un datori tikai k\u013c\u016bs d\u0101rg\u0101ki saist\u012bb\u0101 ar komponentu cenu pieaugumu pasaules tirgos, pazi\u0146oja Mobile Research Group vado\u0161ais anal\u012bti\u0137is Eldars Murtazins.<\/p>\n<p>Vi\u0146apr\u0101t, kl\u0113pjdatoru cenas Krievijas mazumtirdzniec\u012bb\u0101 jau ir pieaugu\u0161as aptuveni par 10 procentiem, un p\u0113c Jaun\u0101 gada t\u0101s v\u0113l strauj\u0101k palielin\u0101sies. Galven\u0101 sast\u0101vda\u013ca, kuras cenu pieauguma d\u0113\u013c tehnika k\u013c\u016bst d\u0101rg\u0101ka, ir operat\u012bv\u0101 atmi\u0146a. P\u0113d\u0113jo m\u0113ne\u0161u laik\u0101 piepras\u012bjums p\u0113c \u0161\u012bs deta\u013cas ir b\u016btiski palielin\u0101jies lielo IT komp\u0101niju d\u0113\u013c, kas akt\u012bvi iep\u0113rk \u0161\u012bs deta\u013cas, lai palielin\u0101tu savu datu centru jaudu, kas str\u0101d\u0101 m\u0101ksl\u012bg\u0101 intelekta apm\u0101c\u012bbai.<\/p>\n<p>Rezult\u0101t\u0101 \u00aboperat\u012bv\u0101 atmi\u0146a\u00bb s\u0101ka k\u013c\u016bt d\u0101rg\u0101ka. \u0160\u012b pasaules m\u0113roga tendence izrais\u012bja ar\u012b citas izmai\u0146as tirg\u016b: d\u0101rg\u0101kas k\u013cuva videokartes, SSD un cietie diski. T\u0101p\u0113c pieauga visas elektronikas ier\u012b\u010du cena kopum\u0101, jo t\u0101s sast\u0101v no \u0161\u012bm deta\u013c\u0101m.<\/p>\n<p>\u00abJa run\u0101jam par bud\u017eeta klases kl\u0113pjdatoriem, kas maks\u0101ja apm\u0113ram 200 eiro \u2014 tagad to cena pac\u0113lusies l\u012bdz 270\u2013280 eiro. Tie turpin\u0101s d\u0101rgot gan l\u012bdz Jaunajam gadam, gan p\u0113c Jaun\u0101 gada \u2014 cena sasniegs jau 300 eiro un vair\u0101k\u00bb, \u2014 nor\u0101d\u012bja speci\u0101lists, piebilstot, ka \u0161odien cen\u0101s pieaug viss, kas saist\u012bts ar operat\u012bvo atmi\u0146u.<\/p>\n<p>Viss tas \u013cauj izteikt nel\u0101gu prognozi \u2014 neviens tehnikas tirgus segments nesp\u0113s izvair\u012bties no sad\u0101rdzin\u0101\u0161an\u0101s, sac\u012bja Murtazins. Cenu pieaugums skars gan komponentus, piem\u0113ram, videokartes, gan viedt\u0101lru\u0146us un citas ier\u012bces, vi\u0146\u0161 piebilda.<\/p>\n<p>Iepriek\u0161 Windows Central speci\u0101listi zi\u0146oja, ka, lai ietaup\u012btu uz datora salik\u0161anas izmaks\u0101m, vajadz\u0113tu atteikties no liek\u0101m funkcij\u0101m. Lai nep\u0101rmaks\u0101tu, lietot\u0101jiem ieteica atteikties no DDR5 operat\u012bv\u0101s atmi\u0146as pirk\u0161anas ar nevajadz\u012bg\u0101m un liek\u0101m funkcij\u0101m \u2014 piem\u0113ram, RGB apgaismojumu vai stil\u012bgiem dzes\u0113\u0161anas radiatoriem.<\/p>\n<p>\n                            Valodas k\u013c\u016bda rakst\u0101?<br \/>Iez\u012bm\u0113jiet tekstu un spiediet Zi\u0146ot par k\u013c\u016bdu pogas   , lai nos\u016bt\u012btu labojamo teksta fragmentu redaktoram!<\/p>\n<p>                                Zi\u0146ot par k\u013c\u016bdu<\/p>\n","protected":false},"excerpt":{"rendered":"L\u0113tas elektronikas laikmets tuvojas beig\u0101m. Tuv\u0101kaj\u0101 n\u0101kotn\u0113 viedt\u0101lru\u0146i un datori tikai k\u013c\u016bs d\u0101rg\u0101ki saist\u012bb\u0101 ar komponentu cenu pieaugumu&hellip;\n","protected":false},"author":2,"featured_media":82323,"comment_status":"","ping_status":"","sticky":false,"template":"","format":"standard","meta":{"footnotes":""},"categories":[16],"tags":[77,76,35,39,38,36,37,34,40],"class_list":{"0":"post-82322","1":"post","2":"type-post","3":"status-publish","4":"format-standard","5":"has-post-thumbnail","7":"category-bizness","8":"tag-bizness","9":"tag-business","10":"tag-latvia","11":"tag-latvian","12":"tag-latviesu","13":"tag-latviesu-valoda","14":"tag-latviesuvaloda","15":"tag-latvija","16":"tag-lv"},"share_on_mastodon":{"url":"https:\/\/pubeurope.com\/@lv\/115759806463512418","error":""},"_links":{"self":[{"href":"https:\/\/www.europesays.com\/lv\/wp-json\/wp\/v2\/posts\/82322","targetHints":{"allow":["GET"]}}],"collection":[{"href":"https:\/\/www.europesays.com\/lv\/wp-json\/wp\/v2\/posts"}],"about":[{"href":"https:\/\/www.europesays.com\/lv\/wp-json\/wp\/v2\/types\/post"}],"author":[{"embeddable":true,"href":"https:\/\/www.europesays.com\/lv\/wp-json\/wp\/v2\/users\/2"}],"replies":[{"embeddable":true,"href":"https:\/\/www.europesays.com\/lv\/wp-json\/wp\/v2\/comments?post=82322"}],"version-history":[{"count":0,"href":"https:\/\/www.europesays.com\/lv\/wp-json\/wp\/v2\/posts\/82322\/revisions"}],"wp:featuredmedia":[{"embeddable":true,"href":"https:\/\/www.europesays.com\/lv\/wp-json\/wp\/v2\/media\/82323"}],"wp:attachment":[{"href":"https:\/\/www.europesays.com\/lv\/wp-json\/wp\/v2\/media?parent=82322"}],"wp:term":[{"taxonomy":"category","embeddable":true,"href":"https:\/\/www.europesays.com\/lv\/wp-json\/wp\/v2\/categories?post=82322"},{"taxonomy":"post_tag","embeddable":true,"href":"https:\/\/www.europesays.com\/lv\/wp-json\/wp\/v2\/tags?post=82322"}],"curies":[{"name":"wp","href":"https:\/\/api.w.org\/{rel}","templated":true}]}}